{"id":495139,"date":"2025-10-28T09:41:14","date_gmt":"2025-10-28T09:41:14","guid":{"rendered":"https:\/\/www.europesays.com\/fr\/495139\/"},"modified":"2025-10-28T09:41:14","modified_gmt":"2025-10-28T09:41:14","slug":"ces-deux-enseignes-fetent-leur-belle-longevite-avec-des-animations-a-nantes","status":"publish","type":"post","link":"https:\/\/www.europesays.com\/fr\/495139\/","title":{"rendered":"Ces deux enseignes f\u00eatent leur belle long\u00e9vit\u00e9 avec des animations \u00e0 Nantes"},"content":{"rendered":"<p>Le Studio 54\u00a0f\u00eate ses 25\u00a0ans<\/p>\n<p><a href=\"https:\/\/www.studio54shop.com\/\" target=\"_blank\" rel=\"nofollow noopener\">Depuis 2000, le Studio 54<\/a>\u00a0s\u2019est impos\u00e9 comme une v\u00e9ritable institution \u00e0 Nantes dans\u00a0l\u2019univers du tatouage, piercing et bijouterie. Plus qu\u2019un lieu, c\u2019est une adresse embl\u00e9matique o\u00f9 se croisent cr\u00e9ativit\u00e9, savoir-faire et passion.<\/p>\n<p>En 2025, l\u2019enseigne franchit un cap symbolique\u00a0: 25\u00a0ans d\u2019existence, et entend c\u00e9l\u00e9brer cet anniversaire avec \u00e9clat. \u00a0Avec un retour aux ann\u00e9es paillettes et boule \u00e0 facettes, fid\u00e8le \u00e0 l\u2019esprit festif et iconique que le nom Studio 54\u00a0\u00e9voque et le slogan\u00a0: les boules, on a 25\u00a0ans, cet anniversaire, distill\u00e9 sur trois mois sera synonyme d\u2019animations, de jeux et de cadeaux\u00a0!\u00a0, pr\u00e9cise l\u2019enseigne.<\/p>\n<blockquote class=\"instagram-media\" data-instgrm-captioned=\"\" data-instgrm-permalink=\"https:\/\/www.instagram.com\/reel\/DPBfLg0iGkY\/?utm_source=ig_embed&amp;utm_campaign=loading\" data-instgrm-version=\"14\" style=\" background:#FFF; border:0; border-radius:3px; box-shadow:0 0 1px 0 rgba(0,0,0,0.5),0 1px 10px 0 rgba(0,0,0,0.15); margin: 1px; max-width:540px; min-width:326px; padding:0; width:99.375%; width:-webkit-calc(100% - 2px); width:calc(100% - 2px);\" wp_automatic_readability=\"-0.22340425531915\"\/>\n<p>Les 120\u00a0ans de la grande pharmacie de Paris<\/p>\n<p>Tout commence en 1905 lorsque Maurice Berger, pharmacien visionnaire form\u00e9 \u00e0 Paris, fonde la Grande Pharmacie de Paris \u00e0 l\u2019angle de la rue d\u2019Orl\u00e9ans. \u00c0 l\u2019\u00e9poque, il r\u00e9volutionne le concept d\u2019officine en y associant plusieurs disciplines\u00a0: pharmacie, optique, orthop\u00e9die, herboristerie et parfumerie.<\/p>\n<p>\u00c0 l\u2019occasion des 120\u00a0ans <a href=\"https:\/\/grande-pharmacie-paris-nantes.pharmabest.com\/\" target=\"_blank\" rel=\"nofollow noopener\">de la pharmacie de Paris<\/a>, une exposition retra\u00e7ant l\u2019histoire de l\u2019officine et son \u00e9volution \u00e0 travers le temps sera pr\u00e9sent\u00e9e tout au long du mois de novembre, au 2e \u00e9tage de la pharmacie place Royale. \u00a0Cette initiative met en avant le patrimoine du centre-ville et l\u2019ancrage historique de l\u2019activit\u00e9 pharmaceutique \u00e0 Nantes, dans un esprit purement culturel et local\u00a0, pr\u00e9cise la pharmacie.\u00a0L\u2019exposition revient sur les archives in\u00e9dites de l\u2019\u00e9tablissement\u00a0: catalogues de vente de 1913, ordonnancier de 1946, publicit\u00e9s d\u2019\u00e9poque et photographies historiques illustrent un si\u00e8cle de pratiques pharmaceutiques et commerciales.<\/p>\n<p>\u00a0<\/p>\n<p>\t\t<script async src=\"\/\/www.instagram.com\/embed.js\"><\/script><\/p>\n","protected":false},"excerpt":{"rendered":"Le Studio 54\u00a0f\u00eate ses 25\u00a0ans Depuis 2000, le Studio 54\u00a0s\u2019est impos\u00e9 comme une v\u00e9ritable institution \u00e0 Nantes dans\u00a0l\u2019univers&hellip;\n","protected":false},"author":2,"featured_media":495140,"comment_status":"","ping_status":"","sticky":false,"template":"","format":"standard","meta":{"footnotes":""},"categories":[2818],"tags":[1111,11,1063,6041,705,1777,674,61778,1011,27,8192,766,12,2636,25],"class_list":{"0":"post-495139","1":"post","2":"type-post","3":"status-publish","4":"format-standard","5":"has-post-thumbnail","7":"category-nantes","8":"tag-actu","9":"tag-actualites","10":"tag-animations","11":"tag-belle","12":"tag-enseignes","13":"tag-eu","14":"tag-europe","15":"tag-fetent","16":"tag-fr","17":"tag-france","18":"tag-longevite","19":"tag-nantes","20":"tag-news","21":"tag-pays-de-la-loire","22":"tag-republique-francaise"},"share_on_mastodon":{"url":"https:\/\/pubeurope.com\/@fr\/115451139479326940","error":""},"_links":{"self":[{"href":"https:\/\/www.europesays.com\/fr\/wp-json\/wp\/v2\/posts\/495139","targetHints":{"allow":["GET"]}}],"collection":[{"href":"https:\/\/www.europesays.com\/fr\/wp-json\/wp\/v2\/posts"}],"about":[{"href":"https:\/\/www.europesays.com\/fr\/wp-json\/wp\/v2\/types\/post"}],"author":[{"embeddable":true,"href":"https:\/\/www.europesays.com\/fr\/wp-json\/wp\/v2\/users\/2"}],"replies":[{"embeddable":true,"href":"https:\/\/www.europesays.com\/fr\/wp-json\/wp\/v2\/comments?post=495139"}],"version-history":[{"count":0,"href":"https:\/\/www.europesays.com\/fr\/wp-json\/wp\/v2\/posts\/495139\/revisions"}],"wp:featuredmedia":[{"embeddable":true,"href":"https:\/\/www.europesays.com\/fr\/wp-json\/wp\/v2\/media\/495140"}],"wp:attachment":[{"href":"https:\/\/www.europesays.com\/fr\/wp-json\/wp\/v2\/media?parent=495139"}],"wp:term":[{"taxonomy":"category","embeddable":true,"href":"https:\/\/www.europesays.com\/fr\/wp-json\/wp\/v2\/categories?post=495139"},{"taxonomy":"post_tag","embeddable":true,"href":"https:\/\/www.europesays.com\/fr\/wp-json\/wp\/v2\/tags?post=495139"}],"curies":[{"name":"wp","href":"https:\/\/api.w.org\/{rel}","templated":true}]}}