{"id":495157,"date":"2025-10-28T09:56:15","date_gmt":"2025-10-28T09:56:15","guid":{"rendered":"https:\/\/www.europesays.com\/fr\/495157\/"},"modified":"2025-10-28T09:56:15","modified_gmt":"2025-10-28T09:56:15","slug":"tcl-a-lyon-la-nouvelle-ligne-de-bateau-coupee-depuis-ce-matin-voici-pourquoi","status":"publish","type":"post","link":"https:\/\/www.europesays.com\/fr\/495157\/","title":{"rendered":"TCL \u00e0 Lyon. La nouvelle ligne de bateau coup\u00e9e depuis ce matin, voici pourquoi"},"content":{"rendered":"<p>            Par<br \/>\n        <strong><br \/>\n            <a href=\"https:\/\/actu.fr\/auteur\/julien-damboise\" title=\"Consulter tous les articles de Julien Damboise\" rel=\"nofollow noopener\" target=\"_blank\">Julien Damboise<\/a><br \/>\n        <\/strong><\/p>\n<p>        Publi\u00e9 le<\/p>\n<p>            28 oct. 2025 \u00e0 9h56<br \/>\n        ; mis \u00e0 jour le 28 oct. 2025 \u00e0 10h34    <\/p>\n<p>Ce mardi 28 octobre 2025, la ligne de la<strong> navette fluviale NAVI1<\/strong>, qui vogue depuis quelques mois sur la Sa\u00f4ne, est totalement coup\u00e9e \u00e0 <a href=\"https:\/\/actu.fr\/lyon\/\" rel=\"nofollow noopener\" target=\"_blank\">Lyon<\/a>. En cause, <strong>un ph\u00e9nom\u00e8ne naturel<\/strong> qui emp\u00eache la ligne du r\u00e9seau <a href=\"https:\/\/actu.fr\/tag\/transports-en-commun-lyonnais-tcl\" rel=\"nofollow noopener\" target=\"_blank\">TCL<\/a> d\u2019\u00eatre op\u00e9rationnelle. Une reprise de la circulation est esp\u00e9r\u00e9e, pour le moment, au milieu de la matin\u00e9e.<\/p>\n<p>La rivi\u00e8re en crue<\/p>\n<p class=\" wall-content\">Selon TCL, la\u00a0ligne qui dessert quatre arr\u00eats Vaise-Industrie, Saint-Vincent, Terrasses Presqu\u2019\u00eele et Confluence, est coup\u00e9e dans son ensemble depuis le d\u00e9but du service.<\/p>\n<p class=\" wall-content\">En cause, <strong>une crue de la Sa\u00f4ne<\/strong> qui rend impossible une navigation en toute s\u00e9curit\u00e9.<\/p>\n<p class=\" wall-content\">D\u2019apr\u00e8s Vigicrues, le niveau de la rivi\u00e8re est de plus de 2,5 m sous le pont la Feuill\u00e9e vers Saint-Paul.<\/p>\n<p>Pas de reprise avant 11 h<\/p>\n<p class=\" wall-content\">Pour le moment, les navettes sont interrompues \u00ab\u00a0jusqu\u2019\u00e0 ce que les conditions de navigation permettent une reprise d\u2019exploitation en toute s\u00e9curit\u00e9\u00a0\u00bb, explique TCL.<\/p>\n<p class=\" wall-content\">Sauf hausse de la Sa\u00f4ne,<strong> le service reprendra<\/strong> \u00e0 11 h depuis Vaise Industrie et \u00e0 11 h depuis Confluence. Mais d\u00e9j\u00e0, \u00ab\u00a0les pr\u00e9visions hydrologiques laissent entrevoir une nouvelle mont\u00e9e dans les prochaines heures\u00a0\u00bb, explique le service de transport.<\/p>\n<p class=\" wall-content\">Ce n\u2019est pas la premi\u00e8re fois que la navette fluviale NAVI1 est <a href=\"https:\/\/actu.fr\/auvergne-rhone-alpes\/lyon_69123\/tcl-a-lyon-la-nouvelle-ligne-de-bateau-coupee-en-urgence-voici-pourquoi_62879449.html\" rel=\"nofollow noopener\" target=\"_blank\">coup\u00e9e en urgence<\/a>. En juillet, c\u2019est la panne d\u2019un des deux bateaux qui composent la flotte qui avait contraint TCL \u00e0 couper le service.<\/p>\n<p class=\" wall-content\">Personnalisez votre actualit\u00e9 en ajoutant vos villes et m\u00e9dias en favori avec <a href=\"https:\/\/moncompte.actu.fr\" title=\"D\u00e9couvez Mon Actu\" rel=\"nofollow noopener\" data-trk=\"{&quot;cta&quot;:{&quot;action&quot;:&quot;https:\\\/\\\/moncompte.actu.fr&quot;,&quot;category&quot;:&quot;mon compte&quot;,&quot;from&quot;:&quot;article footer&quot;,&quot;name&quot;:&quot;Mon actu&quot;,&quot;type&quot;:&quot;cta&quot;}}\" target=\"_blank\">Mon Actu<\/a>.<\/p>\n","protected":false},"excerpt":{"rendered":"Par Julien Damboise Publi\u00e9 le 28 oct. 2025 \u00e0 9h56 ; mis \u00e0 jour le 28 oct. 2025&hellip;\n","protected":false},"author":2,"featured_media":232967,"comment_status":"","ping_status":"","sticky":false,"template":"","format":"standard","meta":{"footnotes":""},"categories":[1889],"tags":[1111,11,2430,1777,674,1011,27,2428,12,2809,25,104,5787],"class_list":{"0":"post-495157","1":"post","2":"type-post","3":"status-publish","4":"format-standard","5":"has-post-thumbnail","7":"category-lyon","8":"tag-actu","9":"tag-actualites","10":"tag-auvergne-rhone-alpes","11":"tag-eu","12":"tag-europe","13":"tag-fr","14":"tag-france","15":"tag-lyon","16":"tag-news","17":"tag-presquile","18":"tag-republique-francaise","19":"tag-societe","20":"tag-transports-en-commun-lyonnais-tcl"},"share_on_mastodon":{"url":"https:\/\/pubeurope.com\/@fr\/115451198416443767","error":""},"_links":{"self":[{"href":"https:\/\/www.europesays.com\/fr\/wp-json\/wp\/v2\/posts\/495157","targetHints":{"allow":["GET"]}}],"collection":[{"href":"https:\/\/www.europesays.com\/fr\/wp-json\/wp\/v2\/posts"}],"about":[{"href":"https:\/\/www.europesays.com\/fr\/wp-json\/wp\/v2\/types\/post"}],"author":[{"embeddable":true,"href":"https:\/\/www.europesays.com\/fr\/wp-json\/wp\/v2\/users\/2"}],"replies":[{"embeddable":true,"href":"https:\/\/www.europesays.com\/fr\/wp-json\/wp\/v2\/comments?post=495157"}],"version-history":[{"count":0,"href":"https:\/\/www.europesays.com\/fr\/wp-json\/wp\/v2\/posts\/495157\/revisions"}],"wp:featuredmedia":[{"embeddable":true,"href":"https:\/\/www.europesays.com\/fr\/wp-json\/wp\/v2\/media\/232967"}],"wp:attachment":[{"href":"https:\/\/www.europesays.com\/fr\/wp-json\/wp\/v2\/media?parent=495157"}],"wp:term":[{"taxonomy":"category","embeddable":true,"href":"https:\/\/www.europesays.com\/fr\/wp-json\/wp\/v2\/categories?post=495157"},{"taxonomy":"post_tag","embeddable":true,"href":"https:\/\/www.europesays.com\/fr\/wp-json\/wp\/v2\/tags?post=495157"}],"curies":[{"name":"wp","href":"https:\/\/api.w.org\/{rel}","templated":true}]}}