{"id":495186,"date":"2025-10-28T10:19:11","date_gmt":"2025-10-28T10:19:11","guid":{"rendered":"https:\/\/www.europesays.com\/fr\/495186\/"},"modified":"2025-10-28T10:19:11","modified_gmt":"2025-10-28T10:19:11","slug":"les-volleyeurs-des-iles-pleurent-jean-wanesse","status":"publish","type":"post","link":"https:\/\/www.europesays.com\/fr\/495186\/","title":{"rendered":"Les volleyeurs des Iles pleurent Jean Wanesse"},"content":{"rendered":"<p>Les gens qui le croisaient au bord des terrains l&rsquo;appelait Pa Watu. Jean Wanesse, figure du volley-ball aux Iles Loyaut\u00e9 s&rsquo;est \u00e9teint ce mardi 28 octobre \u00e0 l&rsquo;\u00e2ge de 66 ans.<\/p>\n<p>La nouvelle a \u00e9t\u00e9 rendue publique par le Comit\u00e9 provincial des Iles Loyaut\u00e9\u00a0 de volley-ball sur sa page Facebook. \u00ab\u00a0C\u2019est avec une immense tristesse que nous accueillons la nouvelle du d\u00e9c\u00e8s de Jean Wanesse dit Watu\u201d .<\/p>\n<p>Jean Wanesse avait pris la vice-pr\u00e9sidence du comit\u00e9 provincial des Iles Loyaut\u00e9 de volley-ball en 1989. Onze ans plus tard, le 11 juillet 2020, il succ\u00e8de \u00e0 Maki Wea \u00e0 la pr\u00e9sidence. Maki Wea qui salue ce mardi la m\u00e9moire d&rsquo;un \u00ab\u00a0ami tr\u00e8s cher, qui [l]&rsquo;a beaucoup soutenu. C&rsquo;est une grosse perte pour le volley\u00a0\u00bb. Le 21 juillet dernier, Jean Wanesse avait laiss\u00e9 la pr\u00e9sidence du comit\u00e9 provincial \u00e0 Fr\u00e9d\u00e9ric Kahlemue.\u00a0<\/p>\n<p>\u00a0\u201cPilier du volley-ball loyaltien\u201d, il entra\u00eenait encore mi-octobre l\u2019\u00e9quipe s\u00e9nior f\u00e9minine du R\u00e9veil Sportif de Mare (RSM), les menant en t\u00eate du classement des Iles en 2025. \u201cJusqu\u2019\u00e0 la fin, Jean n\u2019aura cess\u00e9 de prouver sa d\u00e9termination et sa passion pour le volley-ball\u201d, salue le comit\u00e9 provincial. \u00a0<\/p>\n<\/p>\n<p>Tr\u00e8s impliqu\u00e9 dans le monde du volley, Jean Wanesse avait notamment particip\u00e9 \u00e0 l\u2019exposition qui retra\u00e7ait les <a href=\"https:\/\/la1ere.franceinfo.fr\/nouvellecaledonie\/province-iles\/ouvea\/50-ans-de-volley-ball-s-exposent-a-ouvea-887748.html\" target=\"_blank\" rel=\"noopener noreferrer nofollow\" data-tooltip-url=\"https:\/\/la1ere.franceinfo.fr\/nouvellecaledonie\/province-iles\/ouvea\/50-ans-de-volley-ball-s-exposent-a-ouvea-887748.html\">50 ans de la discipline \u00e0 Ouv\u00e9a<\/a>. Il \u00e9tait aussi un membre actif du <a href=\"https:\/\/la1ere.franceinfo.fr\/nouvellecaledonie\/produits-mare-ecoules-bonne-cause-856576.html\" target=\"_blank\" rel=\"noopener noreferrer nofollow\" data-tooltip-url=\"https:\/\/la1ere.franceinfo.fr\/nouvellecaledonie\/produits-mare-ecoules-bonne-cause-856576.html\">comit\u00e9 paroissial des f\u00eates de Tuo<\/a>, la tribu qui l&rsquo;avait vu na\u00eetre \u00e0 Mar\u00e9, le 1er septembre 1959.<\/p>\n<p>Selon nos informations, Jean Wanesse serait d\u00e9c\u00e9d\u00e9 des suites d\u2019un malaise.<\/p>\n","protected":false},"excerpt":{"rendered":"Les gens qui le croisaient au bord des terrains l&rsquo;appelait Pa Watu. Jean Wanesse, figure du volley-ball aux&hellip;\n","protected":false},"author":2,"featured_media":495187,"comment_status":"","ping_status":"","sticky":false,"template":"","format":"standard","meta":{"footnotes":""},"categories":[1417],"tags":[1011,27,60,1470,1469],"class_list":{"0":"post-495186","1":"post","2":"type-post","3":"status-publish","4":"format-standard","5":"has-post-thumbnail","7":"category-volley","8":"tag-fr","9":"tag-france","10":"tag-sports","11":"tag-volley","12":"tag-volleyball"},"share_on_mastodon":{"url":"","error":""},"_links":{"self":[{"href":"https:\/\/www.europesays.com\/fr\/wp-json\/wp\/v2\/posts\/495186","targetHints":{"allow":["GET"]}}],"collection":[{"href":"https:\/\/www.europesays.com\/fr\/wp-json\/wp\/v2\/posts"}],"about":[{"href":"https:\/\/www.europesays.com\/fr\/wp-json\/wp\/v2\/types\/post"}],"author":[{"embeddable":true,"href":"https:\/\/www.europesays.com\/fr\/wp-json\/wp\/v2\/users\/2"}],"replies":[{"embeddable":true,"href":"https:\/\/www.europesays.com\/fr\/wp-json\/wp\/v2\/comments?post=495186"}],"version-history":[{"count":0,"href":"https:\/\/www.europesays.com\/fr\/wp-json\/wp\/v2\/posts\/495186\/revisions"}],"wp:featuredmedia":[{"embeddable":true,"href":"https:\/\/www.europesays.com\/fr\/wp-json\/wp\/v2\/media\/495187"}],"wp:attachment":[{"href":"https:\/\/www.europesays.com\/fr\/wp-json\/wp\/v2\/media?parent=495186"}],"wp:term":[{"taxonomy":"category","embeddable":true,"href":"https:\/\/www.europesays.com\/fr\/wp-json\/wp\/v2\/categories?post=495186"},{"taxonomy":"post_tag","embeddable":true,"href":"https:\/\/www.europesays.com\/fr\/wp-json\/wp\/v2\/tags?post=495186"}],"curies":[{"name":"wp","href":"https:\/\/api.w.org\/{rel}","templated":true}]}}