{"id":49521,"date":"2025-04-24T15:54:08","date_gmt":"2025-04-24T15:54:08","guid":{"rendered":"https:\/\/www.europesays.com\/fr\/49521\/"},"modified":"2025-04-24T15:54:08","modified_gmt":"2025-04-24T15:54:08","slug":"un-appel-a-temoins-lance-pour-retrouver-mohamed-lamine-kamal","status":"publish","type":"post","link":"https:\/\/www.europesays.com\/fr\/49521\/","title":{"rendered":"un appel \u00e0 t\u00e9moins lanc\u00e9 pour retrouver Mohamed Lamine Kamal"},"content":{"rendered":"<p itemprop=\"description\"><strong>Le visage de Mohamed Lamine Kamal circule massivement sur les r\u00e9seaux sociaux depuis plusieurs jours.<\/strong><\/p>\n<p>Cet homme de 75 ans est port\u00e9 disparu depuis le 31 mars 2025 \u00e0 Vaulx-en-Velin, \u00e0 l\u2019est de Lyon.\u00a0Cette \u00ab\u00a0disparition\u00a0inqui\u00e9tante\u00a0\u00bb a \u00e9t\u00e9 partag\u00e9 ce jeudi 24 avril\u00a0par la direction interd\u00e9partementale de la police nationale (DIPN).<\/p>\n<p>Selon le signalement diffus\u00e9 ce mardi, Mohamed Lamine Kamal souffre de la maladie d\u2019Alzheimer. Il est de\u00a0corpulence maigre, mesure\u00a01,65 m, a les\u00a0cheveux blancs partiellement ras\u00e9s, les\u00a0yeux noirs, et pr\u00e9sente des\u00a0joues creus\u00e9es\u00a0en raison de l\u2019absence de sa proth\u00e8se dentaire.<\/p>\n<p>Au moment de sa disparition, il \u00e9tait v\u00eatu d\u2019un\u00a0haut \u00e0 manches longues gris, d\u2019un\u00a0pantalon de pyjama \u00e0 carreaux bleu, blanc et noir, et\u00a0marchait pieds nus.<\/p>\n<p>Les enqu\u00eateurs du commissariat de Villeurbanne appellent toute personne disposant d\u2019informations \u00e0 les contacter\u00a0<strong>au 04 72 69 10 72<\/strong>.<\/p>\n","protected":false},"excerpt":{"rendered":"Le visage de Mohamed Lamine Kamal circule massivement sur les r\u00e9seaux sociaux depuis plusieurs jours. Cet homme de&hellip;\n","protected":false},"author":2,"featured_media":49522,"comment_status":"","ping_status":"","sticky":false,"template":"","format":"standard","meta":{"footnotes":""},"categories":[1889],"tags":[1111,11,2813,2190,2430,1109,251,1112,2811,1777,674,118,1011,27,1922,1110,1114,2428,2810,12,241,316,25,2812,517,800],"class_list":{"0":"post-49521","1":"post","2":"type-post","3":"status-publish","4":"format-standard","5":"has-post-thumbnail","7":"category-lyon","8":"tag-actu","9":"tag-actualites","10":"tag-article","11":"tag-asvel","12":"tag-auvergne-rhone-alpes","13":"tag-breves","14":"tag-culture","15":"tag-depeches","16":"tag-economique","17":"tag-eu","18":"tag-europe","19":"tag-faits-divers","20":"tag-fr","21":"tag-france","22":"tag-info","23":"tag-informations","24":"tag-infos","25":"tag-lyon","26":"tag-lyonmag","27":"tag-news","28":"tag-ol","29":"tag-politique","30":"tag-republique-francaise","31":"tag-sociale","32":"tag-sport","33":"tag-transports"},"share_on_mastodon":{"url":"https:\/\/pubeurope.com\/@fr\/114393754218955701","error":""},"_links":{"self":[{"href":"https:\/\/www.europesays.com\/fr\/wp-json\/wp\/v2\/posts\/49521","targetHints":{"allow":["GET"]}}],"collection":[{"href":"https:\/\/www.europesays.com\/fr\/wp-json\/wp\/v2\/posts"}],"about":[{"href":"https:\/\/www.europesays.com\/fr\/wp-json\/wp\/v2\/types\/post"}],"author":[{"embeddable":true,"href":"https:\/\/www.europesays.com\/fr\/wp-json\/wp\/v2\/users\/2"}],"replies":[{"embeddable":true,"href":"https:\/\/www.europesays.com\/fr\/wp-json\/wp\/v2\/comments?post=49521"}],"version-history":[{"count":0,"href":"https:\/\/www.europesays.com\/fr\/wp-json\/wp\/v2\/posts\/49521\/revisions"}],"wp:featuredmedia":[{"embeddable":true,"href":"https:\/\/www.europesays.com\/fr\/wp-json\/wp\/v2\/media\/49522"}],"wp:attachment":[{"href":"https:\/\/www.europesays.com\/fr\/wp-json\/wp\/v2\/media?parent=49521"}],"wp:term":[{"taxonomy":"category","embeddable":true,"href":"https:\/\/www.europesays.com\/fr\/wp-json\/wp\/v2\/categories?post=49521"},{"taxonomy":"post_tag","embeddable":true,"href":"https:\/\/www.europesays.com\/fr\/wp-json\/wp\/v2\/tags?post=49521"}],"curies":[{"name":"wp","href":"https:\/\/api.w.org\/{rel}","templated":true}]}}