{"id":495216,"date":"2025-10-28T10:39:12","date_gmt":"2025-10-28T10:39:12","guid":{"rendered":"https:\/\/www.europesays.com\/fr\/495216\/"},"modified":"2025-10-28T10:39:12","modified_gmt":"2025-10-28T10:39:12","slug":"la-nouvelle-version-du-missile-nucleaire-oceanique-francais-est-entree-en-service-operationnel","status":"publish","type":"post","link":"https:\/\/www.europesays.com\/fr\/495216\/","title":{"rendered":"La nouvelle version du missile nucl\u00e9aire oc\u00e9anique fran\u00e7ais \u00ab\u00a0est entr\u00e9e en service op\u00e9rationnel\u00a0\u00bb"},"content":{"rendered":"<p>Il sera d\u00e9ploy\u00e9 \u00e0 bord des quatre SNLE (sous-marins nucl\u00e9aires lanceurs d\u2019engins) de type Le Triomphant de la M<a href=\"https:\/\/www.20minutes.fr\/dossier\/marine_nationale\" class=\"c-link c-link--is-underlined\" rel=\"nofollow noopener\" target=\"_blank\">arine nationale<\/a>. Vendredi dernier, <a href=\"https:\/\/www.20minutes.fr\/politique\/catherine-vautrin\/\" class=\"c-link c-link--is-underlined\" rel=\"nofollow noopener\" target=\"_blank\">Catherine Vautrin<\/a>, ministre des Arm\u00e9es et des Anciens combattants, \u00ab\u00a0a sign\u00e9 la mise en service op\u00e9rationnel de la troisi\u00e8me version du <a href=\"https:\/\/www.20minutes.fr\/monde\/missile\/\" class=\"c-link c-link--is-underlined\" rel=\"nofollow noopener\" target=\"_blank\">missile<\/a> mer-sol balistique strat\u00e9gique M51, le M51.3\u00a0\u00bb, annonce ce mardi le minist\u00e8re des Arm\u00e9es.<\/p>\n<blockquote class=\"twitter-tweet\" align=\"center\" data-lang=\"fr_FR\">\n<p lang=\"fr\" dir=\"ltr\">Mise en service op\u00e9rationnel de la troisi\u00e8me g\u00e9n\u00e9ration du missile nucl\u00e9aire M51 emport\u00e9 \u00e0 bord de nos sous-marins. C&rsquo;est un jalon majeur pour notre dissuasion. <\/p>\n<p>La France modernise les composantes a\u00e9riennes et sous-marines de sa dissuasion. Elles sont pr\u00eates 24h sur 24, 7 jours\u2026 <a href=\"https:\/\/t.co\/iTctz04vpv\" rel=\"nofollow\">https:\/\/t.co\/iTctz04vpv<\/a><\/p>\n<p>\u2014 Chef d&rsquo;\u00e9tat-major des arm\u00e9es (@CEMA_FR) <a href=\"https:\/\/twitter.com\/CEMA_FR\/status\/1983093517397193203?ref_src=twsrc%5Etfw\" rel=\"nofollow noopener\" target=\"_blank\">October 28, 2025<\/a><\/p><\/blockquote>\n<p class=\"mb-xxl@xs color-ultramarine font-weight-semi-bold@xs font-source-serif-pro heading-s@xs\">L\u2019acc\u00e8s \u00e0 ce contenu a \u00e9t\u00e9 bloqu\u00e9 afin de respecter votre choix de consentement<\/p>\n<p class=\"mb-m@xs text-l@xs\">En cliquant sur\u00ab J\u2019accepte \u00bb, vous acceptez le d\u00e9p\u00f4t de cookies par des services externes et aurez ainsi acc\u00e8s aux contenus de nos partenaires.<\/p>\n<p class=\"mb-xl@xs text-s@xs\">Plus d\u2019informations sur la page<a href=\"https:\/\/www.20minutes.fr\/gestion-cookies\" class=\"mx-xxs@xs color-ultramarine\" rel=\"nofollow noopener\" target=\"_blank\">Politique de gestion des cookies<\/a><\/p>\n<p>J\u2019accepte<\/p>\n<p>D\u00e9velopp\u00e9 par ArianeGroup sous la ma\u00eetrise d\u2019ouvrage de la DGA (Direction g\u00e9n\u00e9rale de l\u2019armement), \u00ab\u00a0le M51.3 est plus performant en mati\u00e8re de port\u00e9e, de pr\u00e9cision et de capacit\u00e9 de p\u00e9n\u00e9tration et p\u00e9rennise la cr\u00e9dibilit\u00e9 de la composante oc\u00e9anique face \u00e0 l\u2019\u00e9volution des d\u00e9fenses antimissiles adverses\u00a0\u00bb, explique le minist\u00e8re des Arm\u00e9es. La port\u00e9e actuelle du M51 est \u00e9valu\u00e9e \u00e0 environ 8.000\u00a0km.<\/p>\n<p>Nouvelle t\u00eate nucl\u00e9aire<\/p>\n<p>D\u2019une hauteur de douze m\u00e8tres et d\u2019un poids de 50 tonnes, le M51 poss\u00e8de trois \u00e9tages propulsifs, aliment\u00e9s par du propergol solide, et les t\u00eates (nucl\u00e9aires) sont plac\u00e9es tout en haut. Le M51.3 \u00ab\u00a0emporte la nouvelle t\u00eate nucl\u00e9aire oc\u00e9anique (TNO-2), con\u00e7ue et garantie gr\u00e2ce au programme Simulation de la Direction des applications militaires du CEA\u00a0\u00bb, poursuit le minist\u00e8re des Arm\u00e9es. Il y a g\u00e9n\u00e9ralement six \u00e0 dix t\u00eates nucl\u00e9aires dans chacun des seize missiles emport\u00e9s dans chaque SNLE.<\/p>\n<\/p>\n<p>\u00ab\u00a0Cette mise en service op\u00e9rationnel marque l\u2019aboutissement des programmes M51.3 et TNO-2, respectivement conduits et lanc\u00e9s par la DGA en\u00a02014 et par le CEA (Commissariat \u00e0 l\u2019\u00e9nergie atomique et aux \u00e9nergies alternatives) en\u00a02013, explique encore le minist\u00e8re des Arm\u00e9es. La conduite de ces programmes, ancr\u00e9s dans le temps long des lois de programmation <a href=\"https:\/\/www.20minutes.fr\/dossier\/militaire\" class=\"c-link c-link--is-underlined\" rel=\"nofollow noopener\" target=\"_blank\">militaire<\/a>, garantit la permanence de nos capacit\u00e9s pour cette mission strat\u00e9gique.\u00a0\u00bb<\/p>\n<p><a href=\"https:\/\/www.20minutes.fr\/dossier\/bombe_atomique\" class=\"c-link c-btn c-btn--primary\" rel=\"nofollow noopener\" target=\"_blank\">Notre dossier sur la bombe nucl\u00e9aire<\/a><\/p>\n<p>En cas de tir, ce missile balistique serait lanc\u00e9 depuis le sous-marin en plong\u00e9e, traverserait l\u2019atmosph\u00e8re pour rejoindre l\u2019Espace avant de retomber dans l\u2019atmosph\u00e8re \u00e0 la vitesse d\u2019environ 20.000 km\/h (Mach 16).<\/p>\n<p>Cinqui\u00e8me g\u00e9n\u00e9ration de missiles balistiques fran\u00e7ais<\/p>\n<p>Mis en service en 2010, le M51 \u00ab constitue la cinqui\u00e8me g\u00e9n\u00e9ration de <a href=\"https:\/\/www.20minutes.fr\/societe\/4181764-20251028-armee-vitesse-portee-cibles-sait-mbt-missile-balistique-dont-france-veut-doter\" class=\"c-link c-link--is-underlined\" rel=\"nofollow noopener\" target=\"_blank\">missiles balistiques<\/a> fran\u00e7ais, rappelle de son c\u00f4t\u00e9 ArianeGroup. Les versions M51.1 et M51.2 sont actuellement en service et la version M51.3 leur succ\u00e8dera progressivement avec sa mise en service op\u00e9rationnel. Cette troisi\u00e8me version a effectu\u00e9 avec succ\u00e8s son tir de qualification en novembre 2023, depuis la Base de Lancement Balistique (BLB) du site Landes de DGA Essais de missiles \u00e0 Biscarrosse \u00bb.<\/p>\n<p>\u00ab\u00a0Afin de continuer \u00e0 pr\u00e9parer le futur de la composante oc\u00e9anique, la DGA a notifi\u00e9 \u00e0 ArianeGroup en ao\u00fbt\u00a02025 le march\u00e9 de d\u00e9veloppement et de production d\u2019une quatri\u00e8me version M51.4\u00a0\u00bb ajoute le minist\u00e8re des Arm\u00e9es.<\/p>\n<p><script async src=\"https:\/\/platform.twitter.com\/widgets.js\" charset=\"utf-8\"><\/script><\/p>\n","protected":false},"excerpt":{"rendered":"Il sera d\u00e9ploy\u00e9 \u00e0 bord des quatre SNLE (sous-marins nucl\u00e9aires lanceurs d\u2019engins) de type Le Triomphant de la&hellip;\n","protected":false},"author":2,"featured_media":495217,"comment_status":"","ping_status":"","sticky":false,"template":"","format":"standard","meta":{"footnotes":""},"categories":[4],"tags":[47,11,1813,10735,6970,554,1011,27,567,3343,12,25,104,36558],"class_list":{"0":"post-495216","1":"post","2":"type-post","3":"status-publish","4":"format-standard","5":"has-post-thumbnail","7":"category-france","8":"tag-actualite","9":"tag-actualites","10":"tag-armee","11":"tag-bombe-nucleaire","12":"tag-catherine-vautrin","13":"tag-defense","14":"tag-fr","15":"tag-france","16":"tag-marine-nationale","17":"tag-missile","18":"tag-news","19":"tag-republique-francaise","20":"tag-societe","21":"tag-sous-marin"},"share_on_mastodon":{"url":"https:\/\/pubeurope.com\/@fr\/115451367937143338","error":""},"_links":{"self":[{"href":"https:\/\/www.europesays.com\/fr\/wp-json\/wp\/v2\/posts\/495216","targetHints":{"allow":["GET"]}}],"collection":[{"href":"https:\/\/www.europesays.com\/fr\/wp-json\/wp\/v2\/posts"}],"about":[{"href":"https:\/\/www.europesays.com\/fr\/wp-json\/wp\/v2\/types\/post"}],"author":[{"embeddable":true,"href":"https:\/\/www.europesays.com\/fr\/wp-json\/wp\/v2\/users\/2"}],"replies":[{"embeddable":true,"href":"https:\/\/www.europesays.com\/fr\/wp-json\/wp\/v2\/comments?post=495216"}],"version-history":[{"count":0,"href":"https:\/\/www.europesays.com\/fr\/wp-json\/wp\/v2\/posts\/495216\/revisions"}],"wp:featuredmedia":[{"embeddable":true,"href":"https:\/\/www.europesays.com\/fr\/wp-json\/wp\/v2\/media\/495217"}],"wp:attachment":[{"href":"https:\/\/www.europesays.com\/fr\/wp-json\/wp\/v2\/media?parent=495216"}],"wp:term":[{"taxonomy":"category","embeddable":true,"href":"https:\/\/www.europesays.com\/fr\/wp-json\/wp\/v2\/categories?post=495216"},{"taxonomy":"post_tag","embeddable":true,"href":"https:\/\/www.europesays.com\/fr\/wp-json\/wp\/v2\/tags?post=495216"}],"curies":[{"name":"wp","href":"https:\/\/api.w.org\/{rel}","templated":true}]}}