{"id":495224,"date":"2025-10-28T10:43:20","date_gmt":"2025-10-28T10:43:20","guid":{"rendered":"https:\/\/www.europesays.com\/fr\/495224\/"},"modified":"2025-10-28T10:43:20","modified_gmt":"2025-10-28T10:43:20","slug":"elle-retrouve-son-chien-quelle-pensait-perdu-les-emouvantes-retrouvailles-filmees","status":"publish","type":"post","link":"https:\/\/www.europesays.com\/fr\/495224\/","title":{"rendered":"elle retrouve son chien qu&rsquo;elle pensait perdu, les \u00e9mouvantes retrouvailles film\u00e9es"},"content":{"rendered":"<p>            Par<br \/>\n        <strong><br \/>\n            <a href=\"https:\/\/actu.fr\/auteur\/pierre-emile-bouchy-actu-fr\" title=\"Consulter tous les articles de Paul-Emile Bouchy\" target=\"_blank\" rel=\"noopener\">Paul-Emile Bouchy<\/a><br \/>\n        <\/strong><\/p>\n<p>        Publi\u00e9 le<\/p>\n<p>            28 oct. 2025 \u00e0 11h13        <\/p>\n<p>Depuis pr\u00e8s d\u2019un mois, <a href=\"https:\/\/actu.fr\/societe\/lorraine-ses-deux-chiens-ont-disparu-sur-l-autoroute-elle-lance-un-appel-a-temoins-pour-les-retrouver_63252899.html\" target=\"_blank\" rel=\"noopener\">deux chiens \u00e9taient port\u00e9s disparus sur l\u2019autoroute<\/a> alors qu\u2019ils \u00e9taient<strong> transport\u00e9s dans une remorque<\/strong>. La propri\u00e9taire, Aur\u00e9lie, berg\u00e8re dans les Vosges, avait lanc\u00e9 un <a href=\"https:\/\/actu.fr\/tag\/appel-a-temoins\" target=\"_blank\" rel=\"noopener\">appel \u00e0 t\u00e9moins<\/a> pour les retrouver.<\/p>\n<p class=\" wall-content\">Dans la nuit du vendredi\u00a024 au samedi 25\u00a0octobre,<strong> elle a retrouv\u00e9 l\u2019un d\u2019entre eux dans le secteur de Max\u00e9ville<\/strong>, pr\u00e8s de Nancy (<a href=\"https:\/\/actu.fr\/grand-est\/meurthe-et-moselle_54\" target=\"_blank\" rel=\"noopener\">Meurthe-et-Moselle<\/a>).<\/p>\n<p>Le chien rep\u00e9r\u00e9 et signal\u00e9 par un vigile<\/p>\n<p class=\" wall-content\">Le moment des retrouvailles a \u00e9t\u00e9 capt\u00e9 en vid\u00e9o. On y voit <strong>Apa, un bearded collie, venir \u00ab\u2009faire la f\u00eate\u2009\u00bb \u00e0 Aur\u00e9lie<\/strong>.<\/p>\n<p class=\" wall-content\">Pourtant, cela n\u2019a pas \u00e9t\u00e9 facile, comme la propri\u00e9taire le raconte\u2009: \u00ab\u2009J\u2019ai eu une premi\u00e8re alerte pour dire qu\u2019il se trouvait vers l<a href=\"https:\/\/actu.fr\/tag\/autoroute-31-a31\" target=\"_blank\" rel=\"noopener\">\u2019A31<\/a> au niveau de Max\u00e9ville. Puis, <strong>un vigile m\u2019a appel\u00e9 vendredi pour me dire qu\u2019il avait vu l\u2019annonce et qu\u2019il le voyait tous les soirs depuis une semaine.<\/strong> Je suis all\u00e9e sur place. J\u2019ai vu Apa vers 21h30 dans les bois et plus rien. <strong>Ce n\u2019est que vers 1h du matin qu\u2019il est r\u00e9apparu et qu\u2019il est venu.<\/strong>\u2009\u00bb<\/p>\n<p>    <a href=\"https:\/\/www.facebook.com\/plugins\/video.php?height=476&amp;href=https%3A%2F%2Fwww.facebook.com%2Freel%2F1511623676528421%2F&amp;show_text=false&amp;width=350&amp;t=0\" title=\"Ouvrie le lien\" target=\"_blank\" rel=\"noopener\">Cliquez ici pour visualiser le contenu<\/a><\/p>\n<p>Son deuxi\u00e8me chien toujours port\u00e9 disparu<\/p>\n<p class=\" wall-content\">Aur\u00e9lie se dit \u00ab\u2009impressionn\u00e9e\u2009\u00bb par le comportement de son chien\u2009: \u00ab\u2009Apa a seulement 9 mois, mais il a vite repris sa place parmi nos autres chiens. <strong>Il n\u2019a aucune s\u00e9quelle et n\u2019a pas perdu de poids.<\/strong>\u2009\u00bb<\/p>\n<p class=\" wall-content\">Les recherches se poursuivent pour <strong>retrouver Vicking, le deuxi\u00e8me chien qui a disparu.<\/strong> \u00ab\u2009Des randonneurs disent l\u2019avoir vu dans le m\u00eame secteur, pr\u00e8s de Nancy. Je retourne d\u2019ailleurs sur place ce (lundi) soir\u2009\u00bb, conclut-elle.<\/p>\n<p class=\" wall-content\">Si vous pensez l\u2019avoir aper\u00e7u, contactez Aur\u00e9lie au 06\u200932\u200928\u200902\u200908.<\/p>\n<p class=\" wall-content\">Personnalisez votre actualit\u00e9 en ajoutant vos villes et m\u00e9dias en favori avec <a href=\"https:\/\/moncompte.actu.fr\" title=\"D\u00e9couvez Mon Actu\" rel=\"nofollow noopener\" data-trk=\"{&quot;cta&quot;:{&quot;action&quot;:&quot;https:\\\/\\\/moncompte.actu.fr&quot;,&quot;category&quot;:&quot;mon compte&quot;,&quot;from&quot;:&quot;article footer&quot;,&quot;name&quot;:&quot;Mon actu&quot;,&quot;type&quot;:&quot;cta&quot;}}\" target=\"_blank\">Mon Actu<\/a>.<\/p>\n","protected":false},"excerpt":{"rendered":"Par Paul-Emile Bouchy Publi\u00e9 le 28 oct. 2025 \u00e0 11h13 Depuis pr\u00e8s d\u2019un mois, deux chiens \u00e9taient port\u00e9s&hellip;\n","protected":false},"author":2,"featured_media":495225,"comment_status":"","ping_status":"","sticky":false,"template":"","format":"standard","meta":{"footnotes":""},"categories":[9635],"tags":[1111,11,1867,4260,4850,1777,674,1011,27,775,1702,12,25,104],"class_list":{"0":"post-495224","1":"post","2":"type-post","3":"status-publish","4":"format-standard","5":"has-post-thumbnail","7":"category-nancy","8":"tag-actu","9":"tag-actualites","10":"tag-animaux","11":"tag-appel-a-temoins","12":"tag-chien","13":"tag-eu","14":"tag-europe","15":"tag-fr","16":"tag-france","17":"tag-grand-est","18":"tag-nancy","19":"tag-news","20":"tag-republique-francaise","21":"tag-societe"},"share_on_mastodon":{"url":"https:\/\/pubeurope.com\/@fr\/115451383472314602","error":""},"_links":{"self":[{"href":"https:\/\/www.europesays.com\/fr\/wp-json\/wp\/v2\/posts\/495224","targetHints":{"allow":["GET"]}}],"collection":[{"href":"https:\/\/www.europesays.com\/fr\/wp-json\/wp\/v2\/posts"}],"about":[{"href":"https:\/\/www.europesays.com\/fr\/wp-json\/wp\/v2\/types\/post"}],"author":[{"embeddable":true,"href":"https:\/\/www.europesays.com\/fr\/wp-json\/wp\/v2\/users\/2"}],"replies":[{"embeddable":true,"href":"https:\/\/www.europesays.com\/fr\/wp-json\/wp\/v2\/comments?post=495224"}],"version-history":[{"count":0,"href":"https:\/\/www.europesays.com\/fr\/wp-json\/wp\/v2\/posts\/495224\/revisions"}],"wp:featuredmedia":[{"embeddable":true,"href":"https:\/\/www.europesays.com\/fr\/wp-json\/wp\/v2\/media\/495225"}],"wp:attachment":[{"href":"https:\/\/www.europesays.com\/fr\/wp-json\/wp\/v2\/media?parent=495224"}],"wp:term":[{"taxonomy":"category","embeddable":true,"href":"https:\/\/www.europesays.com\/fr\/wp-json\/wp\/v2\/categories?post=495224"},{"taxonomy":"post_tag","embeddable":true,"href":"https:\/\/www.europesays.com\/fr\/wp-json\/wp\/v2\/tags?post=495224"}],"curies":[{"name":"wp","href":"https:\/\/api.w.org\/{rel}","templated":true}]}}