{"id":495230,"date":"2025-10-28T10:47:12","date_gmt":"2025-10-28T10:47:12","guid":{"rendered":"https:\/\/www.europesays.com\/fr\/495230\/"},"modified":"2025-10-28T10:47:12","modified_gmt":"2025-10-28T10:47:12","slug":"jean-marc-maillot-force-de-proposition-et-la-ligne-5-de-tram","status":"publish","type":"post","link":"https:\/\/www.europesays.com\/fr\/495230\/","title":{"rendered":"Jean-Marc Maillot \u00ab\u00a0Force de proposition\u00a0\u00bb et la ligne 5 de tram"},"content":{"rendered":"<p>            Par<br \/>\n        <strong><br \/>\n            <a href=\"https:\/\/actu.fr\/auteur\/metropoop\" title=\"Consulter tous les articles de R\u00e9daction M\u00e9tropolitain\" target=\"_blank\" rel=\"noopener\">R\u00e9daction M\u00e9tropolitain<\/a><br \/>\n        <\/strong><\/p>\n<p>        Publi\u00e9 le<\/p>\n<p>            28 oct. 2025 \u00e0 11h34        <\/p>\n<p>Comme chaque semaine,<strong> l\u2019hebdomadaire M\u00e9tropolitain<\/strong> vous propose un autre regard sur <strong>l\u2019actualit\u00e9 de Montpellier et de l\u2019H\u00e9rault<\/strong>. D\u00e9couvrez le sommaire de notre nouveau num\u00e9ro.<\/p>\n<p>\u00c0 la Une<\/p>\n<p class=\" wall-content\">Encore un \u00e9v\u00e9nement de haut vol ! Le 16 octobre dernier, le Cercle Mozart r\u00e9servait \u00e0 ses membres et \u00e0 leurs invit\u00e9s une soir\u00e9e tr\u00e8s attendue, au cours de laquelle le Maire de B\u00e9ziers Robert M\u00e9nard croisait le verbe avec David Revault D\u2019Allones, journaliste politique et r\u00e9dacteur en chef chez L\u2019H\u00e9micycle. Un \u00e9change aux saveurs de pr\u00e9-campagne qui nous rappelle que, dans six mois, chacun de nous sera appel\u00e9 aux urnes pour voter, dans le cadre \u00e9lectrisant des \u00e9lections municipales. Libert\u00e9 de ton, exigence intellectuelle, \u00e9l\u00e9gance du d\u00e9bat\u2026 Ce que chacun est en droit d\u2019attendre \u00e0 cette occasion pr\u00e9cise, le pr\u00e9sident du Cercle Mozart de Montpellier Jean-Marc Maillot l\u2019exige au quotidien. Tout autant, d\u2019ailleurs, que ne l\u2019appellent de leurs v\u0153ux les 300 adh\u00e9rents du Cercle Mozart dont il se fait le porte-parole. Ces acteurs de la vie publique montpelli\u00e9raine seront nombreux, on peut le parier, \u00e0 assister le 19 f\u00e9vrier prochain au Grand oral des municipales organis\u00e9 par le Cercle Mozart.<\/p>\n<p class=\" wall-content\">Nous serons encore plus nombreux, par la magie de la retransmission en live, sur Internet, \u00e0 y participer depuis chez nous. De quoi se forger un avis sur les projets d\u00e9fendus par ces hommes et ces femmes qui pr\u00e9tendent nous gouverner, mais qui doivent bien garder en m\u00e9moire que si c\u2019est eux qui proposent, ce sont les Montpelli\u00e9rains qui disposent.<\/p>\n<p>News.<\/p>\n<p class=\" wall-content\"><strong>Une alliance public-priv\u00e9<\/strong> pour une premi\u00e8re mondiale \u00e0 Montpellier<\/p>\n<p class=\" wall-content\"><strong>Ligne 5 de tram<\/strong>, quel est ce quartier r\u00e9nov\u00e9 qui sera \u00e0 seize minutes du coeur de ville ?<\/p>\n<p class=\" wall-content\"><strong>La vid\u00e9o de la semaine<\/strong> : Banque Populaire du Sud, quand les collaborateurs de la fili\u00e8re se transforment en vendangeurs<\/p>\n<p>Vid\u00e9os : en ce moment sur Actu<\/p>\n<p class=\" wall-content\"><strong>Vendargues<\/strong> \u00e9pingl\u00e9e pour sa \u00ab\u00a0for\u00eat de panneaux publicitaires\u00a0\u00bb<\/p>\n<p>Votre r\u00e9gion, votre actu !<\/p>\n<p>Recevez chaque jour les infos qui comptent pour vous.<\/p>\n<p>\t<a href=\"https:\/\/actu.fr\/newsletter\" class=\"ac-btn ac-btn--corner ac-btn--medium ac-btn--blue800\" target=\"_blank\" rel=\"noopener\">S&rsquo;incrire<\/a><br \/>\nLifestyle.<\/p>\n<p class=\" wall-content\"><strong>Coeur de Ville en Lumi\u00e8res<\/strong>, une 10e \u00e9dition pr\u00eate \u00e0 briller de mille feux<\/p>\n<p class=\" wall-content\"><strong>Essai auto<\/strong> : Nissan Micra \u00e9lectrique<\/p>\n<p class=\" wall-content\"><strong>S\u00e9lection caviste<\/strong> : Domaine Divem<\/p>\n<p>\u00c9co.<\/p>\n<p class=\" wall-content\"><strong>Projet de Loi de Finances 2026<\/strong> : la CCI H\u00e9rault monte au cr\u00e9neau<\/p>\n<p>Annonces l\u00e9gales<\/p>\n<p class=\" wall-content\"><strong>O\u00f9 le trouver ?<\/strong><\/p>\n<p class=\" wall-content\">Le magazine M\u00e9tropolitain est disponible gratuitement chaque semaine dans plus de 350 points de passage dans le d\u00e9partement de l\u2019H\u00e9rault. M\u00e9tropolitain est \u00e9galement le seul titre de presse disponible en libre-service au sein des halls d\u2019embarquement des a\u00e9roports de Montpellier et de B\u00e9ziers. Il est bien s\u00fbr possible de s\u2019abonner, afin de le recevoir directement chez soi. Aussi, toutes les semaines, retrouvez en ligne la version digitale,\u00a0<a href=\"https:\/\/v.calameo.com\/library\/?type=account&amp;id=5794458&amp;rows=1&amp;sortBy=latestPublished&amp;theme=wood&amp;bgColor=&amp;thumbSize=large&amp;showTitle=true&amp;showShadow=true&amp;showGloss=true&amp;showInfo=account&amp;linkTo=view&amp;linkTarget=_blank\" target=\"_blank\" rel=\"noopener\">consultable sur notre site.<\/a><\/p>\n<p class=\" wall-content\">Personnalisez votre actualit\u00e9 en ajoutant vos villes et m\u00e9dias en favori avec <a href=\"https:\/\/moncompte.actu.fr\" title=\"D\u00e9couvez Mon Actu\" rel=\"nofollow noopener\" data-trk=\"{&quot;cta&quot;:{&quot;action&quot;:&quot;https:\\\/\\\/moncompte.actu.fr&quot;,&quot;category&quot;:&quot;mon compte&quot;,&quot;from&quot;:&quot;article footer&quot;,&quot;name&quot;:&quot;Mon actu&quot;,&quot;type&quot;:&quot;cta&quot;}}\" target=\"_blank\">Mon Actu<\/a>.<\/p>\n","protected":false},"excerpt":{"rendered":"Par R\u00e9daction M\u00e9tropolitain Publi\u00e9 le 28 oct. 2025 \u00e0 11h34 Comme chaque semaine, l\u2019hebdomadaire M\u00e9tropolitain vous propose un&hellip;\n","protected":false},"author":2,"featured_media":495231,"comment_status":"","ping_status":"","sticky":false,"template":"","format":"standard","meta":{"footnotes":""},"categories":[9599],"tags":[1111,11,15154,1777,674,1011,27,2208,12,2680,25,104,59623,18193],"class_list":{"0":"post-495230","1":"post","2":"type-post","3":"status-publish","4":"format-standard","5":"has-post-thumbnail","7":"category-montpellier","8":"tag-actu","9":"tag-actualites","10":"tag-chu-de-montpellier","11":"tag-eu","12":"tag-europe","13":"tag-fr","14":"tag-france","15":"tag-montpellier","16":"tag-news","17":"tag-occitanie","18":"tag-republique-francaise","19":"tag-societe","20":"tag-tam","21":"tag-viticulture"},"share_on_mastodon":{"url":"https:\/\/pubeurope.com\/@fr\/115451399045473548","error":""},"_links":{"self":[{"href":"https:\/\/www.europesays.com\/fr\/wp-json\/wp\/v2\/posts\/495230","targetHints":{"allow":["GET"]}}],"collection":[{"href":"https:\/\/www.europesays.com\/fr\/wp-json\/wp\/v2\/posts"}],"about":[{"href":"https:\/\/www.europesays.com\/fr\/wp-json\/wp\/v2\/types\/post"}],"author":[{"embeddable":true,"href":"https:\/\/www.europesays.com\/fr\/wp-json\/wp\/v2\/users\/2"}],"replies":[{"embeddable":true,"href":"https:\/\/www.europesays.com\/fr\/wp-json\/wp\/v2\/comments?post=495230"}],"version-history":[{"count":0,"href":"https:\/\/www.europesays.com\/fr\/wp-json\/wp\/v2\/posts\/495230\/revisions"}],"wp:featuredmedia":[{"embeddable":true,"href":"https:\/\/www.europesays.com\/fr\/wp-json\/wp\/v2\/media\/495231"}],"wp:attachment":[{"href":"https:\/\/www.europesays.com\/fr\/wp-json\/wp\/v2\/media?parent=495230"}],"wp:term":[{"taxonomy":"category","embeddable":true,"href":"https:\/\/www.europesays.com\/fr\/wp-json\/wp\/v2\/categories?post=495230"},{"taxonomy":"post_tag","embeddable":true,"href":"https:\/\/www.europesays.com\/fr\/wp-json\/wp\/v2\/tags?post=495230"}],"curies":[{"name":"wp","href":"https:\/\/api.w.org\/{rel}","templated":true}]}}