{"id":495242,"date":"2025-10-28T10:54:18","date_gmt":"2025-10-28T10:54:18","guid":{"rendered":"https:\/\/www.europesays.com\/fr\/495242\/"},"modified":"2025-10-28T10:54:18","modified_gmt":"2025-10-28T10:54:18","slug":"travaux-en-gare-de-rennes-quels-trains-sont-supprimes-ou-reportes","status":"publish","type":"post","link":"https:\/\/www.europesays.com\/fr\/495242\/","title":{"rendered":"Travaux en gare de Rennes\u00a0: quels trains sont supprim\u00e9s ou report\u00e9s\u00a0?"},"content":{"rendered":"<p>Le retour des vacances de la Toussaint ne sera peut-\u00eatre pas aussi simple pour certains usagers des TER de la ligne Brest &#8211; La Brohini\u00e8re &#8211; Rennes. Pendant un mois, \u00ab des travaux r\u00e9alis\u00e9s \u00e0 l\u2019entr\u00e9e <a href=\"https:\/\/www.letelegramme.fr\/ille-et-vilaine\/rennes-35000\/quand-on-en-repare-une-il-y-en-vient-dautres-six-ans-apres-son-inauguration-la-gare-de-rennes-fuit-toujours-6912605.php\" target=\"_blank\" rel=\"noopener\">de la gare de Rennes<\/a>, entra\u00eeneront la modification horaire du TER 855886, ainsi que la suppression du TER 855502, et son remplacement par une navette taxi \u00bb,<a href=\"https:\/\/ter-fiches-horaires.sncf.fr\/publish\/Affiche%20Travaux%20RVB%20SM%20du%2003.11%20au%2005.12.2025.pdf?at_medium=mkt_relationnel&amp;at_campaign=BRE_BRE_IV_Travaux_Brest_Rennes_du_03_11_au_05_12\" target=\"_blank\" rel=\"noopener\"> a communiqu\u00e9 TER BreizhGo aux voyageurs concern\u00e9s<\/a>.<\/p>\n<p>La Brohini\u00e8re &#8211; Rennes supprim\u00e9<\/p>\n<p>C\u2019est donc le TER au d\u00e9part de La Brohini\u00e8re \u00e0 6 h 15, et qui dessert les gares de Montauban-de-Bretagne, Monfort sur Meu, Breteil et L\u2019Hermitage Mordelles, pour une arriv\u00e9e \u00e0 Rennes \u00e0 6 h 50, qui sera supprim\u00e9 du mardi 4 novembre au vendredi 5 d\u00e9cembre. SNCF voyageurs a mis en place une navette taxi pour ses utilisateurs \u00e0 ces horaires. Un report est possible sur le TER 855504 au d\u00e9part de la Brohini\u00e8re \u00e0 6 h 45, et qui arrive \u00e0 Rennes \u00e0 7 h 16.<\/p>\n<p>Pour les passagers qui empruntent habituellement le TER au d\u00e9part de Brest \u00e0 20 h 10 pour une arriv\u00e9e \u00e0 Rennes \u00e0 22 h 29, celui-ci partira plus t\u00f4t \u00e0 partir du lundi 3 novembre. Le d\u00e9part de ce train a \u00e9t\u00e9 avanc\u00e9 \u00e0 19 h 35 jusqu\u2019au jeudi 4 d\u00e9cembre. Ce TER desservira comme \u00e0 son habitude les gares de Landerneau, Landivisiau, Morlaix, Plouaret Tr\u00e9gor, Guingamp, Saint-Brieuc et Lamballe pour une arriv\u00e9e \u00e0 Rennes \u00e0 21 h 59.<\/p>\n","protected":false},"excerpt":{"rendered":"Le retour des vacances de la Toussaint ne sera peut-\u00eatre pas aussi simple pour certains usagers des TER&hellip;\n","protected":false},"author":2,"featured_media":495243,"comment_status":"","ping_status":"","sticky":false,"template":"","format":"standard","meta":{"footnotes":""},"categories":[2821],"tags":[1111,11,3450,829,1777,674,1011,27,848,2131,12,584,25,4937],"class_list":{"0":"post-495242","1":"post","2":"type-post","3":"status-publish","4":"format-standard","5":"has-post-thumbnail","7":"category-rennes","8":"tag-actu","9":"tag-actualites","10":"tag-brest","11":"tag-bretagne","12":"tag-eu","13":"tag-europe","14":"tag-fr","15":"tag-france","16":"tag-ille-et-vilaine","17":"tag-morlaix","18":"tag-news","19":"tag-rennes","20":"tag-republique-francaise","21":"tag-saint-brieuc"},"share_on_mastodon":{"url":"https:\/\/pubeurope.com\/@fr\/115451426422498048","error":""},"_links":{"self":[{"href":"https:\/\/www.europesays.com\/fr\/wp-json\/wp\/v2\/posts\/495242","targetHints":{"allow":["GET"]}}],"collection":[{"href":"https:\/\/www.europesays.com\/fr\/wp-json\/wp\/v2\/posts"}],"about":[{"href":"https:\/\/www.europesays.com\/fr\/wp-json\/wp\/v2\/types\/post"}],"author":[{"embeddable":true,"href":"https:\/\/www.europesays.com\/fr\/wp-json\/wp\/v2\/users\/2"}],"replies":[{"embeddable":true,"href":"https:\/\/www.europesays.com\/fr\/wp-json\/wp\/v2\/comments?post=495242"}],"version-history":[{"count":0,"href":"https:\/\/www.europesays.com\/fr\/wp-json\/wp\/v2\/posts\/495242\/revisions"}],"wp:featuredmedia":[{"embeddable":true,"href":"https:\/\/www.europesays.com\/fr\/wp-json\/wp\/v2\/media\/495243"}],"wp:attachment":[{"href":"https:\/\/www.europesays.com\/fr\/wp-json\/wp\/v2\/media?parent=495242"}],"wp:term":[{"taxonomy":"category","embeddable":true,"href":"https:\/\/www.europesays.com\/fr\/wp-json\/wp\/v2\/categories?post=495242"},{"taxonomy":"post_tag","embeddable":true,"href":"https:\/\/www.europesays.com\/fr\/wp-json\/wp\/v2\/tags?post=495242"}],"curies":[{"name":"wp","href":"https:\/\/api.w.org\/{rel}","templated":true}]}}