{"id":495268,"date":"2025-10-28T11:23:10","date_gmt":"2025-10-28T11:23:10","guid":{"rendered":"https:\/\/www.europesays.com\/fr\/495268\/"},"modified":"2025-10-28T11:23:10","modified_gmt":"2025-10-28T11:23:10","slug":"une-pluie-de-pv-dresses","status":"publish","type":"post","link":"https:\/\/www.europesays.com\/fr\/495268\/","title":{"rendered":"une pluie de PV dress\u00e9s"},"content":{"rendered":"<p>            Par<br \/>\n        <strong><br \/>\n            <a href=\"https:\/\/actu.fr\/auteur\/fabien-binacchi\" title=\"Consulter tous les articles de Fabien Binacchi\" target=\"_blank\" rel=\"noopener\">Fabien Binacchi<\/a><br \/>\n        <\/strong><\/p>\n<p>        Publi\u00e9 le<\/p>\n<p>            28 oct. 2025 \u00e0 12h08        <\/p>\n<p>Op\u00e9ration coup de poing. Ce lundi 27\u00a0octobre 2025 dans l\u2019apr\u00e8s-midi, de nombreux agents de <a href=\"https:\/\/actu.fr\/provence-alpes-cote-d-azur\/marseille_13055\/securite-a-marseille-la-gauche-a-fait-plus-en-5-ans-que-la-droite-en-25-ans-lance-yannick-ohanessian_63277749.html\" target=\"_blank\" rel=\"noopener\">la police municipale<\/a> de <a href=\"https:\/\/actu.fr\/marseille\/\" target=\"_blank\" rel=\"noopener\">Marseille<\/a> se sont post\u00e9s <strong>le long du tr\u00e8s fr\u00e9quent\u00e9 boulevard Sakakini, dans le quartier 5-Avenues.<\/strong> Un contr\u00f4le de \u00ab\u2009s\u00e9curit\u00e9 routi\u00e8re\u2009\u00bb de quelques heures qui a men\u00e9 \u00e0 une v\u00e9ritable pluie de PV.<\/p>\n<p class=\" wall-content\">Le bilan est effectivement cons\u00e9quent.<\/p>\n<p>D\u00e9faut de ceintures, d\u00e9passement de lignes blanches, etc.<\/p>\n<p class=\" wall-content\">Le dispositif n\u2019avait pas \u00e9t\u00e9 annonc\u00e9. Et pour cause\u2009: la police municipale de Marseille voulait frapper un grand coup. Des \u00e9quipes <strong>\u00e0 VTT, \u00e0 scooter et motoris\u00e9es<\/strong> ont \u00e9t\u00e9 d\u00e9ploy\u00e9es. Et m\u00eame si la pr\u00e9sence nombreuse de ces hommes et de femmes en uniforme a rapidement \u00e9t\u00e9 signal\u00e9e sur les applications d\u2019aide \u00e0 la conduite (type Waze), par les usagers de la route eux-m\u00eames, l\u2019op\u00e9ration a port\u00e9 ses fruits pour la Ville.<\/p>\n<p>    <a href=\"https:\/\/www.google.com\/maps\/embed?pb=!1m18!1m12!1m3!1d5376.681543604867!2d5.397731211281836!3d43.29621477532679!2m3!1f0!2f0!3f0!3m2!1i1024!2i768!4f13.1!3m3!1m2!1s0x12c9bf5db30d5f53%3A0x4c09e03929ced19c!2sBd%20Sakakini%2C%20Marseille!5e1!3m2!1sfr!2sfr!4v1761648701747!5m2!1sfr!2sfr\" title=\"Ouvrie le lien\" target=\"_blank\" rel=\"noopener\">Cliquez ici pour visualiser le contenu<\/a><\/p>\n<p class=\" wall-content\">En trois heures, de 16h \u00e0 19h, pas moins de <strong>65 proc\u00e8s-verbaux<\/strong> ont \u00e9t\u00e9 dress\u00e9s sur le boulevard Sakakini, une cinq voies \u00e0 cheval entre les 4e et 5e arrondissements.<\/p>\n<p class=\" wall-content\">Et \u00ab\u2009les motifs sont vari\u00e9s\u2009: d\u00e9faut de ceintures, d\u00e9passement de lignes blanches, absence de gants pour les deux roues,\u2009\u00bb entre autres, pr\u00e9cise la municipalit\u00e9 \u00e0 actu Marseille.<\/p>\n<p class=\" wall-content\">\n<p>Des mises en fourri\u00e8re et un refus d\u2019obtemp\u00e9rer<\/p>\n<p class=\" wall-content\">Les forces de l\u2019ordre pr\u00e9sentes ont m\u00eame d\u00fb aller plus loin pour cinq autres automobilistes contr\u00f4l\u00e9s en <strong>d\u00e9faut de permis et \/ ou d\u2019assurance,<\/strong> fait \u00e9galement savoir la mairie \u00e0 notre r\u00e9daction. Leurs v\u00e9hicules ont \u00e9t\u00e9 immobilis\u00e9s et mis en fourri\u00e8re.<\/p>\n<p>Votre r\u00e9gion, votre actu !<\/p>\n<p>Recevez chaque jour les infos qui comptent pour vous.<\/p>\n<p>\t<a href=\"https:\/\/actu.fr\/newsletter\" class=\"ac-btn ac-btn--corner ac-btn--medium ac-btn--blue800\" target=\"_blank\" rel=\"noopener\">S&rsquo;incrire<\/a><\/p>\n<p class=\" wall-content\">Un conducteur que les policiers voulaient v\u00e9rifier a \u00e9galement \u00e9t\u00e9 interpell\u00e9 apr\u00e8s \u00ab\u2009un refus d\u2019obtemp\u00e9rer\u2009\u00bb. Il a \u00e9t\u00e9 remis \u00e0 un officier de police judiciaire de la Police Nationale.<\/p>\n<p class=\" wall-content\">Personnalisez votre actualit\u00e9 en ajoutant vos villes et m\u00e9dias en favori avec <a href=\"https:\/\/moncompte.actu.fr\" title=\"D\u00e9couvez Mon Actu\" rel=\"nofollow noopener\" data-trk=\"{&quot;cta&quot;:{&quot;action&quot;:&quot;https:\\\/\\\/moncompte.actu.fr&quot;,&quot;category&quot;:&quot;mon compte&quot;,&quot;from&quot;:&quot;article footer&quot;,&quot;name&quot;:&quot;Mon actu&quot;,&quot;type&quot;:&quot;cta&quot;}}\" target=\"_blank\">Mon Actu<\/a>.<\/p>\n","protected":false},"excerpt":{"rendered":"Par Fabien Binacchi Publi\u00e9 le 28 oct. 2025 \u00e0 12h08 Op\u00e9ration coup de poing. Ce lundi 27\u00a0octobre 2025&hellip;\n","protected":false},"author":2,"featured_media":495269,"comment_status":"","ping_status":"","sticky":false,"template":"","format":"standard","meta":{"footnotes":""},"categories":[2814],"tags":[1111,11,1777,674,118,1011,27,884,12,1072,882,25,5009],"class_list":{"0":"post-495268","1":"post","2":"type-post","3":"status-publish","4":"format-standard","5":"has-post-thumbnail","7":"category-marseille","8":"tag-actu","9":"tag-actualites","10":"tag-eu","11":"tag-europe","12":"tag-faits-divers","13":"tag-fr","14":"tag-france","15":"tag-marseille","16":"tag-news","17":"tag-police","18":"tag-provence-alpes-cote-dazur","19":"tag-republique-francaise","20":"tag-securite-routiere"},"share_on_mastodon":{"url":"https:\/\/pubeurope.com\/@fr\/115451540490293777","error":""},"_links":{"self":[{"href":"https:\/\/www.europesays.com\/fr\/wp-json\/wp\/v2\/posts\/495268","targetHints":{"allow":["GET"]}}],"collection":[{"href":"https:\/\/www.europesays.com\/fr\/wp-json\/wp\/v2\/posts"}],"about":[{"href":"https:\/\/www.europesays.com\/fr\/wp-json\/wp\/v2\/types\/post"}],"author":[{"embeddable":true,"href":"https:\/\/www.europesays.com\/fr\/wp-json\/wp\/v2\/users\/2"}],"replies":[{"embeddable":true,"href":"https:\/\/www.europesays.com\/fr\/wp-json\/wp\/v2\/comments?post=495268"}],"version-history":[{"count":0,"href":"https:\/\/www.europesays.com\/fr\/wp-json\/wp\/v2\/posts\/495268\/revisions"}],"wp:featuredmedia":[{"embeddable":true,"href":"https:\/\/www.europesays.com\/fr\/wp-json\/wp\/v2\/media\/495269"}],"wp:attachment":[{"href":"https:\/\/www.europesays.com\/fr\/wp-json\/wp\/v2\/media?parent=495268"}],"wp:term":[{"taxonomy":"category","embeddable":true,"href":"https:\/\/www.europesays.com\/fr\/wp-json\/wp\/v2\/categories?post=495268"},{"taxonomy":"post_tag","embeddable":true,"href":"https:\/\/www.europesays.com\/fr\/wp-json\/wp\/v2\/tags?post=495268"}],"curies":[{"name":"wp","href":"https:\/\/api.w.org\/{rel}","templated":true}]}}