{"id":495272,"date":"2025-10-28T11:25:15","date_gmt":"2025-10-28T11:25:15","guid":{"rendered":"https:\/\/www.europesays.com\/fr\/495272\/"},"modified":"2025-10-28T11:25:15","modified_gmt":"2025-10-28T11:25:15","slug":"un-etudiant-juge-pour-une-tentative-dassassinat-par-depit-amoureux","status":"publish","type":"post","link":"https:\/\/www.europesays.com\/fr\/495272\/","title":{"rendered":"un \u00e9tudiant jug\u00e9 pour une tentative d\u2019assassinat par d\u00e9pit amoureux"},"content":{"rendered":"<p>\u00ab\u00a0Il a un couteau\u00a0!\u00a0\u00bb Sc\u00e8ne de panique dans un bus, \u00e0 La Doua (Villeurbanne), le 17\u00a0octobre 2022 au soir, lorsqu\u2019un jeune homme en plante un autre \u00e0 neuf reprises, notamment au visage.<\/p>\n<p>Adrien Allou, repouss\u00e9 du v\u00e9hicule par la victime et deux t\u00e9moins, va devoir r\u00e9pondre de ses actes, trois ans plus tard, devant la cour d\u2019assises du Rh\u00f4ne (Lyon 5e ). Le proc\u00e8s s\u2019ouvre ce jeudi 30\u00a0octobre, le verdict est attendu lundi 3\u00a0novembre. Le jeune homme de 24 ans est jug\u00e9 pour tentative d\u2019assassinat d\u2019un ancien ami, devenu un rival. L\u2019accus\u00e9 \u00e9tait persuad\u00e9 que la victime s\u2019\u00e9tait mise en couple avec son&#8230;<\/p>\n","protected":false},"excerpt":{"rendered":"\u00ab\u00a0Il a un couteau\u00a0!\u00a0\u00bb Sc\u00e8ne de panique dans un bus, \u00e0 La Doua (Villeurbanne), le 17\u00a0octobre 2022 au&hellip;\n","protected":false},"author":2,"featured_media":495273,"comment_status":"","ping_status":"","sticky":false,"template":"","format":"standard","meta":{"footnotes":""},"categories":[1889],"tags":[1111,11,2430,271,272,2757,1777,674,274,107,1011,27,2428,12,25,2429,104,6345,6346],"class_list":{"0":"post-495272","1":"post","2":"type-post","3":"status-publish","4":"format-standard","5":"has-post-thumbnail","7":"category-lyon","8":"tag-actu","9":"tag-actualites","10":"tag-auvergne-rhone-alpes","11":"tag-crime","12":"tag-delit-et-contravention","13":"tag-edition-lyon-villeurbanne","14":"tag-eu","15":"tag-europe","16":"tag-faits-divers-justice","17":"tag-fil-info","18":"tag-fr","19":"tag-france","20":"tag-lyon","21":"tag-news","22":"tag-republique-francaise","23":"tag-rhone","24":"tag-societe","25":"tag-villeurbanne","26":"tag-villeurbanne-bassin"},"share_on_mastodon":{"url":"https:\/\/pubeurope.com\/@fr\/115451548415715536","error":""},"_links":{"self":[{"href":"https:\/\/www.europesays.com\/fr\/wp-json\/wp\/v2\/posts\/495272","targetHints":{"allow":["GET"]}}],"collection":[{"href":"https:\/\/www.europesays.com\/fr\/wp-json\/wp\/v2\/posts"}],"about":[{"href":"https:\/\/www.europesays.com\/fr\/wp-json\/wp\/v2\/types\/post"}],"author":[{"embeddable":true,"href":"https:\/\/www.europesays.com\/fr\/wp-json\/wp\/v2\/users\/2"}],"replies":[{"embeddable":true,"href":"https:\/\/www.europesays.com\/fr\/wp-json\/wp\/v2\/comments?post=495272"}],"version-history":[{"count":0,"href":"https:\/\/www.europesays.com\/fr\/wp-json\/wp\/v2\/posts\/495272\/revisions"}],"wp:featuredmedia":[{"embeddable":true,"href":"https:\/\/www.europesays.com\/fr\/wp-json\/wp\/v2\/media\/495273"}],"wp:attachment":[{"href":"https:\/\/www.europesays.com\/fr\/wp-json\/wp\/v2\/media?parent=495272"}],"wp:term":[{"taxonomy":"category","embeddable":true,"href":"https:\/\/www.europesays.com\/fr\/wp-json\/wp\/v2\/categories?post=495272"},{"taxonomy":"post_tag","embeddable":true,"href":"https:\/\/www.europesays.com\/fr\/wp-json\/wp\/v2\/tags?post=495272"}],"curies":[{"name":"wp","href":"https:\/\/api.w.org\/{rel}","templated":true}]}}