{"id":495292,"date":"2025-10-28T11:37:18","date_gmt":"2025-10-28T11:37:18","guid":{"rendered":"https:\/\/www.europesays.com\/fr\/495292\/"},"modified":"2025-10-28T11:37:18","modified_gmt":"2025-10-28T11:37:18","slug":"le-royaume-uni-envisage-une-alliance-avec-les-etats-unis-et-lue-selon-la-presse-britannique","status":"publish","type":"post","link":"https:\/\/www.europesays.com\/fr\/495292\/","title":{"rendered":"le Royaume-Uni envisage une alliance avec les \u00c9tats-Unis et l&rsquo;UE, selon la presse britannique"},"content":{"rendered":"<p class=\"fig-paragraph\">Apr\u00e8s les droits de douane annonc\u00e9s par les \u00c9tats-Unis et l&rsquo;Union europ\u00e9enne sur l&rsquo;acier, Londres envisage une alliance avec Bruxelles et Washington pour prot\u00e9ger son march\u00e9 de la concurrence \u00e9trang\u00e8re,\u00a0<a href=\"http:\/\/www.lefigaro.fr\/flash-eco\/acier-les-subventions-chinoises-faussent-le-marche-mondial-selon-l-ocde-20250527\" data-fig-type=\"NewsFlash\" data-gtm-custom-categorie=\"navigation\" data-gtm-custom-action=\"crossclick\" data-gtm-custom-label=\"Contextuel\" data-gtm-event=\"customEventSPE\" data-fig-domain=\"LEFIGARO\" target=\"_blank\" rel=\"noopener\">notamment chinoise<\/a>, qui p\u00e8se sur le secteur, selon des informations de presse.<\/p>\n<p class=\"fig-paragraph\">Le Royaume-Uni, les \u00c9tats-Unis et l&rsquo;UE pourraient ainsi \u00abharmoniser leurs taux d&rsquo;imposition sur les importations d&rsquo;acier en provenance de l&rsquo;ext\u00e9rieur du bloc tout en autorisant les ventes sans droits de douane au sein de la nouvelle zone commerciale\u00bb, selon The Times.<\/p>\n<p>                                    <a class=\"fig-a11y-skip a11y-hidden\" href=\"#fig-a11y-skip-main-inarticle\"><br \/>\n        Passer la publicit\u00e9<br \/>\n    <\/a><\/p>\n<p class=\"fig-paragraph\">Interrog\u00e9 par l&rsquo;AFP, le minist\u00e8re du Commerce britannique a dit \u00abpoursuivre son dialogue avec l&rsquo;UE\u00bb et \u00abtravailler avec des partenaires internationaux sur des solutions qui peuvent r\u00e9pondre\u00bb \u00e0 cette concurrence sur le march\u00e9 de l&rsquo;acier. \u00abNous sommes en discussion permanente\u00bb, a pour sa part indiqu\u00e9 au Financial Times (FT) le secr\u00e9taire d&rsquo;\u00c9tat au commerce Chris Bryant, \u00e9voquant les hypoth\u00e8ses d&rsquo;une alliance \u00ab\u00e0 trois, \u00e0 deux\u00bb, tout en pr\u00e9cisant qu&rsquo;il n&rsquo;y a \u00e0 ce stade pas de proposition \u00e9crite.<\/p>\n<p>\u00abOn se croirait dans les ann\u00e9es 1950\u00bb<\/p>\n<p class=\"fig-paragraph\">L&rsquo;Union europ\u00e9enne a d\u00e9voil\u00e9 le 7 octobre des\u00a0<a href=\"http:\/\/www.lefigaro.fr\/conjoncture\/sauver-nos-acieries-et-nos-emplois-l-ue-va-doubler-ses-droits-de-douane-sur-l-acier-20251007\" data-fig-type=\"NewsFlash\" data-gtm-custom-categorie=\"navigation\" data-gtm-custom-action=\"crossclick\" data-gtm-custom-label=\"Contextuel\" data-gtm-event=\"customEventSPE\" data-fig-domain=\"LEFIGARO\" target=\"_blank\" rel=\"noopener\">mesures sans pr\u00e9c\u00e9dent sur l&rsquo;acier<\/a>, dont le doublement des droits de douane sur les importations \u00e0 50%, afin de prot\u00e9ger les sid\u00e9rurgistes face \u00e0 une concurrence chinoise jug\u00e9e d\u00e9loyale et de plus en plus \u00e9crasante. Ces taxes europ\u00e9ennes, qui doivent entrer en vigueur d&rsquo;ici juillet 2026, grimperont ainsi \u00e0 des niveaux similaires \u00e0 ceux mis en place aux \u00c9tats-Unis avec qui l&rsquo;UE n\u00e9gocie parall\u00e8lement.<\/p>\n<p class=\"fig-paragraph\">Au Royaume-Uni, qui a de son c\u00f4t\u00e9 obtenu des \u00c9tats-Unis un taux plus faible de 25% sur l&rsquo;acier britannique, l&rsquo;industrie sid\u00e9rurgique s&rsquo;\u00e9tait alarm\u00e9e de l&rsquo;annonce europ\u00e9enne, \u00abune menace existentielle\u00bb, alors qu&rsquo;environ 80% des exportations d&rsquo;acier du pays sont destin\u00e9es \u00e0 l&rsquo;Europe.<\/p>\n<p class=\"fig-paragraph\">Selon The Times, les \u00c9tats-Unis font pression sur le Royaume-Uni et l&rsquo;UE pour qu&rsquo;ils adoptent le taux de droit de douane universel de 50% instaur\u00e9 par\u00a0<a href=\"http:\/\/www.lefigaro.fr\/flash-actu\/donald-trump-rencontre-des-familles-de-japonais-enleves-par-la-coree-du-nord-20251028\" data-fig-type=\"NewsFlash\" data-gtm-custom-categorie=\"navigation\" data-gtm-custom-action=\"crossclick\" data-gtm-custom-label=\"Contextuel\" data-gtm-event=\"customEventSPE\" data-fig-domain=\"LEFIGARO\" target=\"_blank\" rel=\"noopener\">le pr\u00e9sident Trump<\/a>\u00a0pour toutes les importations d&rsquo;acier, mais Londres et Bruxelles voudraient plus de flexibilit\u00e9 pour ne pas plomber leurs industries utilisant ce m\u00e9tal.<\/p>\n<p class=\"fig-paragraph\">\u00abOn se croirait vraiment dans les ann\u00e9es 1950 (&#8230;) quand l&rsquo;Europe discute d&rsquo;un accord sur l&rsquo;acier\u00bb, a soulign\u00e9 Chris Bryant dans le FT &#8211; en r\u00e9f\u00e9rence \u00e0 la cr\u00e9ation en 1951 de la Communaut\u00e9 europ\u00e9enne du charbon et de l&rsquo;acier (un pr\u00e9curseur de l&rsquo;UE) par les pays du Benelux, l&rsquo;Italie, l&rsquo;Allemagne de l&rsquo;Ouest et la France.<\/p>\n","protected":false},"excerpt":{"rendered":"Apr\u00e8s les droits de douane annonc\u00e9s par les \u00c9tats-Unis et l&rsquo;Union europ\u00e9enne sur l&rsquo;acier, Londres envisage une alliance&hellip;\n","protected":false},"author":2,"featured_media":495293,"comment_status":"","ping_status":"","sticky":false,"template":"","format":"standard","meta":{"footnotes":""},"categories":[1588],"tags":[7662,11,1777,674,12,473,1853,1851,1850,1852],"class_list":{"0":"post-495292","1":"post","2":"type-post","3":"status-publish","4":"format-standard","5":"has-post-thumbnail","7":"category-royaume-uni","8":"tag-acier","9":"tag-actualites","10":"tag-eu","11":"tag-europe","12":"tag-news","13":"tag-royaume-uni","14":"tag-royaume-uni-de-grande-bretagne-et-dirlande-du-nord","15":"tag-uk","16":"tag-united-kingdom","17":"tag-united-kingdom-of-great-britain-and-northern-ireland"},"share_on_mastodon":{"url":"https:\/\/pubeurope.com\/@fr\/115451595769807771","error":""},"_links":{"self":[{"href":"https:\/\/www.europesays.com\/fr\/wp-json\/wp\/v2\/posts\/495292","targetHints":{"allow":["GET"]}}],"collection":[{"href":"https:\/\/www.europesays.com\/fr\/wp-json\/wp\/v2\/posts"}],"about":[{"href":"https:\/\/www.europesays.com\/fr\/wp-json\/wp\/v2\/types\/post"}],"author":[{"embeddable":true,"href":"https:\/\/www.europesays.com\/fr\/wp-json\/wp\/v2\/users\/2"}],"replies":[{"embeddable":true,"href":"https:\/\/www.europesays.com\/fr\/wp-json\/wp\/v2\/comments?post=495292"}],"version-history":[{"count":0,"href":"https:\/\/www.europesays.com\/fr\/wp-json\/wp\/v2\/posts\/495292\/revisions"}],"wp:featuredmedia":[{"embeddable":true,"href":"https:\/\/www.europesays.com\/fr\/wp-json\/wp\/v2\/media\/495293"}],"wp:attachment":[{"href":"https:\/\/www.europesays.com\/fr\/wp-json\/wp\/v2\/media?parent=495292"}],"wp:term":[{"taxonomy":"category","embeddable":true,"href":"https:\/\/www.europesays.com\/fr\/wp-json\/wp\/v2\/categories?post=495292"},{"taxonomy":"post_tag","embeddable":true,"href":"https:\/\/www.europesays.com\/fr\/wp-json\/wp\/v2\/tags?post=495292"}],"curies":[{"name":"wp","href":"https:\/\/api.w.org\/{rel}","templated":true}]}}