{"id":495300,"date":"2025-10-28T11:41:13","date_gmt":"2025-10-28T11:41:13","guid":{"rendered":"https:\/\/www.europesays.com\/fr\/495300\/"},"modified":"2025-10-28T11:41:13","modified_gmt":"2025-10-28T11:41:13","slug":"alexander-bublik-refuse-de-serrer-la-main-de-son-adversaire-qui-na-pas-respecte-le-code","status":"publish","type":"post","link":"https:\/\/www.europesays.com\/fr\/495300\/","title":{"rendered":"Alexander Bublik refuse de serrer la main de son adversaire qui n\u2019a pas respect\u00e9 \u00able code\u00bb"},"content":{"rendered":"<p>\n    <strong>LE SCAN SPORT &#8211;<\/strong> Le Kazakhstanais s\u2019est impos\u00e9 au 1er tour face \u00e0 Alexei Popyrin (6-4, 6-3) et a d\u00e9cid\u00e9 ne pas serrer la main de son adversaire apr\u00e8s le match.<\/p>\n<p class=\"fig-paragraph\"><a href=\"http:\/\/www.lefigaro.fr\/sports\/tennis\/tennis-adrian-mannarino-s-impose-sans-trembler-contre-alexander-bublik-a-pekin-20250926\" target=\"_blank\" data-fig-type=\"NewsFlash\" rel=\"sponsored noopener\" data-gtm-custom-categorie=\"navigation\" data-gtm-custom-action=\"crossclick\" data-gtm-custom-label=\"Contextuel\" data-gtm-event=\"customEventSPE\" data-fig-domain=\"LEFIGARO\">Alexander Bublik<\/a>\u00a0et Alexei Popyrin ne partiront pas en vacances ensemble. Malgr\u00e9 sa victoire acquise au premier tour du\u00a0<a href=\"http:\/\/www.lefigaro.fr\/sports\/tennis\/rolex-paris-masters-un-lundi-deja-electrique-pour-les-premiers-pas-de-paris-la-defense-arena-20251028\" target=\"_blank\" data-fig-type=\"NewsFlash\" rel=\"sponsored noopener\" data-gtm-custom-categorie=\"navigation\" data-gtm-custom-action=\"crossclick\" data-gtm-custom-label=\"Contextuel\" data-gtm-event=\"customEventSPE\" data-fig-domain=\"LEFIGARO\">Rolex Paris Masters<\/a>\u00a0contre l\u2019Australien (6-4, 6-3), le Kazakhstanais Bublik a d\u00e9cid\u00e9 de ne pas serrer la main de son adversaire. Apr\u00e8s avoir remport\u00e9 le match, le 16e joueur mondial (t\u00eate de s\u00e9rie num\u00e9ro 13 du Masters 1000 de Paris) est directement all\u00e9 saluer l\u2019arbitre avant de c\u00e9l\u00e9brer son succ\u00e8s avec le public fran\u00e7ais sans porter la moindre attention \u00e0 Alexei Popyrin. Une sc\u00e8ne rare.<\/p>\n<blockquote class=\"fig-quote&#10;    \">\n<p class=\"fig-quote__text\">Je pense que tous les gens raisonnables auraient fait la m\u00eame chose.<\/p>\n<p>            Alexander Bublik, sur son refus de serrer la main de Popyrin\n    <\/p><\/blockquote>\n<p class=\"fig-paragraph\">Selon le journaliste espagnol Jos\u00e9 Moron, l\u2019Australien a c\u00e9l\u00e9br\u00e9 deux points ayant touch\u00e9 le filet sans s\u2019excuser. Un fait de jeu qui a entra\u00een\u00e9 la col\u00e8re de Bublik\u00a0: \u00abJe pense que tous les gens raisonnables auraient fait la m\u00eame chose. Il peut c\u00e9l\u00e9brer et apr\u00e8s s\u2019excuser. Je ne suis pas le genre de personnes qui va en faire tout un plat, mais les gens s\u2019excusent normalement pour \u00e7a. Il y a un code. Si quelqu\u2019un ne le respecte pas, pourquoi devrais-je suivre une autre \u00e9tiquette (serrer la main de son adversaire)\u00bb, s\u2019est justifi\u00e9 le Kazakhstanais. Au deuxi\u00e8me tour, Alexander Bublik retrouvera le vainqueur de la rencontre entre<a href=\"http:\/\/www.lefigaro.fr\/sports\/tennis\/tennis-moutet-prend-sa-revanche-sur-medvedev-a-vienne-20251023\" target=\"_blank\" data-fig-type=\"NewsFlash\" rel=\"sponsored noopener\" data-gtm-custom-categorie=\"navigation\" data-gtm-custom-action=\"crossclick\" data-gtm-custom-label=\"Contextuel\" data-gtm-event=\"customEventSPE\" data-fig-domain=\"LEFIGARO\">\u00a0Corentin Moutet\u00a0<\/a>et Opelka.<\/p>\n","protected":false},"excerpt":{"rendered":"LE SCAN SPORT &#8211; Le Kazakhstanais s\u2019est impos\u00e9 au 1er tour face \u00e0 Alexei Popyrin (6-4, 6-3) et&hellip;\n","protected":false},"author":2,"featured_media":495301,"comment_status":"","ping_status":"","sticky":false,"template":"","format":"standard","meta":{"footnotes":""},"categories":[2],"tags":[11,4169,1011,27,1877,4977,12,25],"class_list":{"0":"post-495300","1":"post","2":"type-post","3":"status-publish","4":"format-standard","5":"has-post-thumbnail","7":"category-actualites","8":"tag-actualites","9":"tag-atp","10":"tag-fr","11":"tag-france","12":"tag-la-defense","13":"tag-le-scan-sport","14":"tag-news","15":"tag-republique-francaise"},"share_on_mastodon":{"url":"https:\/\/pubeurope.com\/@fr\/115451611368863138","error":""},"_links":{"self":[{"href":"https:\/\/www.europesays.com\/fr\/wp-json\/wp\/v2\/posts\/495300","targetHints":{"allow":["GET"]}}],"collection":[{"href":"https:\/\/www.europesays.com\/fr\/wp-json\/wp\/v2\/posts"}],"about":[{"href":"https:\/\/www.europesays.com\/fr\/wp-json\/wp\/v2\/types\/post"}],"author":[{"embeddable":true,"href":"https:\/\/www.europesays.com\/fr\/wp-json\/wp\/v2\/users\/2"}],"replies":[{"embeddable":true,"href":"https:\/\/www.europesays.com\/fr\/wp-json\/wp\/v2\/comments?post=495300"}],"version-history":[{"count":0,"href":"https:\/\/www.europesays.com\/fr\/wp-json\/wp\/v2\/posts\/495300\/revisions"}],"wp:featuredmedia":[{"embeddable":true,"href":"https:\/\/www.europesays.com\/fr\/wp-json\/wp\/v2\/media\/495301"}],"wp:attachment":[{"href":"https:\/\/www.europesays.com\/fr\/wp-json\/wp\/v2\/media?parent=495300"}],"wp:term":[{"taxonomy":"category","embeddable":true,"href":"https:\/\/www.europesays.com\/fr\/wp-json\/wp\/v2\/categories?post=495300"},{"taxonomy":"post_tag","embeddable":true,"href":"https:\/\/www.europesays.com\/fr\/wp-json\/wp\/v2\/tags?post=495300"}],"curies":[{"name":"wp","href":"https:\/\/api.w.org\/{rel}","templated":true}]}}