{"id":495302,"date":"2025-10-28T11:42:14","date_gmt":"2025-10-28T11:42:14","guid":{"rendered":"https:\/\/www.europesays.com\/fr\/495302\/"},"modified":"2025-10-28T11:42:14","modified_gmt":"2025-10-28T11:42:14","slug":"cette-reaction-de-lontario-apres-sa-pub-polemique-ne-va-pas-plaire-a-donald-trump","status":"publish","type":"post","link":"https:\/\/www.europesays.com\/fr\/495302\/","title":{"rendered":"cette r\u00e9action de l\u2019Ontario apr\u00e8s sa pub pol\u00e9mique ne va pas plaire \u00e0 Donald Trump"},"content":{"rendered":"<p>        <img decoding=\"async\" loading=\"lazy\" src=\"https:\/\/www.europesays.com\/fr\/wp-content\/uploads\/2025\/10\/acf3675_upload-1-6ecn0aznuytb-afp-20251028-828497j-v1-highres-japanusdiplomacy.jpg\"  width=\"728\" height=\"409\" alt=\"Donald Trump, ici \u00e0 Tokyo au Japon, le 28\u00a0octobre 2025.\"\/>  <\/p>\n<p>ANDREW CABALLERO-REYNOLDS \/ AFP<\/p>\n<p>Donald Trump, ici \u00e0 Tokyo au Japon, le 28\u00a0octobre 2025.<\/p>\n<p class=\"asset asset-text\">INTERNATIONAL &#8211; Le Canada en remet une couche, par l\u2019interm\u00e9diaire du Premier ministre de la province de l\u2019Ontario. Doug Ford a d\u00e9fendu lundi 27\u00a0octobre <a href=\"https:\/\/www.huffingtonpost.fr\/international\/article\/trump-a-ete-tellement-enerve-par-cette-pub-qu-il-a-rompt-les-negociations-commerciales-avec-le-canada_256361.html\" rel=\"nofollow noopener\" target=\"_blank\">sa publicit\u00e9 contre les droits de douane am\u00e9ricains<\/a>, qui est \u00e0 l\u2019origine de la suspension par <a href=\"https:\/\/www.huffingtonpost.fr\/international\/article\/donald-trump-s-en-prend-a-vladimir-poutine-agace-par-un-test-de-missile-a-propulsion-nucleaire-russe_256442.html\" rel=\"nofollow noopener\" target=\"_blank\">Donald Trump<\/a> des n\u00e9gociations commerciales <a href=\"https:\/\/www.huffingtonpost.fr\/international\/article\/pourquoi-donald-trump-a-a-ce-point-une-dent-contre-le-canada-dont-il-veut-faire-le-51e-etat-americain_247557.html\" rel=\"nofollow noopener\" target=\"_blank\">entre les \u00c9tats-Unis et le Canada<\/a>.<\/p>\n<p class=\"asset asset-text\">\u00ab\u00a0Nous avons atteint notre objectif\u00a0\u00bb, a-t-il d\u00e9clar\u00e9 devant des journalistes \u00e0 Toronto, se f\u00e9licitant que la publicit\u00e9 ait \u00e9t\u00e9 vue \u00ab\u00a0plus d\u2019un milliard de fois \u00e0 travers le monde\u00a0\u00bb. \u00ab\u00a0Nous avons ouvert une conversation qui n\u2019existait pas aux \u00c9tats-Unis\u00a0\u00bb, a-t-il ajout\u00e9, multipliant ces derniers jours les entrevues dans les grands m\u00e9dias am\u00e9ricains.<\/p>\n<p> La lecture de ce contenu est susceptible d\u2019entra\u00eener un d\u00e9p\u00f4t de cookies de la part de l\u2019op\u00e9rateur tiers qui l\u2019h\u00e9berge. Compte-tenu des choix que vous avez exprim\u00e9s en mati\u00e8re de d\u00e9p\u00f4t de cookies, nous avons bloqu\u00e9 l\u2019affichage de ce contenu. Si vous souhaitez y acc\u00e9der, vous devez accepter la cat\u00e9gorie de cookies \u201cContenus tiers\u201d en cliquant sur le bouton ci-dessous. <\/p>\n<p> Lire la Vid\u00e9o        <\/p>\n<p class=\"asset asset-text\">L\u2019Ontario, province la plus peupl\u00e9e du pays, est durement touch\u00e9e par les droits de douane du pr\u00e9sident am\u00e9ricain, en particulier dans le secteur automobile.<\/p>\n<p class=\"asset asset-text\">Diffus\u00e9e la semaine derni\u00e8re, la publicit\u00e9 (<strong>\u00e0 voir ci-dessous<\/strong>) utilisait des extraits d\u2019un discours de Ronald Reagan, un mod\u00e8le de Donald Trump, dans lequel l\u2019ex-pr\u00e9sident am\u00e9ricain expliquait que les droits de douane \u00e9lev\u00e9s \u00ab\u00a0d\u00e9clenchent de f\u00e9roces guerres commerciales\u00a0\u00bb.<\/p>\n<p> La lecture de ce contenu est susceptible d\u2019entra\u00eener un d\u00e9p\u00f4t de cookies de la part de l\u2019op\u00e9rateur tiers qui l\u2019h\u00e9berge. Compte-tenu des choix que vous avez exprim\u00e9s en mati\u00e8re de d\u00e9p\u00f4t de cookies, nous avons bloqu\u00e9 l\u2019affichage de ce contenu. Si vous souhaitez y acc\u00e9der, vous devez accepter la cat\u00e9gorie de cookies \u201cContenus tiers\u201d en cliquant sur le bouton ci-dessous. <\/p>\n<p> Lire la Vid\u00e9o        Donald Trump pas pr\u00e8s de rencontrer Mark Carney \u00ab\u00a0avant longtemps\u00a0\u00bb    <\/p>\n<p class=\"asset asset-text\">Doug Ford a affirm\u00e9 que le Premier ministre du Canada <a href=\"https:\/\/www.huffingtonpost.fr\/international\/article\/donald-trump-provoque-mark-carney-qui-lui-rappelle-que-le-canada-ne-sera-jamais-a-vendre_249700.html\" rel=\"nofollow noopener\" target=\"_blank\">Mark Carney<\/a> et son chef de cabinet avaient tous deux visionn\u00e9 la publicit\u00e9 avant sa diffusion. Elle a depuis \u00e9t\u00e9 retir\u00e9e.<\/p>\n<p class=\"asset asset-text\">Donald Trump a d\u00e9nonc\u00e9 une \u00ab\u00a0grave d\u00e9formation des faits\u00a0\u00bb, un \u00ab\u00a0acte hostile\u00a0\u00bb et un \u00ab\u00a0coup tordu\u00a0\u00bb du Canada.<\/p>\n<p class=\"asset asset-text\">Lui et Mark Carney se trouvaient tous les deux lundi \u00e0 Kuala Lumpur, en Malaisie, en marge du sommet de l\u2019Asean (Association des Nations d\u2019Asie du sud-est), mais n\u2019ont eu aucun contact. Donald Trump a indiqu\u00e9 ne pas vouloir rencontrer Mark Carney \u00ab\u00a0avant longtemps\u00a0\u00bb.<\/p>\n<p class=\"asset asset-text\">Le pr\u00e9sident am\u00e9ricain a suspendu jeudi les n\u00e9gociations commerciales avec Ottawa et a annonc\u00e9 samedi l\u2019ajout de 10\u00a0% suppl\u00e9mentaires de droits de douane sur les importations canadiennes d\u00e9j\u00e0 concern\u00e9es.<\/p>\n<p class=\"asset asset-text\">Depuis des mois, les relations canado-am\u00e9ricaines sont tr\u00e8s tendues en raison des droits de douane impos\u00e9s par Donald Trump, qui a affirm\u00e9 par le pass\u00e9 vouloir utiliser la \u00ab\u00a0force \u00e9conomique\u00a0\u00bb pour annexer le Canada aux \u00c9tats-Unis.<\/p>\n","protected":false},"excerpt":{"rendered":"ANDREW CABALLERO-REYNOLDS \/ AFP Donald Trump, ici \u00e0 Tokyo au Japon, le 28\u00a0octobre 2025. INTERNATIONAL &#8211; Le Canada&hellip;\n","protected":false},"author":2,"featured_media":495303,"comment_status":"","ping_status":"","sticky":false,"template":"","format":"standard","meta":{"footnotes":""},"categories":[2],"tags":[11,574,75,2822,73,1011,27,14,12,61796,25],"class_list":{"0":"post-495302","1":"post","2":"type-post","3":"status-publish","4":"format-standard","5":"has-post-thumbnail","7":"category-actualites","8":"tag-actualites","9":"tag-canada","10":"tag-donald-trump","11":"tag-douanes","12":"tag-etats-unis","13":"tag-fr","14":"tag-france","15":"tag-international","16":"tag-news","17":"tag-ontario","18":"tag-republique-francaise"},"share_on_mastodon":{"url":"https:\/\/pubeurope.com\/@fr\/115451615841581531","error":""},"_links":{"self":[{"href":"https:\/\/www.europesays.com\/fr\/wp-json\/wp\/v2\/posts\/495302","targetHints":{"allow":["GET"]}}],"collection":[{"href":"https:\/\/www.europesays.com\/fr\/wp-json\/wp\/v2\/posts"}],"about":[{"href":"https:\/\/www.europesays.com\/fr\/wp-json\/wp\/v2\/types\/post"}],"author":[{"embeddable":true,"href":"https:\/\/www.europesays.com\/fr\/wp-json\/wp\/v2\/users\/2"}],"replies":[{"embeddable":true,"href":"https:\/\/www.europesays.com\/fr\/wp-json\/wp\/v2\/comments?post=495302"}],"version-history":[{"count":0,"href":"https:\/\/www.europesays.com\/fr\/wp-json\/wp\/v2\/posts\/495302\/revisions"}],"wp:featuredmedia":[{"embeddable":true,"href":"https:\/\/www.europesays.com\/fr\/wp-json\/wp\/v2\/media\/495303"}],"wp:attachment":[{"href":"https:\/\/www.europesays.com\/fr\/wp-json\/wp\/v2\/media?parent=495302"}],"wp:term":[{"taxonomy":"category","embeddable":true,"href":"https:\/\/www.europesays.com\/fr\/wp-json\/wp\/v2\/categories?post=495302"},{"taxonomy":"post_tag","embeddable":true,"href":"https:\/\/www.europesays.com\/fr\/wp-json\/wp\/v2\/tags?post=495302"}],"curies":[{"name":"wp","href":"https:\/\/api.w.org\/{rel}","templated":true}]}}