{"id":495306,"date":"2025-10-28T11:44:19","date_gmt":"2025-10-28T11:44:19","guid":{"rendered":"https:\/\/www.europesays.com\/fr\/495306\/"},"modified":"2025-10-28T11:44:19","modified_gmt":"2025-10-28T11:44:19","slug":"jeong-weon-ko-dans-le-champ-a-abu-dhabi-comme-9-des-12-heros-de-bethpage","status":"publish","type":"post","link":"https:\/\/www.europesays.com\/fr\/495306\/","title":{"rendered":"Jeong weon Ko dans le champ \u00e0 Abu Dhabi, comme 9 des 12 h\u00e9ros de Bethpage"},"content":{"rendered":"<p>\t\t\t\t\t\t<img width=\"770\" height=\"557\" src=\"https:\/\/www.europesays.com\/fr\/wp-content\/uploads\/2025\/10\/kostnom-770x557.jpg\" class=\"img-responsive wp-post-image\" alt=\"\" decoding=\"async\" fetchpriority=\"high\"  \/>\t\t\t\t\t<\/p>\n<p>\t\t\t\t\t\t Partager cet article <\/p>\n<p class=\"screen-reader-text juiz_sps_maybe_hidden_text\">Partager la publication \u00ab\u00a0Jeong weon Ko dans le champ \u00e0 Abu Dhabi, comme 9 des 12 h\u00e9ros de Bethpage\u00a0\u00bb<\/p>\n<p><strong>73e de la Race to Duba\u00ef, Jeong weon Ko b\u00e9n\u00e9ficie de quatre forfaits pour entrer dans le champ de l\u2019Abu Dhabi HSBC Championship, 4e Rolex Series de la saison (9 millions de dollars de dotation) et premier des deux tournois des Playoffs du DP World Tour. Il y aura donc cinq Fran\u00e7ais au d\u00e9part mais aussi neuf des douze vainqueurs europ\u00e9ens de la Ryder Cup 2025 \u00e0 Bethpage Black le 28 septembre dernier.\u00a0<\/strong><\/p>\n<p>\t\t\t\t\t<a id=\"188677\" href=\"https:\/\/www.mazaganbeachresort.com\/fr\/golfer-getaway\" target=\"_blank\" rel=\"sponsorised nofollow noopener\"><img decoding=\"async\" src=\"data:image\/svg+xml,%3Csvg%20xmlns=\" http:=\"\" class=\"img-responsive\" alt=\"\" data-lazy-src=\"https:\/\/www.europesays.com\/fr\/wp-content\/uploads\/2025\/10\/mazagan-e01-evasion-golfique-1170x275-1.jpeg\"\/><\/a><\/p>\n<p><strong>L.V.<\/strong><\/p>\n<p>C\u2019est officiel ! En ballotage d\u00e9favorable apr\u00e8s avoir manqu\u00e9 le cut au <strong>Genesis Championship<\/strong>, dernier rendez-vous de la saison r\u00e9guli\u00e8re du <strong>DP World Tour<\/strong>\u00a0o\u00f9 s\u2019est impos\u00e9 <a href=\"https:\/\/www.golfplanete.com\/actualites\/junghwan-lee-succede-a-byeong-hun-an-et-soffre-une-carte-sur-le-dp-world-tour\/\" target=\"_blank\" rel=\"noopener nofollow\">le Sud-Cor\u00e9en Junghwan Lee<\/a>, <strong>Jeong weon Ko<\/strong> est finalement entr\u00e9 dans le champ de l\u2019<strong>Abu Dhabi HSBC Championship<\/strong> (6-9 novembre) qui ne regroupe en principe que le top 70 de la Race. 73e, le golfeur de Bussy (77), <a href=\"https:\/\/www.golfplanete.com\/actualites\/jeong-weon-ko-je-ne-laurais-pas-fait-sans-le-public\/\" target=\"_blank\" rel=\"noopener nofollow\">2e ex aequo du FedEx Open de France \u00e0 St-Nom-la-Bret\u00e8che<\/a>, a en effet ici \u00ab\u00a0b\u00e9n\u00e9fici\u00e9\u00a0\u00bb de quatre forfaits de joueurs mieux plac\u00e9s que lui \u00e0 la Race. A savoir <strong>Justin Rose<\/strong> (19e), <strong>Viktor Hovland<\/strong> (25e), <strong>Jon Rahm<\/strong> (59e) et <strong>Matt Wallace<\/strong> (66e).\u00a0<\/p>\n<p><a href=\"https:\/\/www.europeantour.com\/dpworld-tour\/abu-dhabi-hsbc-championship-2025\/entry-list\" target=\"_blank\" rel=\"noopener nofollow\">Retrouvez le champ complet<\/a><\/p>\n<p>Il y aura donc cinq Tricolores au d\u00e9part de ce 4e <strong>Rolex Series<\/strong> de la saison 2024-25 du Tour europ\u00e9en (9 millions de dollars) : <strong>Adrien<\/strong> <strong>Saddier<\/strong> (5e de la Race), <strong>Martin Couvra<\/strong> (14e), <strong>Romain Langasque<\/strong> (62e), <strong>Ugo Coussaud<\/strong> (64e) et Jeong weon Ko.\u00a0<\/p>\n<p>Le plateau de ce premier des deux tournois des Playoffs du DP World Tour a fi\u00e8re allure puisque neuf des douze h\u00e9ros de la derni\u00e8re <strong>Ryder Cup<\/strong> disput\u00e9e du 26 au 28 septembre \u00e0 <strong>Bethpage Black<\/strong> (New York) sont \u00e9galement pr\u00e9sents : <strong>Rory McIlroy<\/strong> (1er de la Race), <strong>Tyrrell Hatton<\/strong> (3e), <strong>Robert MacIntyre<\/strong> (6e), <strong>Matthew Fitzpatrick<\/strong> (15e), <strong>Tommy Fleetwood<\/strong> (26e) et <strong>Rasmus H\u00f8jgaard<\/strong> (30e).<\/p>\n<p>\t\t\t\t\t<a id=\"188670\" href=\"https:\/\/cabotbordeaux.com\/fr\/golf\/unlimited-golf\" target=\"_blank\" rel=\"sponsorised nofollow noopener\"><img decoding=\"async\" src=\"data:image\/svg+xml,%3Csvg%20xmlns=\" http:=\"\" class=\"img-responsive\" alt=\"\" data-lazy-src=\"https:\/\/www.europesays.com\/fr\/wp-content\/uploads\/2025\/10\/1761149538_393_cabot-e05-offre-speciale-octobre-1170x275-1.gif\"\/><\/a><\/p>\n<blockquote class=\"twitter-tweet\"><p>&#13;<\/p>\n<p dir=\"ltr\" lang=\"en\">Past Champions Confirmed! \ud83c\udfc6<\/p>\n<p>Tommy Fleetwood and Shane Lowry are set to return to the Abu Dhabi HSBC Championship this November. Will one of them lift the trophy again? \ud83d\udc40<\/p>\n<p>\ud83d\uddd3\ufe0f 6-9 NOV<br \/>&#13;<br \/>\n\ud83c\udf9f\ufe0f Tickets on sale now: <a href=\"https:\/\/t.co\/RY3A6BAkJP\" rel=\"nofollow\">https:\/\/t.co\/RY3A6BAkJP<\/a><a href=\"https:\/\/twitter.com\/hashtag\/ADGolfChamps?src=hash&amp;ref_src=twsrc%5Etfw\" rel=\"nofollow noopener\" target=\"_blank\">#ADGolfChamps<\/a> <a href=\"https:\/\/twitter.com\/hashtag\/RolexSeries?src=hash&amp;ref_src=twsrc%5Etfw\" rel=\"nofollow noopener\" target=\"_blank\">#RolexSeries<\/a> <a href=\"https:\/\/t.co\/mVMtxbfeEV\" rel=\"nofollow\">pic.twitter.com\/mVMtxbfeEV<\/a><\/p>\n<p>&#13;<br \/>\n&#13;<br \/>\n\u2014 Abu Dhabi HSBC Championship (@ADGolfChamps) <a href=\"https:\/\/twitter.com\/ADGolfChamps\/status\/1981274535438536833?ref_src=twsrc%5Etfw\" rel=\"nofollow noopener\" target=\"_blank\">October 23, 2025<\/a><\/p><\/blockquote>\n<p><a href=\"https:\/\/www.golfplanete.com\/actualites\/pourquoi-shane-lowry-et-ludvig-aberg-sont-ils-autorises-a-participer-au-playoffs-du-dp-world-tour-malgre-leur-mauvais-classement-a-la-race\/\" target=\"_blank\" rel=\"noopener nofollow\">Malgr\u00e9 leur classement bien au-del\u00e0 du top 70<\/a>, <strong>Ludvig \u00c5berg<\/strong> (80e), <strong>Shane Lowry<\/strong> (112e) et <strong>Sepp Straka<\/strong> (149e) ont, eux aussi, \u00e9t\u00e9 convi\u00e9s. Il y aura donc 73 joueurs align\u00e9s sur le redoutable <strong>Yas Links<\/strong> d\u2019Abu Dhabi.\u00a0<\/p>\n<p>A noter que trois joueurs \u00e9voluant sur le <strong>LIV Golf<\/strong> sont pr\u00e9sents. Outre Tyrrell Hatton, on retrouve <strong>Patrick Reed<\/strong> (22e de la Race) et <strong>Tom McKibbin<\/strong> (41e).\u00a0<\/p>\n<p>Rappelons que seuls les 50 premiers de la Race \u00e0 l\u2019issue de l\u2019Abu Dhabi HSBC Championship pourront disputer le <strong>DP World Tour Championship<\/strong> (13-16 novembre) sur le Earth Course du <strong>Jumeirah Golf Estates<\/strong> de Duba\u00ef. Absent \u00e0 Abu Dhabi, Justin Rose, qui d\u00e9tient le record du parcours, sera cette fois dans le champ. Ainsi que les vainqueurs de la Ryder Cup \u00e0 Bethpage. A l\u2019heure o\u00f9 nous \u00e9crivons ces lignes, Viktor Hovland n\u2019avait pas encore confirm\u00e9 sa pr\u00e9sence alors que Jon Rahm s\u2019est officiellement \u00ab\u00a0offert\u00a0\u00bb cinq mois de vacances !\u00a0<\/p>\n<p>Photo : STUART FRANKLIN \/ GETTY IMAGES EUROPE \/ Getty Images via AFP<\/p>\n<p>\t\t\t\t\t<a id=\"187759\" href=\"https:\/\/leclub-golf.com\/fr\/private-card\/offre-15-mois-carte-classic?utm_source=golf+planete&amp;utm_medium=referral&amp;utm_campaign=15+mois+offerts+classic&amp;utm_id=15+mois+offerts+classic__golf+planete_referral_banner\" target=\"_blank\" rel=\"sponsorised nofollow noopener\"><img decoding=\"async\" src=\"data:image\/svg+xml,%3Csvg%20xmlns=\" http:=\"\" class=\"img-responsive\" alt=\"\" data-lazy-src=\"https:\/\/www.europesays.com\/fr\/wp-content\/uploads\/2025\/09\/leclubgolf-e12-douceur-automne-1170x275-1.jpg\"\/><\/a>\t\t\t\t<\/p>\n<p>\t\t\t<script async src=\"https:\/\/platform.twitter.com\/widgets.js\" charset=\"utf-8\"><\/script><\/p>\n","protected":false},"excerpt":{"rendered":"Partager cet article Partager la publication \u00ab\u00a0Jeong weon Ko dans le champ \u00e0 Abu Dhabi, comme 9 des&hellip;\n","protected":false},"author":2,"featured_media":495307,"comment_status":"","ping_status":"","sticky":false,"template":"","format":"standard","meta":{"footnotes":""},"categories":[1418],"tags":[1011,27,1472,60],"class_list":{"0":"post-495306","1":"post","2":"type-post","3":"status-publish","4":"format-standard","5":"has-post-thumbnail","7":"category-golf","8":"tag-fr","9":"tag-france","10":"tag-golf","11":"tag-sports"},"share_on_mastodon":{"url":"https:\/\/pubeurope.com\/@fr\/115451624301888195","error":""},"_links":{"self":[{"href":"https:\/\/www.europesays.com\/fr\/wp-json\/wp\/v2\/posts\/495306","targetHints":{"allow":["GET"]}}],"collection":[{"href":"https:\/\/www.europesays.com\/fr\/wp-json\/wp\/v2\/posts"}],"about":[{"href":"https:\/\/www.europesays.com\/fr\/wp-json\/wp\/v2\/types\/post"}],"author":[{"embeddable":true,"href":"https:\/\/www.europesays.com\/fr\/wp-json\/wp\/v2\/users\/2"}],"replies":[{"embeddable":true,"href":"https:\/\/www.europesays.com\/fr\/wp-json\/wp\/v2\/comments?post=495306"}],"version-history":[{"count":0,"href":"https:\/\/www.europesays.com\/fr\/wp-json\/wp\/v2\/posts\/495306\/revisions"}],"wp:featuredmedia":[{"embeddable":true,"href":"https:\/\/www.europesays.com\/fr\/wp-json\/wp\/v2\/media\/495307"}],"wp:attachment":[{"href":"https:\/\/www.europesays.com\/fr\/wp-json\/wp\/v2\/media?parent=495306"}],"wp:term":[{"taxonomy":"category","embeddable":true,"href":"https:\/\/www.europesays.com\/fr\/wp-json\/wp\/v2\/categories?post=495306"},{"taxonomy":"post_tag","embeddable":true,"href":"https:\/\/www.europesays.com\/fr\/wp-json\/wp\/v2\/tags?post=495306"}],"curies":[{"name":"wp","href":"https:\/\/api.w.org\/{rel}","templated":true}]}}