{"id":495318,"date":"2025-10-28T11:53:12","date_gmt":"2025-10-28T11:53:12","guid":{"rendered":"https:\/\/www.europesays.com\/fr\/495318\/"},"modified":"2025-10-28T11:53:12","modified_gmt":"2025-10-28T11:53:12","slug":"zaz-malade-a-du-prendre-la-decision-la-plus-difficile-pour-un-artiste","status":"publish","type":"post","link":"https:\/\/www.europesays.com\/fr\/495318\/","title":{"rendered":"Zaz, malade, a d\u00fb prendre la d\u00e9cision la plus difficile pour un artiste"},"content":{"rendered":"<p>Figure incontournable de la chanson fran\u00e7aise, <a href=\"https:\/\/www.public.fr\/tag\/zaz\" target=\"_blank\" rel=\"noopener\"><strong>Zaz<\/strong><\/a> s&rsquo;est impos\u00e9e au fil des ann\u00e9es comme une artiste \u00e0 part, au timbre unique et \u00e0 l&rsquo;\u00e9nergie contagieuse. <\/p>\n<p>En 2011, son titre Je veux l&rsquo;a d&rsquo;ailleurs propuls\u00e9e sous le feu des projecteurs et lui a valu de d\u00e9crocher le prix de la Chanson de l&rsquo;ann\u00e9e aux Victoires de la musique. <\/p>\n<p>Zaz : deux dates de sa tourn\u00e9e annul\u00e9es <\/p>\n<p>Des ann\u00e9es apr\u00e8s cette cons\u00e9cration, Zaz continue de s\u00e9duire les m\u00e9lomanes par sa voix singuli\u00e8re et son authenticit\u00e9. <\/p>\n<p>D\u00e9sormais coach dans The Voice, la chanteuse a d\u00e9voil\u00e9 le 19 septembre dernier <strong>son sixi\u00e8me album, Sains et saufs. <\/strong><\/p>\n<p>Pour c\u00e9l\u00e9brer cette sortie, elle avait alors entam\u00e9 <strong>une tourn\u00e9e \u00e0 travers la France, la Belgique et le Luxembourg<\/strong>. Mais coup dur pour ses fans&#8230; les prochaines dates viennent d&rsquo;\u00eatre annul\u00e9es.<\/p>\n<p>Ce lundi 27 octobre 2025, l&rsquo;interpr\u00e8te de On ira s&rsquo;est empar\u00e9e de ses <a href=\"https:\/\/www.instagram.com\/zaz_off\/?hl=fr\" target=\"_blank\" rel=\"noreferrer noopener\">r\u00e9seaux sociaux<\/a> afin d&rsquo;annoncer la triste nouvelle. \u00ab\u00a0<strong>Les concerts pr\u00e9vus au Radiant \u00e0 Lyon et \u00e0 la maison de la culture \u00e0 Clermont-Ferrand sont annul\u00e9s<\/strong>\u00ab\u00a0, a-t-elle expliqu\u00e9. <\/p>\n<p>La chanteuse mise au repos forc\u00e9 apr\u00e8s une extinction de voix<\/p>\n<p>\u00ab\u00a0Je pensais y arriver et r\u00e9ussir \u00e0 maintenir\u2026 C\u2019\u00e9tait d\u00e9j\u00e0 miraculeux de chanter hier soir \u00e0 Avignon. Mais l\u00e0, <strong>je suis totalement aphone, avec une sensation de couteaux dans la gorge<\/strong>. Impossible de chanter, je suis donc oblig\u00e9e de me reposer. Je suis tellement d\u00e9sol\u00e9e. Je vais retrouver ma voix tr\u00e8s vite et vous retrouver \u00e0 Bordeaux et Toulouse. Prenez soin de vous\u00a0\u00bb, a ajout\u00e9 la star qui souffre d&rsquo;une \u00ab\u00a0extinction de voix n\u00e9cessitant un repos complet sur avis m\u00e9dical\u00a0\u00bb. <\/p>\n<p>Les m\u00e9lomanes n&rsquo;ont aucun souci \u00e0 se faire concernant leurs billets. \u00ab\u00a0<strong>Les billets achet\u00e9s pour ces concerts seront enti\u00e8rement rembours\u00e9s<\/strong>. Les spectateurs sont invit\u00e9s \u00e0 se rapprocher de leur point de vente habituel pour les modalit\u00e9s de remboursement\u00a0\u00bb. <\/p>\n<p>Une d\u00e9ception pour les fans, certes, mais une petite consolation tout de m\u00eame&#8230; De quoi adoucir un peu la d\u00e9ception en attendant le retour de Zaz sur sc\u00e8ne.<\/p>\n<p>\n          Hits &amp; People en continu\n        <\/p>\n<p>\n          Public Radio\n        <\/p>\n<p>      Mentionn\u00e9s dans cet article<\/p>\n<p>      Sur le m\u00eame sujet<\/p>\n<p>  <script async src=\"\/\/www.instagram.com\/embed.js\"><\/script><\/p>\n","protected":false},"excerpt":{"rendered":"Figure incontournable de la chanson fran\u00e7aise, Zaz s&rsquo;est impos\u00e9e au fil des ann\u00e9es comme une artiste \u00e0 part,&hellip;\n","protected":false},"author":2,"featured_media":495319,"comment_status":"","ping_status":"","sticky":false,"template":"","format":"standard","meta":{"footnotes":""},"categories":[1359],"tags":[1697,58,59,1011,27,973,71,6706],"class_list":{"0":"post-495318","1":"post","2":"type-post","3":"status-publish","4":"format-standard","5":"has-post-thumbnail","7":"category-people","8":"tag-concert","9":"tag-divertissement","10":"tag-entertainment","11":"tag-fr","12":"tag-france","13":"tag-people","14":"tag-sante","15":"tag-zaz"},"share_on_mastodon":{"url":"https:\/\/pubeurope.com\/@fr\/115451658480469441","error":""},"_links":{"self":[{"href":"https:\/\/www.europesays.com\/fr\/wp-json\/wp\/v2\/posts\/495318","targetHints":{"allow":["GET"]}}],"collection":[{"href":"https:\/\/www.europesays.com\/fr\/wp-json\/wp\/v2\/posts"}],"about":[{"href":"https:\/\/www.europesays.com\/fr\/wp-json\/wp\/v2\/types\/post"}],"author":[{"embeddable":true,"href":"https:\/\/www.europesays.com\/fr\/wp-json\/wp\/v2\/users\/2"}],"replies":[{"embeddable":true,"href":"https:\/\/www.europesays.com\/fr\/wp-json\/wp\/v2\/comments?post=495318"}],"version-history":[{"count":0,"href":"https:\/\/www.europesays.com\/fr\/wp-json\/wp\/v2\/posts\/495318\/revisions"}],"wp:featuredmedia":[{"embeddable":true,"href":"https:\/\/www.europesays.com\/fr\/wp-json\/wp\/v2\/media\/495319"}],"wp:attachment":[{"href":"https:\/\/www.europesays.com\/fr\/wp-json\/wp\/v2\/media?parent=495318"}],"wp:term":[{"taxonomy":"category","embeddable":true,"href":"https:\/\/www.europesays.com\/fr\/wp-json\/wp\/v2\/categories?post=495318"},{"taxonomy":"post_tag","embeddable":true,"href":"https:\/\/www.europesays.com\/fr\/wp-json\/wp\/v2\/tags?post=495318"}],"curies":[{"name":"wp","href":"https:\/\/api.w.org\/{rel}","templated":true}]}}