{"id":495324,"date":"2025-10-28T11:59:11","date_gmt":"2025-10-28T11:59:11","guid":{"rendered":"https:\/\/www.europesays.com\/fr\/495324\/"},"modified":"2025-10-28T11:59:11","modified_gmt":"2025-10-28T11:59:11","slug":"la-production-aurait-pu-eviter-de","status":"publish","type":"post","link":"https:\/\/www.europesays.com\/fr\/495324\/","title":{"rendered":"la production aurait pu \u00e9viter de&#8230;"},"content":{"rendered":"<p><strong>Tacle<\/strong>. <a href=\"https:\/\/www.journaldesfemmes.fr\/people\/personnalites\/2857015-helene-segara-vie-privee-compagnon-maladie-sante-biographie\/\" title=\"H\u00e9l\u00e8ne Rizzo\" rel=\"nofollow noopener\" target=\"_blank\">H\u00e9l\u00e8ne S\u00e9gara<\/a> a fait une chute sur le plateau de la Star Academy en 2023 et estime que la production est enti\u00e8rement responsable. \u00ab\u00a0La production m&rsquo;a fait monter sur sc\u00e8ne sur un tampon (un \u00e9l\u00e9vateur). Ce n&rsquo;\u00e9tait pas tr\u00e8s sympa. Ils savaient que j&rsquo;\u00e9tais malvoyante et que les escaliers m&rsquo;effrayaient un peu (&#8230;) Malheureusement, l&rsquo;appareil ne s&rsquo;est pas arr\u00eat\u00e9 au bon endroit. Il y avait un petit \u00e9cart que je n&rsquo;avais pas vu. J&rsquo;ai donc chut\u00e9 en direct (&#8230;) Je n&rsquo;ai pas \u00e0 rougir de ce moment, qui aurait pu arriver \u00e0 n&rsquo;importe qui mais la production aurait d\u00fb r\u00e9fl\u00e9chir davantage avant de me mettre dans une telle situation\u00a0\u00bb, a expliqu\u00e9 la chanteuse \u00e0\u00a0Cin\u00e9 T\u00e9l\u00e9 Revue.<\/p>\n","protected":false},"excerpt":{"rendered":"Tacle. H\u00e9l\u00e8ne S\u00e9gara a fait une chute sur le plateau de la Star Academy en 2023 et estime&hellip;\n","protected":false},"author":2,"featured_media":495325,"comment_status":"","ping_status":"","sticky":false,"template":"","format":"standard","meta":{"footnotes":""},"categories":[1355],"tags":[61797,51761,58,59,52292,1011,27,38075,51766,1031,1361,873],"class_list":{"0":"post-495324","1":"post","2":"type-post","3":"status-publish","4":"format-standard","5":"has-post-thumbnail","7":"category-musique","8":"tag-cms-journaldesfemmes-3245450","9":"tag-controller-content","10":"tag-divertissement","11":"tag-entertainment","12":"tag-format-reportage","13":"tag-fr","14":"tag-france","15":"tag-helene-segara","16":"tag-les-histoires-du-jdf","17":"tag-magazine","18":"tag-music","19":"tag-musique"},"share_on_mastodon":{"url":"https:\/\/pubeurope.com\/@fr\/115451682513077209","error":""},"_links":{"self":[{"href":"https:\/\/www.europesays.com\/fr\/wp-json\/wp\/v2\/posts\/495324","targetHints":{"allow":["GET"]}}],"collection":[{"href":"https:\/\/www.europesays.com\/fr\/wp-json\/wp\/v2\/posts"}],"about":[{"href":"https:\/\/www.europesays.com\/fr\/wp-json\/wp\/v2\/types\/post"}],"author":[{"embeddable":true,"href":"https:\/\/www.europesays.com\/fr\/wp-json\/wp\/v2\/users\/2"}],"replies":[{"embeddable":true,"href":"https:\/\/www.europesays.com\/fr\/wp-json\/wp\/v2\/comments?post=495324"}],"version-history":[{"count":0,"href":"https:\/\/www.europesays.com\/fr\/wp-json\/wp\/v2\/posts\/495324\/revisions"}],"wp:featuredmedia":[{"embeddable":true,"href":"https:\/\/www.europesays.com\/fr\/wp-json\/wp\/v2\/media\/495325"}],"wp:attachment":[{"href":"https:\/\/www.europesays.com\/fr\/wp-json\/wp\/v2\/media?parent=495324"}],"wp:term":[{"taxonomy":"category","embeddable":true,"href":"https:\/\/www.europesays.com\/fr\/wp-json\/wp\/v2\/categories?post=495324"},{"taxonomy":"post_tag","embeddable":true,"href":"https:\/\/www.europesays.com\/fr\/wp-json\/wp\/v2\/tags?post=495324"}],"curies":[{"name":"wp","href":"https:\/\/api.w.org\/{rel}","templated":true}]}}