{"id":495350,"date":"2025-10-28T12:12:20","date_gmt":"2025-10-28T12:12:20","guid":{"rendered":"https:\/\/www.europesays.com\/fr\/495350\/"},"modified":"2025-10-28T12:12:20","modified_gmt":"2025-10-28T12:12:20","slug":"a-nancy-un-homme-suit-une-jeune-femme-dans-la-rue-sintroduit-de-force-a-son-domicile-et-la-viole","status":"publish","type":"post","link":"https:\/\/www.europesays.com\/fr\/495350\/","title":{"rendered":"\u00c0 Nancy, un homme suit une jeune femme dans la rue, s\u2019introduit de force \u00e0 son domicile et la viole"},"content":{"rendered":"<p>Une jeune femme a \u00e9t\u00e9 agress\u00e9e au petit matin, samedi 18\u00a0octobre, au retour d\u2019une soir\u00e9e pass\u00e9e dans un bar et au domicile de plusieurs amis, \u00e0 Nancy (Meurthe-et-Moselle). Suivie de pr\u00e8s sur son trajet jusqu\u2019\u00e0 son appartement par un homme, celui-ci serait parvenu \u00e0 s\u2019y introduire de force. Il aurait ensuite viol\u00e9 et rou\u00e9 de coups la jeune femme avant de s\u2019enfuir, indique <a target=\"_blank\" href=\"https:\/\/www.lefigaro.fr\/faits-divers\/nancy-une-jeune-femme-suivie-dans-la-rue-puis-violee-et-battue-a-son-domicile-20251027\" rel=\"noopener\">Le Figaro<\/a>, confirmant une information r\u00e9v\u00e9l\u00e9e par <a target=\"_blank\" href=\"https:\/\/www.estrepublicain.fr\/faits-divers-justice\/2025\/10\/24\/il-viole-et-tabasse-une-jeune-femme-apres-l-avoir-abordee-dans-la-rue\" rel=\"noopener\">L\u2019Est R\u00e9publicain<\/a>.<\/p>\n<p>Plac\u00e9 en d\u00e9tention provisoire<\/p>\n<p>Le suspect, un homme de 25\u00a0ans, a \u00e9t\u00e9 plac\u00e9 en garde \u00e0 vue, d\u00e9f\u00e9r\u00e9 et mis en examen <a target=\"_self\" href=\"https:\/\/www.lanouvellerepublique.fr\/a-la-une\/l-assemblee-integre-le-non-consentement-a-la-definition-penale-du-viol-l-adoption-definitive-attendue-la-semaine-prochaine-1761214433\" rel=\"noopener\">pour viol<\/a>. Apr\u00e8s son passage devant les magistrats, vendredi 24\u00a0octobre, il a \u00e9t\u00e9 plac\u00e9 en d\u00e9tention provisoire.<\/p>\n","protected":false},"excerpt":{"rendered":"Une jeune femme a \u00e9t\u00e9 agress\u00e9e au petit matin, samedi 18\u00a0octobre, au retour d\u2019une soir\u00e9e pass\u00e9e dans un&hellip;\n","protected":false},"author":2,"featured_media":495351,"comment_status":"","ping_status":"","sticky":false,"template":"","format":"standard","meta":{"footnotes":""},"categories":[9635],"tags":[328,1111,11,1777,674,274,1011,27,329,775,1702,12,25,797],"class_list":{"0":"post-495350","1":"post","2":"type-post","3":"status-publish","4":"format-standard","5":"has-post-thumbnail","7":"category-nancy","8":"tag-a-la-une","9":"tag-actu","10":"tag-actualites","11":"tag-eu","12":"tag-europe","13":"tag-faits-divers-justice","14":"tag-fr","15":"tag-france","16":"tag-france-monde","17":"tag-grand-est","18":"tag-nancy","19":"tag-news","20":"tag-republique-francaise","21":"tag-violences-faites-aux-femmes"},"share_on_mastodon":{"url":"https:\/\/pubeurope.com\/@fr\/115451733246737077","error":""},"_links":{"self":[{"href":"https:\/\/www.europesays.com\/fr\/wp-json\/wp\/v2\/posts\/495350","targetHints":{"allow":["GET"]}}],"collection":[{"href":"https:\/\/www.europesays.com\/fr\/wp-json\/wp\/v2\/posts"}],"about":[{"href":"https:\/\/www.europesays.com\/fr\/wp-json\/wp\/v2\/types\/post"}],"author":[{"embeddable":true,"href":"https:\/\/www.europesays.com\/fr\/wp-json\/wp\/v2\/users\/2"}],"replies":[{"embeddable":true,"href":"https:\/\/www.europesays.com\/fr\/wp-json\/wp\/v2\/comments?post=495350"}],"version-history":[{"count":0,"href":"https:\/\/www.europesays.com\/fr\/wp-json\/wp\/v2\/posts\/495350\/revisions"}],"wp:featuredmedia":[{"embeddable":true,"href":"https:\/\/www.europesays.com\/fr\/wp-json\/wp\/v2\/media\/495351"}],"wp:attachment":[{"href":"https:\/\/www.europesays.com\/fr\/wp-json\/wp\/v2\/media?parent=495350"}],"wp:term":[{"taxonomy":"category","embeddable":true,"href":"https:\/\/www.europesays.com\/fr\/wp-json\/wp\/v2\/categories?post=495350"},{"taxonomy":"post_tag","embeddable":true,"href":"https:\/\/www.europesays.com\/fr\/wp-json\/wp\/v2\/tags?post=495350"}],"curies":[{"name":"wp","href":"https:\/\/api.w.org\/{rel}","templated":true}]}}