{"id":49539,"date":"2025-04-24T16:04:13","date_gmt":"2025-04-24T16:04:13","guid":{"rendered":"https:\/\/www.europesays.com\/fr\/49539\/"},"modified":"2025-04-24T16:04:13","modified_gmt":"2025-04-24T16:04:13","slug":"au-mexique-un-spot-anti-migrants-finance-par-les-etats-unis-suscite-lindignation","status":"publish","type":"post","link":"https:\/\/www.europesays.com\/fr\/49539\/","title":{"rendered":"Au Mexique, un spot anti-migrants financ\u00e9 par les \u00c9tats-Unis suscite l&rsquo;indignation"},"content":{"rendered":"<p>Une vid\u00e9o d&rsquo;une minute est diffus\u00e9e au Mexique depuis quelque temps.Dans ce spot publicitaire, la secr\u00e9taire d&rsquo;\u00c9tat am\u00e9ricaine \u00e0 la S\u00e9curit\u00e9, Kristi Noem, recommande aux Mexicains de ne pas tenter de rejoindre les \u00c9tats-Unis ill\u00e9galement sous peine de poursuites.La pr\u00e9sidente mexicaine d\u00e9nonce une tentative de \u00ab\u00a0propagande \u00e9trang\u00e8re\u00a0\u00bb.<a href=\"https:\/\/www.tf1info.fr\/actualite\/etats-unis-election-presidentielle-americaine-2024-donald-trump-vs-kamala-harris-13534\/\" rel=\"nofollow noopener\" class=\"jsx-3118104007 Link jsx-1428418400 jsx-554215408\" target=\"_blank\"><\/p>\n<p style=\"font-weight:400\" class=\"jsx-1837267516\">Suivez la couverture compl\u00e8te<\/p>\n<p style=\"font-weight:800\" class=\"jsx-1837267516\">Le second mandat de Donald Trump<\/p>\n<p><\/a><\/p>\n<p data-module=\"article-paragraph\" class=\"jsx-362436225 Paragraph Paragraph__End\">\u00ab\u00a0Si vous comptiez entrer ill\u00e9galement aux \u00c9tats-Unis, je vous le dis, n\u2019y comptez m\u00eame pas.\u00a0\u00bb Cette phrase a \u00e9t\u00e9 prononc\u00e9e par la secr\u00e9taire d&rsquo;\u00c9tat am\u00e9ricaine \u00e0 la S\u00e9curit\u00e9, Kristi Noem, dans un spot de publicit\u00e9 anti-immigration financ\u00e9 par l&rsquo;administration Trump est diffus\u00e9e depuis le d\u00e9but du mois d&rsquo;avril \u00e0 la t\u00e9l\u00e9vision mexicaine.<\/p>\n<p data-module=\"article-paragraph\" class=\"jsx-362436225 Paragraph Paragraph__End\">Personnes menott\u00e9es, arrestation, image de prison&#8230; <a href=\"https:\/\/www.youtube.com\/watch?v=hhRt3FKXgGU\" target=\"_blank\" rel=\"nofollow noopener\">Dans cette vid\u00e9o, (nouvelle fen\u00eatre)<\/a> Kristi Noem, s&rsquo;adresse aux Mexicains pendant une minute et leur recommande de renoncer \u00e0 toute tentative d&rsquo;entr\u00e9e ill\u00e9gale aux \u00c9tats-Unis, sous peine de poursuites. \u00ab\u00a0Si vous venez ici et enfreignez nos lois, nous vous traquerons. Les criminels ne sont pas les bienvenus aux \u00c9tats-Unis. Je vous assure que le pr\u00e9sident Trump tient sa promesse de rendre l&rsquo;Am\u00e9rique \u00e0 nouveau s\u00fbre\u00a0\u00bb, averti la secr\u00e9taire d&rsquo;\u00c9tat \u00e0 la S\u00e9curit\u00e9. \u00ab\u00a0Depuis trop longtemps, des dirigeants faibles ont laiss\u00e9 nos fronti\u00e8res grandes ouvertes, laissant nos communaut\u00e9s \u00eatre submerg\u00e9es par la drogue, le trafic d&rsquo;\u00eatres humains et les criminels. Cette \u00e9poque est d\u00e9sormais r\u00e9volue.\u00a0\u00bb Ce spot de publicit\u00e9 s&rsquo;inscrit dans le <a href=\"https:\/\/www.tf1info.fr\/international\/etats-unis-le-mexique-annonce-un-bouton-d-alerte-pour-ses-ressortissants-avant-le-retour-de-donald-trump-au-pouvoir-le-20-janvier-2024-2341786.html\" rel=\"nofollow noopener\" target=\"_blank\">discours anti-immigration<\/a> de Donald Trump envers le Mexique.\u00a0<\/p>\n<p data-module=\"article-paragraph\" class=\"jsx-362436225 Paragraph Paragraph__End\">La diffusion de cette vid\u00e9o a suscit\u00e9 de vives r\u00e9actions au <a href=\"https:\/\/www.tf1info.fr\/international\/etats-unis-guerre-commerciale-droits-de-douane-imposes-par-donald-trump-comment-le-mexique-le-canada-et-la-chine-comptent-repliquer-2348364.html\" rel=\"nofollow noopener\" target=\"_blank\">Mexique<\/a>. Plusieurs m\u00e9dias d\u00e9noncent une op\u00e9ration de communication massive, orchestr\u00e9e par l&rsquo;administration Trump dans le cadre de sa strat\u00e9gie contre l&rsquo;immigration. La pr\u00e9sidente mexicaine, Claudia Sheinbaum, a qualifi\u00e9 le spot publicitaire de \u00ab\u00a0discriminatoire\u00a0\u00bb et relevant \u00ab\u00a0de propagande \u00e9trang\u00e8re\u00a0\u00bb. Le gouvernement mexicain a demand\u00e9 aux cha\u00eenes priv\u00e9es le retrait de cette campagne au nom d'\u00a0\u00bbune soci\u00e9t\u00e9 sans discrimination\u00a0\u00bb.\u00a0<\/p>\n<p>Une publicit\u00e9 contraire aux lois locales<\/p>\n<p data-module=\"article-paragraph\" class=\"jsx-362436225 Paragraph Paragraph__End\">\u00c0 ce jour, le montant et la dur\u00e9e totale de la campagne ne sont pas connus. Selon <a href=\"https:\/\/elpais.com\/mexico\/2025-04-22\/la-laguna-legal-que-permitio-al-gobierno-de-trump-contratar-espacios-en-la-tv-de-mexico-para-su-campana-antiinmigrante.html#\" target=\"_blank\" rel=\"nofollow noopener\">le journal El Pais Am\u00e9rica (nouvelle fen\u00eatre)<\/a>, le gouvernement am\u00e9ricain a profit\u00e9 d&rsquo;une \u00ab\u00a0faille juridique\u00a0\u00bb pour diffuser la campagne \u00e0 travers un contrat avec l&rsquo;un des principaux groupes audiovisuels du pays, Televisa. En effet, une disposition de la loi f\u00e9d\u00e9rale sur les t\u00e9l\u00e9communications dispose que \u00ab\u00a0les concessionnaires et les titulaires de permis de radiodiffusion dans le pays ne [pouvaient] pas diffuser de la propagande politique, id\u00e9ologique ou commerciale de gouvernements ou d&rsquo;entit\u00e9s \u00e9trangers\u00a0\u00bb. Mais cette loi a \u00e9t\u00e9 supprim\u00e9e en 2014, critique la pr\u00e9sidente.<\/p>\n<p data-module=\"article-paragraph\" class=\"jsx-362436225 Paragraph Paragraph__End\">Cependant, la loi actuelle dispose, elle aussi, d&rsquo;une mention qui interdit cette campagne. Selon la loi, la \u00ab\u00a0publicit\u00e9 commerciale doit \u00e9viter les \u00e9missions contraires aux principes de paix, de non-discrimination, et de respect de la dignit\u00e9 de tous\u00a0\u00bb. La campagne a \u00e9galement fait l&rsquo;objet de nombreuses plaintes devant le Conseil national pour pr\u00e9venir la discrimination.\u00a0<\/p>\n<ul class=\"jsx-658110588 ReadMoreArticle__List flex flex-column\">\n<li class=\"jsx-658110588\"><a href=\"https:\/\/www.tf1info.fr\/international\/video-reportage-frontiere-mexique-etats-unis-les-effets-des-decrets-anti-immigration-de-trump-deja-bien-visibles-2346517.html\" rel=\"nofollow noopener\" class=\"jsx-4233824444 Link flex\" target=\"_blank\"><img decoding=\"async\" src=\"https:\/\/www.europesays.com\/fr\/wp-content\/uploads\/2025\/04\/capmex-20535f-0@1x.jpeg\" alt=\"Lire aussi\" loading=\"lazy\" importance=\"low\" fetchpriority=\"low\" class=\"\" copyright=\"TF1\"\/>\n<p class=\"jsx-658110588 ReadMoreArticle__Title\">Lire aussi<\/p>\n<p class=\"jsx-658110588\">Fronti\u00e8re mexicaine : les effets des d\u00e9crets anti-immigration de Trump d\u00e9j\u00e0 bien visibles<\/p>\n<p><\/a><\/li>\n<\/ul>\n<p data-module=\"article-paragraph\" class=\"jsx-362436225 Paragraph Paragraph__End\">La pr\u00e9sidente mexicaine a annonc\u00e9 sa volont\u00e9 de r\u00e9viser le cadre l\u00e9gislatif afin d&rsquo;\u00e9viter que des \u00e9v\u00e9nements similaires se reproduisent. \u00ab\u00a0Cette question fera partie des r\u00e9formes que nous allons pr\u00e9senter aujourd\u2019hui ou demain devant le Congr\u00e8s [\u2026]. Il est imp\u00e9ratif d&#8217;emp\u00eacher qu&rsquo;un gouvernement \u00e9tranger ne puisse payer pour diffuser ce type de message sur notre territoire.\u00a0\u00bb<\/p>\n<p>L\u00e9a DESEILLE<\/p>\n","protected":false},"excerpt":{"rendered":"Une vid\u00e9o d&rsquo;une minute est diffus\u00e9e au Mexique depuis quelque temps.Dans ce spot publicitaire, la secr\u00e9taire d&rsquo;\u00c9tat am\u00e9ricaine&hellip;\n","protected":false},"author":2,"featured_media":49540,"comment_status":"","ping_status":"","sticky":false,"template":"","format":"standard","meta":{"footnotes":""},"categories":[1589],"tags":[1111,11,1921,75,73,1866,1922,2497,5697,12,1864,1865,1863,308,133,1920],"class_list":{"0":"post-49539","1":"post","2":"type-post","3":"status-publish","4":"format-standard","5":"has-post-thumbnail","7":"category-etats-unis","8":"tag-actu","9":"tag-actualites","10":"tag-article-video","11":"tag-donald-trump","12":"tag-etats-unis","13":"tag-etats-unis-damerique","14":"tag-info","15":"tag-le-second-mandat-de-donald-trump","16":"tag-mexique","17":"tag-news","18":"tag-united-states","19":"tag-united-states-of-america","20":"tag-us","21":"tag-usa","22":"tag-video","23":"tag-video-international"},"share_on_mastodon":{"url":"https:\/\/pubeurope.com\/@fr\/114393793693672404","error":""},"_links":{"self":[{"href":"https:\/\/www.europesays.com\/fr\/wp-json\/wp\/v2\/posts\/49539","targetHints":{"allow":["GET"]}}],"collection":[{"href":"https:\/\/www.europesays.com\/fr\/wp-json\/wp\/v2\/posts"}],"about":[{"href":"https:\/\/www.europesays.com\/fr\/wp-json\/wp\/v2\/types\/post"}],"author":[{"embeddable":true,"href":"https:\/\/www.europesays.com\/fr\/wp-json\/wp\/v2\/users\/2"}],"replies":[{"embeddable":true,"href":"https:\/\/www.europesays.com\/fr\/wp-json\/wp\/v2\/comments?post=49539"}],"version-history":[{"count":0,"href":"https:\/\/www.europesays.com\/fr\/wp-json\/wp\/v2\/posts\/49539\/revisions"}],"wp:featuredmedia":[{"embeddable":true,"href":"https:\/\/www.europesays.com\/fr\/wp-json\/wp\/v2\/media\/49540"}],"wp:attachment":[{"href":"https:\/\/www.europesays.com\/fr\/wp-json\/wp\/v2\/media?parent=49539"}],"wp:term":[{"taxonomy":"category","embeddable":true,"href":"https:\/\/www.europesays.com\/fr\/wp-json\/wp\/v2\/categories?post=49539"},{"taxonomy":"post_tag","embeddable":true,"href":"https:\/\/www.europesays.com\/fr\/wp-json\/wp\/v2\/tags?post=49539"}],"curies":[{"name":"wp","href":"https:\/\/api.w.org\/{rel}","templated":true}]}}