{"id":495394,"date":"2025-10-28T12:35:14","date_gmt":"2025-10-28T12:35:14","guid":{"rendered":"https:\/\/www.europesays.com\/fr\/495394\/"},"modified":"2025-10-28T12:35:14","modified_gmt":"2025-10-28T12:35:14","slug":"sortie-contes-vendredi-27-mars-2026-les-prisonniers-du-chateau-dif","status":"publish","type":"post","link":"https:\/\/www.europesays.com\/fr\/495394\/","title":{"rendered":"Sortie Contes | Vendredi 27 mars 2026 : Les Prisonniers du ch\u00e2teau d&rsquo;If"},"content":{"rendered":"<p>La naissance du Conte de Monte Cristo \u2013 D\u2019apr\u00e8s l\u2019\u0153uvre d\u2019Alexandre Dumas<\/p>\n<p>Edmond Dant\u00e8s, victime d\u2019un complot, se retrouve enferm\u00e9 dans un des cachots du Ch\u00e2teau d\u2019If.<br \/>Confront\u00e9 \u00e0 l\u2019isolement, le jeune marin est sauv\u00e9 de la folie par sa rencontre avec un autre prisonnier qui tente de s\u2019\u00e9vader : l\u2019Abb\u00e9 Faria. Le vieil homme \u00e9rudit et d\u2019une extraordinaire vivacit\u00e9 d\u2019esprit accepte d\u2019\u00e9duquer son compagnon d\u2019infortune.<br \/>De leur rencontre na\u00eet un lien profond, celui d\u2019un ma\u00eetre et de son disciple, d\u2019un p\u00e8re et de son fils. En h\u00e9ritage, l\u2019Abb\u00e9 l\u00e8guera \u00e0 Edmond Dant\u00e8s son secret\u2026 Ainsi na\u00eetra la l\u00e9gende du Comte de Monte-Cristo.<\/p>\n<p>5 NOMINATIONS ET 2 PRIX AUX CYRANOS 2022 (Meilleure sc\u00e9nographie, meilleur com\u00e9dien second r\u00f4le, meilleur spectacle tout public, meilleur auteur vivant, meilleur com\u00e9dien premier r\u00f4le).<br \/>3 PRIX lors du Festival de Bougival 2015 (Jury, interpr\u00e9tatspectacles en tous genres : contemporain, com\u00e9die, drame, classique, danse, humour, spectacles musicaux ou encore seul en sc\u00e8ne).<br \/>Adaptation &amp; mise en sc\u00e8ne Gabriel Laborde<br \/>Avec Thibault Truffert, Gabriel Laborde, Arnaud Mattlinger et Alexis Chevalier<\/p>\n<p>&#13;<br \/>\n\t\t\t\t Post Views: 11&#13;\n\t\t\t<\/p>\n<p>Tarif : 25 \u20ac<\/p>\n<p><strong>\u00c0 20h00<\/strong><\/p>\n<p><strong>Th\u00e9\u00e2tre de l&rsquo;H\u00e9lice<\/strong><br \/>5, place Jean Allardi<br \/>06390 Contes<br \/><a href=\"https:\/\/www.helice-contes.fr\/\" target=\"_blank\" rel=\"noopener\">https:\/\/www.helice-contes.fr\/<\/a><\/p>\n<p><a href=\"https:\/\/www.helloasso.com\/associations\/polysonance\/evenements\/les-prisonniers-du-chateau-d-if\" target=\"_blank\" rel=\"noopener\">R\u00e9servation en ligne<\/a><\/p>\n","protected":false},"excerpt":{"rendered":"La naissance du Conte de Monte Cristo \u2013 D\u2019apr\u00e8s l\u2019\u0153uvre d\u2019Alexandre Dumas Edmond Dant\u00e8s, victime d\u2019un complot, se&hellip;\n","protected":false},"author":2,"featured_media":495395,"comment_status":"","ping_status":"","sticky":false,"template":"","format":"standard","meta":{"footnotes":""},"categories":[2814],"tags":[1111,11,13435,1777,674,1011,27,884,12,882,25],"class_list":{"0":"post-495394","1":"post","2":"type-post","3":"status-publish","4":"format-standard","5":"has-post-thumbnail","7":"category-marseille","8":"tag-actu","9":"tag-actualites","10":"tag-contes","11":"tag-eu","12":"tag-europe","13":"tag-fr","14":"tag-france","15":"tag-marseille","16":"tag-news","17":"tag-provence-alpes-cote-dazur","18":"tag-republique-francaise"},"share_on_mastodon":{"url":"https:\/\/pubeurope.com\/@fr\/115451823732532933","error":""},"_links":{"self":[{"href":"https:\/\/www.europesays.com\/fr\/wp-json\/wp\/v2\/posts\/495394","targetHints":{"allow":["GET"]}}],"collection":[{"href":"https:\/\/www.europesays.com\/fr\/wp-json\/wp\/v2\/posts"}],"about":[{"href":"https:\/\/www.europesays.com\/fr\/wp-json\/wp\/v2\/types\/post"}],"author":[{"embeddable":true,"href":"https:\/\/www.europesays.com\/fr\/wp-json\/wp\/v2\/users\/2"}],"replies":[{"embeddable":true,"href":"https:\/\/www.europesays.com\/fr\/wp-json\/wp\/v2\/comments?post=495394"}],"version-history":[{"count":0,"href":"https:\/\/www.europesays.com\/fr\/wp-json\/wp\/v2\/posts\/495394\/revisions"}],"wp:featuredmedia":[{"embeddable":true,"href":"https:\/\/www.europesays.com\/fr\/wp-json\/wp\/v2\/media\/495395"}],"wp:attachment":[{"href":"https:\/\/www.europesays.com\/fr\/wp-json\/wp\/v2\/media?parent=495394"}],"wp:term":[{"taxonomy":"category","embeddable":true,"href":"https:\/\/www.europesays.com\/fr\/wp-json\/wp\/v2\/categories?post=495394"},{"taxonomy":"post_tag","embeddable":true,"href":"https:\/\/www.europesays.com\/fr\/wp-json\/wp\/v2\/tags?post=495394"}],"curies":[{"name":"wp","href":"https:\/\/api.w.org\/{rel}","templated":true}]}}