{"id":495413,"date":"2025-10-28T12:48:32","date_gmt":"2025-10-28T12:48:32","guid":{"rendered":"https:\/\/www.europesays.com\/fr\/495413\/"},"modified":"2025-10-28T12:48:32","modified_gmt":"2025-10-28T12:48:32","slug":"lukraine-frappe-un-barrage-dans-la-region-de-belgorod-et-noie-troupes-et-logistique-russes","status":"publish","type":"post","link":"https:\/\/www.europesays.com\/fr\/495413\/","title":{"rendered":"L&rsquo;Ukraine frappe un barrage dans la r\u00e9gion de Belgorod et noie troupes et logistique russes"},"content":{"rendered":"<p>Si beaucoup de choses se jouent sur le plan diplomatique, la guerre entre <a href=\"https:\/\/www.geo.fr\/geopolitique\/guerre-en-ukraine-l-economie-de-guerre-de-la-russie-s-essouffle-et-frole-la-recession-229184\" rel=\"nofollow noopener\" target=\"_blank\">la Russie<\/a> et <a href=\"https:\/\/www.geo.fr\/geopolitique\/bientot-2-millions-de-reservistes-russes-envoyes-au-front-en-ukraine-229102\" rel=\"nofollow noopener\" target=\"_blank\">l&rsquo;Ukraine<\/a> n&rsquo;est pas pour autant termin\u00e9e \u2013 loin de l\u00e0. Chaque camp continue ainsi \u00e0 jouer pleinement ses \u00ab\u00a0coups\u00a0\u00bb et les troupes sous <a href=\"https:\/\/www.geo.fr\/histoire\/culture-geo-quelle-est-la-signification-du-bleu-et-du-jaune-sur-le-drapeau-ukrainien-214035\" rel=\"nofollow noopener\" target=\"_blank\">drapeau jaune et bleu<\/a> semblent avoir frapp\u00e9 fort, ce dimanche 26\u00a0octobre.<\/p>\n<p>Ainsi que le rapporte notamment le site ukrainien <a href=\"https:\/\/en.defence-ua.com\/news\/ukrainian_drones_strike_belgorod_dam_flood_russian_positions_and_cut_supply_lines_near_vovchansk-16288.html\" rel=\"nofollow noopener\" target=\"_blank\">Defence Express<\/a>, Kiev aurait ainsi, par une attaque de drones, r\u00e9ussi \u00e0 toucher un r\u00e9servoir de la r\u00e9gion frontali\u00e8re de Belgorod, noyant les troupes russes et leur logistique situ\u00e9es en aval.<\/p>\n<blockquote class=\"twitter-tweet\">\n<p lang=\"en\" dir=\"ltr\">\ud83c\udf0a\ud83d\udc40 The Belgorod Reservoir dam continues to release water uncontrollably! <a href=\"https:\/\/t.co\/kGyfaTEODY\" rel=\"nofollow\">pic.twitter.com\/kGyfaTEODY<\/a><\/p>\n<p>\u2014 MAKS 25 \ud83c\uddfa\ud83c\udde6\ud83d\udc40 (@Maks_NAFO_FELLA) <a href=\"https:\/\/twitter.com\/Maks_NAFO_FELLA\/status\/1982732523516867004?ref_src=twsrc%5Etfw\" rel=\"nofollow noopener\" target=\"_blank\">October 27, 2025<\/a><\/p><\/blockquote>\n<p>\u00ab\u00a0Le r\u00e9servoir de Belgorod a craqu\u00e9 aujourd&rsquo;hui. Depuis le \u00ab\u00a0coup magique\u00a0\u00bb, le niveau de l&rsquo;eau a baiss\u00e9 d&rsquo;environ un m\u00e8tre\u00a0\u00bb, a ainsi expliqu\u00e9 sur Telegram Robert \u00ab\u00a0Madyar\u00a0\u00bb Brovdi, patron des op\u00e9rateurs de <a href=\"https:\/\/www.geo.fr\/geopolitique\/les-chars-monstres-la-nouvelle-parade-russe-face-aux-drones-ukrainiens-229185\" rel=\"nofollow noopener\" target=\"_blank\">drones<\/a> du 16e corps d&rsquo;arm\u00e9e ukrainien. Diffus\u00e9es \u00e9galement <a href=\"https:\/\/t.me\/charter97_org\/184322\" rel=\"nofollow\">sur Telegram<\/a>, des images satellitaires montrent assez clairement comment ce m\u00e8tre d&rsquo;eau dans le barrage de Belgorod a noy\u00e9 une partie de la zone en aval, la cha\u00eene Khartiya-97% expliquant que les flots continuent \u00e0 se d\u00e9verser.<\/p>\n<blockquote class=\"twitter-tweet\">\n<p lang=\"en\" dir=\"ltr\">Robert \u00ab\u00a0Magyar\u00a0\u00bb Brovdi confirms that a dam on the Belgorod reservoir was targeted by the 1st Separate Center of the Unmanned Systems Forces (formerly 14th Regiment).<a href=\"https:\/\/t.co\/iMXWKGwQJ2\" rel=\"nofollow\">https:\/\/t.co\/iMXWKGwQJ2<\/a> <a href=\"https:\/\/t.co\/klTKR8BBgg\" rel=\"nofollow\">pic.twitter.com\/klTKR8BBgg<\/a><\/p>\n<p>\u2014 Rob Lee (@RALee85) <a href=\"https:\/\/twitter.com\/RALee85\/status\/1982518307124396128?ref_src=twsrc%5Etfw\" rel=\"nofollow noopener\" target=\"_blank\">October 26, 2025<\/a><\/p><\/blockquote>\n<p>Des tranch\u00e9es noy\u00e9es et une logistique perturb\u00e9e<\/p>\n<p>\u00ab\u00a0Selon Vyacheslav Gladkov, gouverneur de la r\u00e9gion russe de Belgorod, \u00e9crit Defence News, dix zones du district de Shebekino ont \u00e9t\u00e9 touch\u00e9es. Les m\u00e9dias russes ont plus tard rapport\u00e9 que plusieurs unit\u00e9s positionn\u00e9es pr\u00e8s de Vovchansk \u2013 dont des \u00e9l\u00e9ments des 128e, 116e, 68e et 136e brigades \u2013 ont \u00e9t\u00e9 affect\u00e9es.\u00a0\u00bb<\/p>\n<blockquote class=\"twitter-tweet\">\n<p lang=\"en\" dir=\"ltr\">\u203c\ufe0f\u203c\ufe0f\ud83c\uddfa\ud83c\udde6\ud83d\udc4a\ud83c\uddf7\ud83c\uddfa This is the result of Ukrainian rocket artillery strikes on the Belgorod Reservoir dam.<\/p>\n<p>In the Vovchansk sector of the Kharkiv region, Russian bunkers are being flooded, and according to the author of the video, a neighboring position was completely washed away. <a href=\"https:\/\/t.co\/z5ERteeBOG\" rel=\"nofollow\">pic.twitter.com\/z5ERteeBOG<\/a><\/p>\n<p>\u2014 NSTRIKE (@NSTRIKE01) <a href=\"https:\/\/twitter.com\/NSTRIKE01\/status\/1983097511666692207?ref_src=twsrc%5Etfw\" rel=\"nofollow noopener\" target=\"_blank\">October 28, 2025<\/a><\/p><\/blockquote>\n<p>La r\u00e9gion, explique une communication du 16e corps d&rsquo;arm\u00e9e ukrainien, \u00e9tait ces derniers mois tr\u00e8s active pour les forces russes, qui avaient profit\u00e9 d&rsquo;une longue p\u00e9riode de s\u00e9cheresse pour s&rsquo;installer solidement sur les rives des rivi\u00e8res Siverskyi Donets et Vovcha. Les troupes du Kremlin ont men\u00e9 de nombreuses attaques dans la r\u00e9gion, au prix n\u00e9anmoins, \u00e0 en croire la m\u00eame source, de lourdes pertes.<\/p>\n<p>L&rsquo;immersion de ces zones, notamment des tranch\u00e9es russes, devrait fortement perturber la logistique d\u00e9j\u00e0 d\u00e9licate des forces russes dans la r\u00e9gion. \u00ab\u00a0Le principal probl\u00e8me pour l&rsquo;ennemi est d\u00e9sormais la logistique. Les feuilles sont tomb\u00e9es, il n&rsquo;y a plus de couverture, et les unit\u00e9s qui ont r\u00e9ussi \u00e0 traverser la Siverskyi Donets sont effectivement coup\u00e9es du principal des forces russes. Nous esp\u00e9rons faire de nouveaux prisonniers\u00a0\u00bb, explique le m\u00eame communiqu\u00e9.<\/p>\n<p>Defence News explique pour sa part que les experts militaires pensent que cette attaque sur le r\u00e9servoir de Belgorod fait partie d&rsquo;un ensemble d&rsquo;op\u00e9rations plus large, destin\u00e9 \u00e0 emp\u00eacher les troupes russes d&rsquo;op\u00e9rer librement dans cette r\u00e9gion frontali\u00e8re tandis que se n\u00e9gocie un accord sous l&rsquo;\u00e9gide du pr\u00e9sident am\u00e9ricain Donald Trump qui pourrait prendre en compte les lignes de front actuelles.<\/p>\n<p>        <script async src=\"https:\/\/platform.twitter.com\/widgets.js\" charset=\"utf-8\"><\/script><\/p>\n","protected":false},"excerpt":{"rendered":"Si beaucoup de choses se jouent sur le plan diplomatique, la guerre entre la Russie et l&rsquo;Ukraine n&rsquo;est&hellip;\n","protected":false},"author":2,"featured_media":495414,"comment_status":"","ping_status":"","sticky":false,"template":"","format":"standard","meta":{"footnotes":""},"categories":[1590],"tags":[10714,10715,11,9930,9929,1777,674,131,12,220],"class_list":{"0":"post-495413","1":"post","2":"type-post","3":"status-publish","4":"format-standard","5":"has-post-thumbnail","7":"category-ukraine","8":"tag-actu-russie","9":"tag-actu-ukraine","10":"tag-actualites","11":"tag-armu00e9e","12":"tag-du00e9fense","13":"tag-eu","14":"tag-europe","15":"tag-guerre-en-ukraine","16":"tag-news","17":"tag-ukraine"},"share_on_mastodon":{"url":"https:\/\/pubeurope.com\/@fr\/115451874789820425","error":""},"_links":{"self":[{"href":"https:\/\/www.europesays.com\/fr\/wp-json\/wp\/v2\/posts\/495413","targetHints":{"allow":["GET"]}}],"collection":[{"href":"https:\/\/www.europesays.com\/fr\/wp-json\/wp\/v2\/posts"}],"about":[{"href":"https:\/\/www.europesays.com\/fr\/wp-json\/wp\/v2\/types\/post"}],"author":[{"embeddable":true,"href":"https:\/\/www.europesays.com\/fr\/wp-json\/wp\/v2\/users\/2"}],"replies":[{"embeddable":true,"href":"https:\/\/www.europesays.com\/fr\/wp-json\/wp\/v2\/comments?post=495413"}],"version-history":[{"count":0,"href":"https:\/\/www.europesays.com\/fr\/wp-json\/wp\/v2\/posts\/495413\/revisions"}],"wp:featuredmedia":[{"embeddable":true,"href":"https:\/\/www.europesays.com\/fr\/wp-json\/wp\/v2\/media\/495414"}],"wp:attachment":[{"href":"https:\/\/www.europesays.com\/fr\/wp-json\/wp\/v2\/media?parent=495413"}],"wp:term":[{"taxonomy":"category","embeddable":true,"href":"https:\/\/www.europesays.com\/fr\/wp-json\/wp\/v2\/categories?post=495413"},{"taxonomy":"post_tag","embeddable":true,"href":"https:\/\/www.europesays.com\/fr\/wp-json\/wp\/v2\/tags?post=495413"}],"curies":[{"name":"wp","href":"https:\/\/api.w.org\/{rel}","templated":true}]}}