{"id":495416,"date":"2025-10-28T12:50:23","date_gmt":"2025-10-28T12:50:23","guid":{"rendered":"https:\/\/www.europesays.com\/fr\/495416\/"},"modified":"2025-10-28T12:50:23","modified_gmt":"2025-10-28T12:50:23","slug":"la-reine-victoria-george-iv-tous-fans-de-jane-austen","status":"publish","type":"post","link":"https:\/\/www.europesays.com\/fr\/495416\/","title":{"rendered":"La reine Victoria, George IV&#8230; Tous fans de Jane Austen !"},"content":{"rendered":"<p>Si ces vacances de la Toussaint vous m\u00e8nent \u00e0 Londres, un d\u00e9tour par le <a target=\"_blank\" href=\"https:\/\/www.pointdevue.fr\/histoire\/histoire-du-monde\/le-chateau-de-windsor-la-vraie-maison-de-la-famille-royale\" rel=\"nofollow noopener\">ch\u00e2teau de Windsor<\/a> sera indispensable. Pour la premi\u00e8re fois, cet automne, <strong>de pr\u00e9cieux ouvrages de la Royal Library seront pr\u00e9sent\u00e9s au public<\/strong>. Dans le cadre du 250e anniversaire de la naissance de Jane Austen, une autrice particuli\u00e8rement aim\u00e9e par les membres de la famille royale britannique, certains exemplaires d\u00e9tenus par les anc\u00eatres de <a target=\"_blank\" href=\"https:\/\/www.pointdevue.fr\/grand-angle\/biographies\/charles-iii\" rel=\"nofollow noopener\">Charles III<\/a> seront visibles par les touristes.\u00a0<\/p>\n<p><img decoding=\"async\" src=\"https:\/\/www.europesays.com\/fr\/wp-content\/uploads\/2025\/10\/RC_WC_030925_36ed6Rxu60pY.jpg\" alt=\"Orgueil et Pr\u00e9jug\u00e9s de Jane Austen, exemplaire ayant appartenu au prince Albert.\"\/><strong>Orgueil et Pr\u00e9jug\u00e9s de Jane Austen, exemplaire ayant appartenu au prince Albert.<\/strong> \u00a9 Royal Collection Enterprises Limited 2025 | Royal Collection Trust<\/p>\n<p>Parmi eux, une copie tr\u00e8s particuli\u00e8re <strong>d&rsquo;<\/strong><strong>Orgeuil et Pr\u00e9jug\u00e9s<\/strong><strong> ayant appartenu au prince Albert. <\/strong>C&rsquo;est cet ouvrage m\u00eame qu&rsquo;il lit, \u00e0 voix haute, \u00e0 son \u00e9pouse, la <a target=\"_blank\" href=\"https:\/\/www.pointdevue.fr\/grand-angle\/biographies\/reine-victoria\" rel=\"nofollow noopener\">reine Victoria<\/a>, lorsque celle-ci fut alit\u00e9e \u00e0 cause de la rougeole. Dans son journal intime, elle t\u00e9moigne de cette sc\u00e8ne. \u00ab\u00a0(Albert), commen\u00e7a \u00e0 me faire la lecture <a target=\"_blank\" href=\"https:\/\/www.pointdevue.fr\/royal\/royaume-uni\/austen-espace-et-trahison-les-trois-recommandations-lectures-de-la-reine-camilla\" rel=\"nofollow noopener\">d&rsquo;Orgeuil et Pr\u00e9jug\u00e9s, par Mademoiselle Austen<\/a>\u00ab\u00a0, \u00e9crit-elle en juillet 1853. \u00ab\u00a0Tr\u00e8s amusant\u00a0\u00bb, \u00ab\u00a0admirablement \u00e9crit\u00a0\u00bb, \u00ab\u00a0int\u00e9ressant et divertissant\u00a0\u00bb, commente-t-elle, alors que son \u00e9poux lui fera la lecture du roman pendant toute sa convalescence. En plus de cet exemplaire \u00ab\u00a0royal\u00a0\u00bb, une premi\u00e8re \u00e9dition du roman dat\u00e9e de 1813 \u2013 il fut alors publi\u00e9 anonymement \u2013, sera \u00e9galement visible.\u00a0<\/p>\n<p><img decoding=\"async\" src=\"https:\/\/www.europesays.com\/fr\/wp-content\/uploads\/2025\/10\/RC_WC_030925_170pxLc12oma3.jpg\" alt=\"Orgueil et Pr\u00e9jug\u00e9s, par Jane Austen, premi\u00e8re \u00e9dition, 1813.\"\/><strong>Orgueil et Pr\u00e9jug\u00e9s, par Jane Austen, premi\u00e8re \u00e9dition, 1813.<\/strong> \u00a9 Royal Collection Enterprises Limited 2025 | Royal Collection TrustGeorge IV, fan de Jane Austen<\/p>\n<p>Encore plus impressionnant, une version d&rsquo;Emma ayant appartenu <a target=\"_blank\" href=\"https:\/\/www.pointdevue.fr\/histoire\/histoire-du-monde\/george-iv-un-regent-impopulaire-sybarite-et-depensier\" rel=\"nofollow noopener\">au roi George IV.<\/a> Les visiteurs pourront poser leurs yeux sur cet <strong>exemplaire d\u00e9dicac\u00e9 par l&rsquo;autrice alors que le souverain n&rsquo;\u00e9tait encore que prince h\u00e9ritier<\/strong>. Sp\u00e9cialement cr\u00e9\u00e9e pour George IV, cette \u00e9dition reli\u00e9e avec dorure \u00e0 chaud, lui a \u00e9t\u00e9 pr\u00e9sent\u00e9e apr\u00e8s que Jane Austen a visit\u00e9 <strong>Carlton House<\/strong>, la r\u00e9sidence londonienne du prince avant qu&rsquo;il ne monte sur le tr\u00f4ne. Avide lecteur, George IV conservait des livres de Jane Austen dans chacune de ses r\u00e9sidences.<\/p>\n<p><img decoding=\"async\" src=\"https:\/\/www.europesays.com\/fr\/wp-content\/uploads\/2025\/10\/RC_WC_030925_27bsyMH50izG.jpg\" alt=\"Emma par Jane Austen, d\u00e9dicac\u00e9 \u00e0 George IV par l'autrice.\"\/><strong>Emma par Jane Austen, d\u00e9dicac\u00e9 \u00e0 George IV par l&rsquo;autrice.<\/strong> \u00a9 Royal Collection Enterprises Limited 2025 | Royal Collection Trust<\/p>\n<p>\u00c9galement pr\u00e9sent\u00e9s au public, Costume of England et Costume of the Ladies of Paris, <strong>ouvrages contemporains de ceux de Jane Austen, traitant de la mode de l&rsquo;\u00e9poque. <\/strong>Tous ces volumes ont \u00e9t\u00e9 choisis parmi les 240.000 qui composent la Royal Library du ch\u00e2teau de Windsor, et seront visibles dans la <strong>Queen&rsquo;s Drawing Room<\/strong>. Il faudra toutefois s&rsquo;armer de patience pour admirer ces merveilles et s&rsquo;y rendre entre 13h30 et 15h30, avant le 2 novembre, inclus.<\/p>\n<p style=\"text-align:justify;\">Lire aussi &gt;&gt; <a target=\"_blank\" href=\"https:\/\/www.pointdevue.fr\/culture\/encheres\/plongee-dans-lintimite-de-jane-austen-une-lettre-inedite-bientot-en-vente-a-new-york\" rel=\"nofollow noopener\">Plong\u00e9e dans l\u2019intimit\u00e9 de Jane Austen : une lettre in\u00e9dite bient\u00f4t en vente \u00e0 New York<\/a><\/p>\n","protected":false},"excerpt":{"rendered":"Si ces vacances de la Toussaint vous m\u00e8nent \u00e0 Londres, un d\u00e9tour par le ch\u00e2teau de Windsor sera&hellip;\n","protected":false},"author":2,"featured_media":495417,"comment_status":"","ping_status":"","sticky":false,"template":"","format":"standard","meta":{"footnotes":""},"categories":[1588],"tags":[11,1777,674,12,473,1853,1851,1850,1852],"class_list":{"0":"post-495416","1":"post","2":"type-post","3":"status-publish","4":"format-standard","5":"has-post-thumbnail","7":"category-royaume-uni","8":"tag-actualites","9":"tag-eu","10":"tag-europe","11":"tag-news","12":"tag-royaume-uni","13":"tag-royaume-uni-de-grande-bretagne-et-dirlande-du-nord","14":"tag-uk","15":"tag-united-kingdom","16":"tag-united-kingdom-of-great-britain-and-northern-ireland"},"share_on_mastodon":{"url":"https:\/\/pubeurope.com\/@fr\/115451883592405589","error":""},"_links":{"self":[{"href":"https:\/\/www.europesays.com\/fr\/wp-json\/wp\/v2\/posts\/495416","targetHints":{"allow":["GET"]}}],"collection":[{"href":"https:\/\/www.europesays.com\/fr\/wp-json\/wp\/v2\/posts"}],"about":[{"href":"https:\/\/www.europesays.com\/fr\/wp-json\/wp\/v2\/types\/post"}],"author":[{"embeddable":true,"href":"https:\/\/www.europesays.com\/fr\/wp-json\/wp\/v2\/users\/2"}],"replies":[{"embeddable":true,"href":"https:\/\/www.europesays.com\/fr\/wp-json\/wp\/v2\/comments?post=495416"}],"version-history":[{"count":0,"href":"https:\/\/www.europesays.com\/fr\/wp-json\/wp\/v2\/posts\/495416\/revisions"}],"wp:featuredmedia":[{"embeddable":true,"href":"https:\/\/www.europesays.com\/fr\/wp-json\/wp\/v2\/media\/495417"}],"wp:attachment":[{"href":"https:\/\/www.europesays.com\/fr\/wp-json\/wp\/v2\/media?parent=495416"}],"wp:term":[{"taxonomy":"category","embeddable":true,"href":"https:\/\/www.europesays.com\/fr\/wp-json\/wp\/v2\/categories?post=495416"},{"taxonomy":"post_tag","embeddable":true,"href":"https:\/\/www.europesays.com\/fr\/wp-json\/wp\/v2\/tags?post=495416"}],"curies":[{"name":"wp","href":"https:\/\/api.w.org\/{rel}","templated":true}]}}