{"id":495418,"date":"2025-10-28T12:51:15","date_gmt":"2025-10-28T12:51:15","guid":{"rendered":"https:\/\/www.europesays.com\/fr\/495418\/"},"modified":"2025-10-28T12:51:15","modified_gmt":"2025-10-28T12:51:15","slug":"ligue-des-nations-le-milieu-ce-secteur-que-les-bleues-doivent-regler-pour-renverser-lallemagne-et-voir-la-finale","status":"publish","type":"post","link":"https:\/\/www.europesays.com\/fr\/495418\/","title":{"rendered":"Ligue des nations : le milieu, ce secteur que les Bleues doivent r\u00e9gler pour renverser l&rsquo;Allemagne (et voir la finale)"},"content":{"rendered":"<ul class=\"jsx-862013697 ArticleChapo__List\">\n<li class=\"jsx-862013697 ArticleChapo__List_Item flex\">Battue lors de la premi\u00e8re manche outre-Rhin (0-1), l&rsquo;\u00e9quipe de France affronte l&rsquo;Allemagne en demi-finale retour de la Ligue des nations, ce mardi 28 octobre.<\/li>\n<li class=\"jsx-862013697 ArticleChapo__List_Item flex\">Contre un adversaire qui leur r\u00e9ussit tr\u00e8s peu, encore moins en comp\u00e9tition officielle, les Bleues doivent corriger de nombreux secteurs, \u00e0 commencer par l&rsquo;entrejeu, pour esp\u00e9rer voir la finale.<\/li>\n<\/ul>\n<p data-module=\"article-paragraph\" class=\"jsx-3046738180 Paragraph\">Un match serr\u00e9, comme souvent. Mais \u00e0 la fin c&rsquo;est l&rsquo;Allemagne qui gagne, comme (presque) toujours. Sans imagination, l&rsquo;\u00e9quipe de France s&rsquo;est inclin\u00e9e lors de la demi-finale aller de Ligue des nations, \u00e0 D\u00fcsseldorf (0-1), vendredi. Les co\u00e9quipi\u00e8res de Delphine Cascarino ont \u00e9t\u00e9 surprises par un tir lointain de Klara B\u00fchl, \u00e0 une dizaine de minutes du coup de sifflet final (79&prime;). Elles devront donc s&rsquo;imposer \u00e0 Caen, mardi 28 octobre (21h10) pour arracher leur qualification en finale, que ce soit \u00e0 l&rsquo;issue d&rsquo;une prolongation (en cas de victoire avec un but d&rsquo;\u00e9cart) ou \u00e0 l&rsquo;issue des 90 minutes r\u00e9glementaires (succ\u00e8s avec deux buts d&rsquo;\u00e9cart ou plus).<\/p>\n<p data-module=\"article-paragraph\" class=\"jsx-3046738180 Paragraph Paragraph__End\">Si l&rsquo;\u00e9cart n&rsquo;est pas insurmontable, il traduit tout de m\u00eame le rapport de force actuel, avec une DFB-Frauen plus s\u00fbre de ses forces. Vendredi, la diff\u00e9rence s&rsquo;est notamment fait sentir dans l&rsquo;entrejeu. Les Tricolores sont apparues limit\u00e9es techniquement et dans la cr\u00e9ation, et ont manqu\u00e9 de liant aussi bien avec que sans ballon. Il faut dire que le secteur est un chantier \u00e0 ciel ouvert depuis l&rsquo;annonce des retraites internationales de Sandie Toletti (72 s\u00e9lections) et d&rsquo;Amel Majri (82 s\u00e9lections), en sachant que Kenza Dali (76 s\u00e9lections) n&rsquo;entre, elle, plus dans les plans du s\u00e9lectionneur. Pour l&rsquo;occasion, Sakina Karchaoui (93 s\u00e9lections), qui s&rsquo;est reconvertie au milieu de terrain apr\u00e8s avoir longtemps arpent\u00e9 le couloir gauche, \u00e9tait \u00e9galement m\u00e9nag\u00e9e.\u00a0<\/p>\n<p>Un trio peu compl\u00e9mentaire<\/p>\n<p data-module=\"article-paragraph\" class=\"jsx-3046738180 Paragraph\">Ce sont donc Oriane Jean-Fran\u00e7ois, Grace Geyoro et Sandy Baltimore qui ont \u00e9t\u00e9 align\u00e9es d&rsquo;entr\u00e9e. Le trio n&rsquo;a pas affich\u00e9 la compl\u00e9mentarit\u00e9 recherch\u00e9e, pas aid\u00e9, il est vrai, par le positionnement inhabituel de Baltimore, qui \u00e9volue plut\u00f4t sur l&rsquo;aile en temps normal. \u00ab\u00a0C&rsquo;\u00e9tait un match un peu d\u00e9brid\u00e9, avec un trois contre trois au milieu. C&rsquo;est sur un duel perdu dans l&rsquo;entrejeu que l&rsquo;Allemagne, qui \u00e9voluait en bloc m\u00e9dian, a fini par marquer\u00a0\u00bb, a analys\u00e9 le s\u00e9lectionneur Laurent Bonadei, apr\u00e8s avoir reconnu, une semaine plus t\u00f4t, avoir \u00ab\u00a0une r\u00e9flexion \u00e0 mener sur le milieu de terrain\u00a0\u00bb. \u00ab\u00a0Probablement, l&rsquo;apport de Sakina Karchaoui (apte pour la deuxi\u00e8me manche \u00e0 Caen, ndlr), qui a un gros volume de jeu, va nous donner un coup de main et cr\u00e9er du lien entre la d\u00e9fense et l&rsquo;attaque\u00a0\u00bb, esp\u00e8re le technicien tricolore.\u00a0<\/p>\n<p data-module=\"article-paragraph\" class=\"jsx-3046738180 Paragraph Paragraph__End\">Le retour dans le XI de la Parisienne devrait aider \u00e0 stabiliser l&rsquo;\u00e9difice, et donc permettre aux Fran\u00e7aises de mieux rivaliser avec leurs rivales. Mais les carences sont plus profondes.\u00a0Depuis la fin de l&rsquo;aventure d&rsquo;Amandine Henry en Bleues (109 s\u00e9lections, la derni\u00e8re en juillet 2024), mais plus largement depuis les retraites d&rsquo;\u00c9lisa Bussaglia (192 capes, derni\u00e8re s\u00e9lection en 2019), et avant elle de Louisa Necib-Cadamuro (145 s\u00e9lections, la derni\u00e8re en 2016), les Tricolores peinent \u00e0 retrouver une patronne dans ce secteur, pourtant ultra-important. Alors que la qualit\u00e9 ne manque pas en attaque ou en d\u00e9fense, le vivier et la diversit\u00e9 des profils sont bien plus limit\u00e9s dans l&rsquo;entrejeu.\u00a0Il en ressort un manque criant de ma\u00eetrise technique et de volume de courses.\u00a0<\/p>\n<p>Une d\u00e9faillance encore plus criante face au gratin mondial<\/p>\n<p data-module=\"article-paragraph\" class=\"jsx-3046738180 Paragraph Paragraph__End\">Et bien qu&rsquo;il ne s&rsquo;agisse pas du seul facteur, loin s&rsquo;en faut, cette d\u00e9faillance explique sans doute en partie le plafond de verre de la bande \u00e0 Pauline Peyraud-Magnin au plus haut niveau, souvent forte face aux faibles et trop juste face aux forts. Il faut dire que le milieu du coq fait p\u00e2le figure par rapport \u00e0 ceux de l&rsquo;Espagne et des \u00c9tats-Unis, bien s\u00fbr, ou m\u00eame de l&rsquo;Angleterre, de l&rsquo;Allemagne, des Pays-Bas. Soit toutes les s\u00e9lections qui trustent les premiers r\u00f4les depuis des d\u00e9cennies. Dans son histoire, elle n&rsquo;a ainsi jamais atteint une finale majeure (JO, Coupe du monde, Euro) et ne compte m\u00eame que trois demi-finales, en tout et pour tout.<\/p>\n<p><a href=\"https:\/\/www.tf1info.fr\/sport\/j-ai-deja-recu-des-menaces-de-mort-la-gardienne-des-bleues-pauline-peyraud-magnin-denonce-le-cyberharcelement-2403069.html\" rel=\"noopener\" class=\"jsx-3308031228 Link flex\" target=\"_blank\"><img decoding=\"async\" src=\"https:\/\/www.europesays.com\/fr\/wp-content\/uploads\/2025\/10\/peyraud-magnin-1-66ce8d-0@1x.jpeg\" alt=\"Pauline Peyraud-Magnin alerte sur le cyberharc\u00e8lement. \" loading=\"lazy\" importance=\"low\" fetchpriority=\"low\" class=\"\" aria-hidden=\"true\"\/><\/p>\n<p class=\"jsx-3657663356 ReadMoreArticle__Title\">Lire aussi<\/p>\n<p class=\"jsx-3657663356\">\u00ab\u00a0J&rsquo;ai d\u00e9j\u00e0 re\u00e7u des menaces de mort\u00a0\u00bb : la gardienne des Bleues Pauline Peyraud-Magnin d\u00e9nonce le cyberharc\u00e8lement<\/p>\n<p><\/a><\/p>\n<p data-module=\"article-paragraph\" class=\"jsx-3046738180 Paragraph Paragraph__End\">Mais si, au moins le temps d&rsquo;un match &#8211; et de cela, elles sont largement capables -, les Bleues parviennent \u00e0 se hisser au niveau de leur adversaire dans l&rsquo;entrejeu, elles ne seront sans doute pas loin d&rsquo;un exploit et d&rsquo;une deuxi\u00e8me qualification de rang en finale de la Ligue des nations.\u00a0De quoi, peut-\u00eatre, poser la premi\u00e8re pierre de la construction de cette \u00e9quipe en vue du Mondial 2027.\u00a0<\/p>\n<p>Maxence GEVIN<\/p>\n","protected":false},"excerpt":{"rendered":"Battue lors de la premi\u00e8re manche outre-Rhin (0-1), l&rsquo;\u00e9quipe de France affronte l&rsquo;Allemagne en demi-finale retour de la&hellip;\n","protected":false},"author":2,"featured_media":495419,"comment_status":"","ping_status":"","sticky":false,"template":"","format":"standard","meta":{"footnotes":""},"categories":[1587],"tags":[1111,11,672,1921,1804,1805,1803,64,6713,1777,674,63,3236,1801,1922,23733,12,1802,133,4712],"class_list":{"0":"post-495418","1":"post","2":"type-post","3":"status-publish","4":"format-standard","5":"has-post-thumbnail","7":"category-allemagne","8":"tag-actu","9":"tag-actualites","10":"tag-allemagne","11":"tag-article-video","12":"tag-bundesrepublik-deutschland","13":"tag-de","14":"tag-deutschland","15":"tag-equipe-de-france","16":"tag-equipe-de-france-de-football","17":"tag-eu","18":"tag-europe","19":"tag-football","20":"tag-football-feminin","21":"tag-germany","22":"tag-info","23":"tag-ligue-des-nations","24":"tag-news","25":"tag-republique-federale-dallemagne","26":"tag-video","27":"tag-video-sports"},"share_on_mastodon":{"url":"https:\/\/pubeurope.com\/@fr\/115451886638746091","error":""},"_links":{"self":[{"href":"https:\/\/www.europesays.com\/fr\/wp-json\/wp\/v2\/posts\/495418","targetHints":{"allow":["GET"]}}],"collection":[{"href":"https:\/\/www.europesays.com\/fr\/wp-json\/wp\/v2\/posts"}],"about":[{"href":"https:\/\/www.europesays.com\/fr\/wp-json\/wp\/v2\/types\/post"}],"author":[{"embeddable":true,"href":"https:\/\/www.europesays.com\/fr\/wp-json\/wp\/v2\/users\/2"}],"replies":[{"embeddable":true,"href":"https:\/\/www.europesays.com\/fr\/wp-json\/wp\/v2\/comments?post=495418"}],"version-history":[{"count":0,"href":"https:\/\/www.europesays.com\/fr\/wp-json\/wp\/v2\/posts\/495418\/revisions"}],"wp:featuredmedia":[{"embeddable":true,"href":"https:\/\/www.europesays.com\/fr\/wp-json\/wp\/v2\/media\/495419"}],"wp:attachment":[{"href":"https:\/\/www.europesays.com\/fr\/wp-json\/wp\/v2\/media?parent=495418"}],"wp:term":[{"taxonomy":"category","embeddable":true,"href":"https:\/\/www.europesays.com\/fr\/wp-json\/wp\/v2\/categories?post=495418"},{"taxonomy":"post_tag","embeddable":true,"href":"https:\/\/www.europesays.com\/fr\/wp-json\/wp\/v2\/tags?post=495418"}],"curies":[{"name":"wp","href":"https:\/\/api.w.org\/{rel}","templated":true}]}}