{"id":495425,"date":"2025-10-28T12:55:14","date_gmt":"2025-10-28T12:55:14","guid":{"rendered":"https:\/\/www.europesays.com\/fr\/495425\/"},"modified":"2025-10-28T12:55:14","modified_gmt":"2025-10-28T12:55:14","slug":"nba-la-video-du-spectaculaire-panier-de-victor-wembanyama-apres-un-tour-sur-lui-meme-face-a-toronto","status":"publish","type":"post","link":"https:\/\/www.europesays.com\/fr\/495425\/","title":{"rendered":"NBA\u00a0: la vid\u00e9o du spectaculaire panier de Victor Wembanyama apr\u00e8s un tour sur lui-m\u00eame face \u00e0 Toronto"},"content":{"rendered":"<p class=\"paragraph text_align_left lp-f-body-02\">Malgr\u00e9 l\u2019encha\u00eenement des matchs, <a href=\"https:\/\/www.leparisien.fr\/sports\/basket\/victor-wembanyama\/\" target=\"_blank\" rel=\"noreferrer nofollow noopener\">Victor Wembanyama<\/a> ne baisse pas de r\u00e9gime. Impressionnant depuis le d\u00e9but de saison, avec trois victoires \u00e0 la cl\u00e9 pour les San Antonio Spurs, <a href=\"https:\/\/www.leparisien.fr\/sports\/basket\/nba-victor-wembanyama-sest-amuse-comme-un-fou-face-aux-toronto-raptors-les-spurs-enchainent-une-4e-victoire-28-10-2025-YKU4JJSLJBEUJEKMZFIE464VFA.php\" target=\"_blank\" rel=\"noreferrer nofollow noopener\">le Fran\u00e7ais en a d\u00e9croch\u00e9 une 4e<\/a> dans la nuit de lundi \u00e0 mardi sur le parquet de Toronto. Et le meilleur joueur de la semaine dans la conf\u00e9rence ouest a encore frapp\u00e9 fort.<\/p>\n<p class=\"paragraph text_align_left lp-f-body-02\">Au total, le pivot a compil\u00e9 24 points, 15 rebonds, 4 passes et 1 contre. Si cela repr\u00e9sente son plus faible total de points cette saison, Wemby a tout de m\u00eame \u00e9t\u00e9 pr\u00e9cieux en signant quelques actions spectaculaires, comme un lay-up apr\u00e8s un saut \u00e0 360 degr\u00e9s, improbable pour un joueur de sa taille (2,24 m), ou encore un dribble dans le dos pour \u00e9liminer un d\u00e9fenseur avant une passe puissante pour lancer Devin Vassell au dunk.<\/p>\n<p class=\"paragraph text_align_left lp-f-body-02\">Cette premi\u00e8re action est sans doute la plus retentissante. Joint en t\u00eate de raquette par Harrison Barnes, <a href=\"https:\/\/www.leparisien.fr\/sports\/basket\/nba-victor-wembanyama-designe-joueur-de-la-semaine-a-louest-apres-son-debut-de-saison-fracassant-27-10-2025-NSFNKVHG5RDGRBJ5UEXULKZ7NI.php\" target=\"_blank\" rel=\"noreferrer nofollow noopener\">Victor Wembanyama<\/a> s\u2019est fray\u00e9 un chemin entre deux d\u00e9fenseurs avant de se pr\u00e9senter sous l\u2019anneau. Face \u00e0 la menace d\u00e9fensive de Scottie Barnes, il a fait un tour complet sur lui-m\u00eame avant de d\u00e9poser le ballon dans le panier. Une action de grande classe, r\u00e9alis\u00e9e en tout d\u00e9but de match, qui prouve sa polyvalence et sa dext\u00e9rit\u00e9.<\/p>\n","protected":false},"excerpt":{"rendered":"Malgr\u00e9 l\u2019encha\u00eenement des matchs, Victor Wembanyama ne baisse pas de r\u00e9gime. Impressionnant depuis le d\u00e9but de saison, avec&hellip;\n","protected":false},"author":2,"featured_media":495426,"comment_status":"","ping_status":"","sticky":false,"template":"","format":"standard","meta":{"footnotes":""},"categories":[2],"tags":[11,1465,1011,27,12,25,60],"class_list":{"0":"post-495425","1":"post","2":"type-post","3":"status-publish","4":"format-standard","5":"has-post-thumbnail","7":"category-actualites","8":"tag-actualites","9":"tag-basket","10":"tag-fr","11":"tag-france","12":"tag-news","13":"tag-republique-francaise","14":"tag-sports"},"share_on_mastodon":{"url":"https:\/\/pubeurope.com\/@fr\/115451902350630578","error":""},"_links":{"self":[{"href":"https:\/\/www.europesays.com\/fr\/wp-json\/wp\/v2\/posts\/495425","targetHints":{"allow":["GET"]}}],"collection":[{"href":"https:\/\/www.europesays.com\/fr\/wp-json\/wp\/v2\/posts"}],"about":[{"href":"https:\/\/www.europesays.com\/fr\/wp-json\/wp\/v2\/types\/post"}],"author":[{"embeddable":true,"href":"https:\/\/www.europesays.com\/fr\/wp-json\/wp\/v2\/users\/2"}],"replies":[{"embeddable":true,"href":"https:\/\/www.europesays.com\/fr\/wp-json\/wp\/v2\/comments?post=495425"}],"version-history":[{"count":0,"href":"https:\/\/www.europesays.com\/fr\/wp-json\/wp\/v2\/posts\/495425\/revisions"}],"wp:featuredmedia":[{"embeddable":true,"href":"https:\/\/www.europesays.com\/fr\/wp-json\/wp\/v2\/media\/495426"}],"wp:attachment":[{"href":"https:\/\/www.europesays.com\/fr\/wp-json\/wp\/v2\/media?parent=495425"}],"wp:term":[{"taxonomy":"category","embeddable":true,"href":"https:\/\/www.europesays.com\/fr\/wp-json\/wp\/v2\/categories?post=495425"},{"taxonomy":"post_tag","embeddable":true,"href":"https:\/\/www.europesays.com\/fr\/wp-json\/wp\/v2\/tags?post=495425"}],"curies":[{"name":"wp","href":"https:\/\/api.w.org\/{rel}","templated":true}]}}