{"id":495440,"date":"2025-10-28T13:07:13","date_gmt":"2025-10-28T13:07:13","guid":{"rendered":"https:\/\/www.europesays.com\/fr\/495440\/"},"modified":"2025-10-28T13:07:13","modified_gmt":"2025-10-28T13:07:13","slug":"la-securite-du-louvre-pas-conforme-a-ce-quon-peut-attendre-dun-musee-selon-un-senateur-actualites","status":"publish","type":"post","link":"https:\/\/www.europesays.com\/fr\/495440\/","title":{"rendered":"La s\u00e9curit\u00e9 du Louvre \u00ab\u00a0pas conforme \u00e0 ce qu&rsquo;on peut attendre d&rsquo;un mus\u00e9e\u00a0\u00bb, selon un s\u00e9nateur : Actualit\u00e9s"},"content":{"rendered":"<p class=\"lead \">Le pr\u00e9sident de la commission de la Culture du S\u00e9nat, Laurent Lafon, a estim\u00e9 mardi \u00e0 l&rsquo;issue d&rsquo;une visite des installations de s\u00fbret\u00e9 du Louvre, que la s\u00e9curit\u00e9 de l&rsquo;\u00e9tablissement n&rsquo;\u00e9tait \u00ab\u00a0pas conforme \u00e0 ce qu&rsquo;on peut attendre d&rsquo;un mus\u00e9e aujourd&rsquo;hui\u00a0\u00bb.<\/p>\n<p class=\"lead \">\u00ab\u00a0Il y a de nombreuses am\u00e9liorations \u00e0 faire\u00a0\u00bb, a d\u00e9clar\u00e9 le s\u00e9nateur centriste \u00e0 la presse, entour\u00e9 d&rsquo;une d\u00e9l\u00e9gation, sur le parvis du mus\u00e9e.<\/p>\n<p class=\"lead \">\u00ab\u00a0L&rsquo;organisation de la s\u00e9curit\u00e9 n&rsquo;est pas conforme \u00e0 ce qu&rsquo;on peut attendre d&rsquo;un mus\u00e9e aujourd&rsquo;hui et il est indispensable de r\u00e9aliser enfin les travaux n\u00e9cessaires, que ce soit sur le r\u00e9seau ou sur le mat\u00e9riel de vid\u00e9os s\u00e9curit\u00e9\u00a0\u00bb, a-t-il ajout\u00e9. <\/p>\n<p class=\"lead \">Huit joyaux de la couronne de France, estim\u00e9s \u00e0 88 millions d&rsquo;euros, ont \u00e9t\u00e9 d\u00e9rob\u00e9s en quelques minutes au mus\u00e9e du Louvre le 19 octobre.<\/p>\n<p class=\"lead \">Pour faire la lumi\u00e8re sur l&rsquo;incroyable cambriolage, la commission de la Culture du S\u00e9nat a interrog\u00e9 sa pr\u00e9sidente, Laurence des Cars, pendant plus de deux heures le 22 octobre.<\/p>\n<p class=\"lead \">Celle-ci a reconnu des failles dans le syst\u00e8me de vid\u00e9osurveillance de l&rsquo;ext\u00e9rieur du mus\u00e9e: \u00ab\u00a0Nous n&rsquo;avons pas rep\u00e9r\u00e9 suffisamment \u00e0 l&rsquo;avance l&rsquo;arriv\u00e9e des voleurs\u00a0\u00bb. Elle a par ailleurs fait \u00e9tat \u00ab\u00a0d&rsquo;importants soucis dans l&rsquo;implantation des postes de s\u00e9curit\u00e9 au sein du mus\u00e9e qui sont vieillissants\u00a0\u00bb.<\/p>\n<p class=\"lead \">La d\u00e9l\u00e9gation de s\u00e9nateurs a \u00ab\u00a0vu un PC de site et le PC central\u00a0\u00bb et est all\u00e9e dans la galerie d&rsquo;Apollon, o\u00f9 s&rsquo;est d\u00e9roul\u00e9 le vol, a indiqu\u00e9 M. Lafon.<\/p>\n<p class=\"lead \">\u00ab\u00a0Pour des raisons de confidentialit\u00e9, nous ne rentrerons pas dans le d\u00e9tail de ce que nous avons vu. Mais nous ressortons de cette visite avec l&rsquo;intime conviction qu&rsquo;il est n\u00e9cessaire maintenant de r\u00e9aliser dans les plus rapides d\u00e9lais ce sch\u00e9ma directeur de s\u00e9curit\u00e9\u00a0\u00bb, un plan de s\u00e9curisation du Louvre chiffr\u00e9 \u00e0 80 millions d&rsquo;euros en cours de d\u00e9ploiement, a-t-il ajout\u00e9.<\/p>\n<p class=\"small font-weight-bold text-gray3 \"> publi\u00e9 le 28 octobre \u00e0 13h09, AFP<\/p>\n<p>                             Partager<\/p>\n","protected":false},"excerpt":{"rendered":"Le pr\u00e9sident de la commission de la Culture du S\u00e9nat, Laurent Lafon, a estim\u00e9 mardi \u00e0 l&rsquo;issue d&rsquo;une&hellip;\n","protected":false},"author":2,"featured_media":495441,"comment_status":"","ping_status":"","sticky":false,"template":"","format":"standard","meta":{"footnotes":""},"categories":[1358],"tags":[1348,1384,1385,13110,8268,1386,58,1769,59,1011,27,4897,10241,1072,602,1175],"class_list":{"0":"post-495440","1":"post","2":"type-post","3":"status-publish","4":"format-standard","5":"has-post-thumbnail","7":"category-arts-et-design","8":"tag-arts","9":"tag-arts-and-design","10":"tag-arts-et-design","11":"tag-assurances","12":"tag-dlinquance","13":"tag-design","14":"tag-divertissement","15":"tag-enqute","16":"tag-entertainment","17":"tag-fr","18":"tag-france","19":"tag-joaillerie","20":"tag-muse","21":"tag-police","22":"tag-tourisme","23":"tag-vol"},"share_on_mastodon":{"url":"https:\/\/pubeurope.com\/@fr\/115451949415474679","error":""},"_links":{"self":[{"href":"https:\/\/www.europesays.com\/fr\/wp-json\/wp\/v2\/posts\/495440","targetHints":{"allow":["GET"]}}],"collection":[{"href":"https:\/\/www.europesays.com\/fr\/wp-json\/wp\/v2\/posts"}],"about":[{"href":"https:\/\/www.europesays.com\/fr\/wp-json\/wp\/v2\/types\/post"}],"author":[{"embeddable":true,"href":"https:\/\/www.europesays.com\/fr\/wp-json\/wp\/v2\/users\/2"}],"replies":[{"embeddable":true,"href":"https:\/\/www.europesays.com\/fr\/wp-json\/wp\/v2\/comments?post=495440"}],"version-history":[{"count":0,"href":"https:\/\/www.europesays.com\/fr\/wp-json\/wp\/v2\/posts\/495440\/revisions"}],"wp:featuredmedia":[{"embeddable":true,"href":"https:\/\/www.europesays.com\/fr\/wp-json\/wp\/v2\/media\/495441"}],"wp:attachment":[{"href":"https:\/\/www.europesays.com\/fr\/wp-json\/wp\/v2\/media?parent=495440"}],"wp:term":[{"taxonomy":"category","embeddable":true,"href":"https:\/\/www.europesays.com\/fr\/wp-json\/wp\/v2\/categories?post=495440"},{"taxonomy":"post_tag","embeddable":true,"href":"https:\/\/www.europesays.com\/fr\/wp-json\/wp\/v2\/tags?post=495440"}],"curies":[{"name":"wp","href":"https:\/\/api.w.org\/{rel}","templated":true}]}}