{"id":495444,"date":"2025-10-28T13:10:11","date_gmt":"2025-10-28T13:10:11","guid":{"rendered":"https:\/\/www.europesays.com\/fr\/495444\/"},"modified":"2025-10-28T13:10:11","modified_gmt":"2025-10-28T13:10:11","slug":"hugues-aufray-chanteur-le-plus-age-au-monde","status":"publish","type":"post","link":"https:\/\/www.europesays.com\/fr\/495444\/","title":{"rendered":"Hugues Aufray, chanteur le plus \u00e2g\u00e9 au monde\u00a0?"},"content":{"rendered":"<p><strong>Hissez haut.\u00a0<\/strong><a href=\"https:\/\/www.journaldesfemmes.fr\/people\/personnalites\/2868823-hugues-aufray-age-origines-polyamour-passion-pour-la-terre\/\" title=\"Hugues Aufray\" target=\"_blank\" rel=\"noopener\">Hugues Aufray<\/a> est-il en passe de battre un record ? Un fan suisse du chanteur souhaite l&rsquo;inscrire au Livre Guiness des records en tant que chanteur le plus \u00e2g\u00e9 au monde. \u00ab\u00a0Il y a peut-\u00eatre un chanteur plus vieux mais j&rsquo;ai mes chances. Je suis constamment en tourn\u00e9e, j&rsquo;\u00e9cris mon autobiographie, j&rsquo;ai sorti un coffret de mes reprises de Dylan et j&rsquo;ai encore plein de chansons \u00e0 enregistrer\u00a0\u00bb, a d\u00e9clar\u00e9 au <a href=\"https:\/\/www.leparisien.fr\/culture-loisirs\/musique\/ce-serait-formidable-que-timothee-chalamet-joue-mon-role-les-confidences-dhugues-aufray-en-pleine-forme-a-96-ans-27-10-2025-PSCL52UEIZEAHJHNU2EY2MTFKQ.php?ts=1761644790200\" target=\"_blank\" rel=\"noopener\">Parisien<\/a>\u00a0le chanteur de 96 ans, qui serait ravi de battre ce record s&rsquo;il est valid\u00e9.<\/p>\n","protected":false},"excerpt":{"rendered":"Hissez haut.\u00a0Hugues Aufray est-il en passe de battre un record ? Un fan suisse du chanteur souhaite l&rsquo;inscrire&hellip;\n","protected":false},"author":2,"featured_media":495445,"comment_status":"","ping_status":"","sticky":false,"template":"","format":"standard","meta":{"footnotes":""},"categories":[1355],"tags":[61804,51761,58,59,52292,1011,27,2840,51766,1031,1361,873],"class_list":{"0":"post-495444","1":"post","2":"type-post","3":"status-publish","4":"format-standard","5":"has-post-thumbnail","7":"category-musique","8":"tag-cms-journaldesfemmes-3245658","9":"tag-controller-content","10":"tag-divertissement","11":"tag-entertainment","12":"tag-format-reportage","13":"tag-fr","14":"tag-france","15":"tag-hugues-aufray","16":"tag-les-histoires-du-jdf","17":"tag-magazine","18":"tag-music","19":"tag-musique"},"share_on_mastodon":{"url":"https:\/\/pubeurope.com\/@fr\/115451961595333494","error":""},"_links":{"self":[{"href":"https:\/\/www.europesays.com\/fr\/wp-json\/wp\/v2\/posts\/495444","targetHints":{"allow":["GET"]}}],"collection":[{"href":"https:\/\/www.europesays.com\/fr\/wp-json\/wp\/v2\/posts"}],"about":[{"href":"https:\/\/www.europesays.com\/fr\/wp-json\/wp\/v2\/types\/post"}],"author":[{"embeddable":true,"href":"https:\/\/www.europesays.com\/fr\/wp-json\/wp\/v2\/users\/2"}],"replies":[{"embeddable":true,"href":"https:\/\/www.europesays.com\/fr\/wp-json\/wp\/v2\/comments?post=495444"}],"version-history":[{"count":0,"href":"https:\/\/www.europesays.com\/fr\/wp-json\/wp\/v2\/posts\/495444\/revisions"}],"wp:featuredmedia":[{"embeddable":true,"href":"https:\/\/www.europesays.com\/fr\/wp-json\/wp\/v2\/media\/495445"}],"wp:attachment":[{"href":"https:\/\/www.europesays.com\/fr\/wp-json\/wp\/v2\/media?parent=495444"}],"wp:term":[{"taxonomy":"category","embeddable":true,"href":"https:\/\/www.europesays.com\/fr\/wp-json\/wp\/v2\/categories?post=495444"},{"taxonomy":"post_tag","embeddable":true,"href":"https:\/\/www.europesays.com\/fr\/wp-json\/wp\/v2\/tags?post=495444"}],"curies":[{"name":"wp","href":"https:\/\/api.w.org\/{rel}","templated":true}]}}