{"id":495448,"date":"2025-10-28T13:12:11","date_gmt":"2025-10-28T13:12:11","guid":{"rendered":"https:\/\/www.europesays.com\/fr\/495448\/"},"modified":"2025-10-28T13:12:11","modified_gmt":"2025-10-28T13:12:11","slug":"au-canada-une-epidemie-de-rougeole-bien-plus-grave-quaux-etats-unis","status":"publish","type":"post","link":"https:\/\/www.europesays.com\/fr\/495448\/","title":{"rendered":"Au Canada, une \u00e9pid\u00e9mie de rougeole bien plus grave qu\u2019aux \u00c9tats-Unis"},"content":{"rendered":"<p>                             Par Le Figaro avec Reuters<\/p>\n<p>                Le 28 octobre 2025 \u00e0 12h38<\/p>\n<p>    La rougeole est une maladie dangereuse et tr\u00e8s contagieuse\u00a0: chaque malade peut contaminer 15 \u00e0 20 autres personnes.<br \/>\n                Konstantin Postumitenko \/ Prostock-studio &#8211; stock.adobe.com<\/p>\n<p>\n    Le pays est sur le point de perdre son statut d\u2019exempt de rougeole, une premi\u00e8re depuis trente ans, et les experts redoutent la r\u00e9surgence d\u2019autres maladies \u00e9vitables.<\/p>\n<p class=\"fig-paragraph\">Avec plus de 5000 cas depuis le d\u00e9but de l\u2019\u00e9pid\u00e9mie il y a un an, le Canada compte d\u00e9sormais plus de cas de\u00a0<a href=\"https:\/\/sante.lefigaro.fr\/sante\/maladie\/rougeole\/quel-traitement\" target=\"_blank\" data-fig-type=\"Keyword\" rel=\"sponsored noopener\" data-gtm-custom-categorie=\"navigation\" data-gtm-custom-action=\"crossclick\" data-gtm-custom-label=\"Contextuel\" data-gtm-event=\"customEventSPE\" data-fig-domain=\"SANTE\">rougeole<\/a>\u00a0que\u00a0<a href=\"http:\/\/sante.lefigaro.fr\/social\/sante-publique\/robert-kennedy-jr-le-ministre-qui-menace-la-sante-des-americains-20250523\" data-fig-type=\"Article\" data-gtm-custom-categorie=\"navigation\" data-gtm-custom-action=\"crossclick\" data-gtm-custom-label=\"Contextuel\" data-gtm-event=\"customEventSPE\" data-fig-domain=\"SANTE\" target=\"_blank\" rel=\"noopener\">les \u00c9tats-Unis<\/a>\u00a0(1600 cas pour une population 8,5 fois plus importante). Le Canada est sur le point de perdre son statut de pays exempt de rougeole apr\u00e8s pr\u00e8s de trente ans; et les experts craignent de voir revenir d\u2019autres maladies \u00e9vitables \u00e0 la faveur d\u2019une baisse g\u00e9n\u00e9rale des taux de couverture vaccinale.<\/p>\n<p class=\"fig-paragraph\">En Alberta (ouest du pays), o\u00f9 l\u2019on compte le plus grand nombre de cas par habitant avec 2000 personnes touch\u00e9es, environ 72% des enfants de plus de 7 ans avaient re\u00e7u deux doses de vaccin contre la rougeole, les oreillons et la rub\u00e9ole en 2024\u00a0; ils \u00e9taient environ 82% en 2019, et l\u2019OMS estime qu\u2019il faudrait atteindre 95% de vaccin\u00e9s pour \u00e9liminer la rougeole, une des maladies les plus contagieuses, un malade pouvant transmettre le virus \u00e0 15 ou 20 personnes. \u00ab\u00a0Si les taux de vaccination avaient \u00e9t\u00e9 \u00e9lev\u00e9s, cela ne se serait jamais produit. Il y aurait peut-\u00eatre eu (une certaine propagation), mais rien de tel\u00a0\u00bb, a d\u00e9clar\u00e9 \u00e0 l\u2019agence de presse Reuters Mark Joffe, ex-m\u00e9decin hygi\u00e9niste en chef de l\u2019Alberta.<\/p>\n<p>                                    <a class=\"fig-a11y-skip a11y-hidden\" href=\"#fig-a11y-skip-main-inarticle\"><br \/>\n        Passer la publicit\u00e9<br \/>\n    <\/a><\/p>\n<p>Fin de l\u2019\u00e9pid\u00e9mie en Ontario<\/p>\n<p class=\"fig-paragraph\">L\u2019Ontario (centre), dont la population est plus de trois fois sup\u00e9rieure \u00e0 celle de l\u2019Alberta, a signal\u00e9 2375 cas d\u00e9but octobre. L\u00e0 aussi la couverture vaccinale a baiss\u00e9, passant de 86,1% d\u2019enfants ayant re\u00e7u deux doses en 2020 \u00e0 70,4% en 2024. La fin de l\u2019\u00e9pid\u00e9mie a cependant \u00e9t\u00e9 d\u00e9clar\u00e9e le 6 octobre apr\u00e8s 46 jours sans nouveau cas. L\u2019Ontario a agi plus rapidement que l\u2019Alberta en mati\u00e8re de recherche des contacts et de rattrapage vaccinal, a d\u00e9clar\u00e9 l\u2019\u00e9pid\u00e9miologiste Nitin Mohan, ce qui a permis de stopper la transmission du virus.<\/p>\n<p class=\"fig-body-link\">\n            \u00c0 lire aussi<br \/>\n        <a class=\"fig-body-link__link\" href=\"http:\/\/sante.lefigaro.fr\/social\/sante-publique\/rougeole-en-trois-mois-et-demi-la-france-a-decompte-autant-de-cas-que-sur-tout-2024-20250429\" data-fig-type=\"NewsFlash\" data-gtm-custom-categorie=\"navigation\" data-gtm-custom-action=\"crossclick\" data-gtm-custom-label=\"Contextuel\" data-gtm-event=\"customEventSPE\" data-fig-domain=\"SANTE\" target=\"_blank\" rel=\"noopener\"><\/p>\n<p>        Rougeole: en trois mois et demi, la France a d\u00e9compt\u00e9 autant de cas que sur tout 2024<br \/>\n    <\/a>\n<\/p>\n<p class=\"fig-paragraph\">Pour \u00eatre consid\u00e9r\u00e9 comme exempt de rougeole, un pays o\u00f9 une \u00e9pid\u00e9mie se d\u00e9clare doit revenir \u00e0 z\u00e9ro cas dans les 12 mois. Ce d\u00e9lai expire cette semaine pour le Canada, tandis que les \u00c9tats-Unis ont jusqu\u2019en janvier et le Mexique jusqu\u2019en f\u00e9vrier.<\/p>\n<p>\u00abJ\u2019ai parfois l\u2019impression que nous retournons \u00e0 la fin du XIXe si\u00e8cle\u00bb<\/p>\n<p class=\"fig-paragraph\">Mais la rougeole n\u2019est pas la seule menace au sein d\u2019une population de plus en plus sceptique et m\u00e9fiante \u00e0 l\u2019\u00e9gard des vaccins depuis la pand\u00e9mie de Covid-19 et dans certaines communaut\u00e9s religieuses minoritaires, notamment les mennonites. Les taux de vaccination ont \u00e9galement baiss\u00e9 pour d\u2019autres maladies. Par exemple, en Alberta, seuls 68,9% des enfants de 2 ans sont correctement vaccin\u00e9s contre la dipht\u00e9rie et la polio\u00a0; ils \u00e9taient 76,8 % en 2019. \u00ab\u00a0J\u2019ai parfois l\u2019impression que nous retournons \u00e0 la fin du XIXe si\u00e8cle\u00a0\u00bb, s\u2019est inqui\u00e9t\u00e9 aupr\u00e8s de Reuters Lynora Saxinger, m\u00e9decin sp\u00e9cialiste des maladies infectieuses \u00e0 Edmonton.<\/p>\n<p class=\"fig-paragraph\">Stimul\u00e9e par une campagne de vaccination pendant l\u2019\u00e9pid\u00e9mie, l\u2019Alberta a doubl\u00e9 le nombre de vaccins contre la rougeole administr\u00e9s chaque semaine entre la mi-f\u00e9vrier et la mi-mars, ce qui, selon les experts, prouve que les gens peuvent \u00eatre convaincus s\u2019ils re\u00e7oivent des informations pertinentes et ont facilement acc\u00e8s au vaccin. \u00ab\u00a0Beaucoup de gens ne refusent pas le vaccin en soi, estime Mark Joffe. Je pense que la r\u00e9alit\u00e9 est que les parents d\u2019enfants en bas \u00e2ge aujourd\u2019hui ne savent pas ce qu\u2019est la rougeole. Elle n\u2019existait pas \u00e0 leur \u00e9poque.\u00a0\u00bb<\/p>\n","protected":false},"excerpt":{"rendered":"Par Le Figaro avec Reuters Le 28 octobre 2025 \u00e0 12h38 La rougeole est une maladie dangereuse et&hellip;\n","protected":false},"author":2,"featured_media":495449,"comment_status":"","ping_status":"","sticky":false,"template":"","format":"standard","meta":{"footnotes":""},"categories":[10],"tags":[61806,1011,27,72,38553,6405,71,61805],"class_list":{"0":"post-495448","1":"post","2":"type-post","3":"status-publish","4":"format-standard","5":"has-post-thumbnail","7":"category-sante","8":"tag-diphterie","9":"tag-fr","10":"tag-france","11":"tag-health","12":"tag-la-vaccination","13":"tag-rougeole","14":"tag-sante","15":"tag-vaccination-contre-la-poliomyelite"},"share_on_mastodon":{"url":"https:\/\/pubeurope.com\/@fr\/115451969347584363","error":""},"_links":{"self":[{"href":"https:\/\/www.europesays.com\/fr\/wp-json\/wp\/v2\/posts\/495448","targetHints":{"allow":["GET"]}}],"collection":[{"href":"https:\/\/www.europesays.com\/fr\/wp-json\/wp\/v2\/posts"}],"about":[{"href":"https:\/\/www.europesays.com\/fr\/wp-json\/wp\/v2\/types\/post"}],"author":[{"embeddable":true,"href":"https:\/\/www.europesays.com\/fr\/wp-json\/wp\/v2\/users\/2"}],"replies":[{"embeddable":true,"href":"https:\/\/www.europesays.com\/fr\/wp-json\/wp\/v2\/comments?post=495448"}],"version-history":[{"count":0,"href":"https:\/\/www.europesays.com\/fr\/wp-json\/wp\/v2\/posts\/495448\/revisions"}],"wp:featuredmedia":[{"embeddable":true,"href":"https:\/\/www.europesays.com\/fr\/wp-json\/wp\/v2\/media\/495449"}],"wp:attachment":[{"href":"https:\/\/www.europesays.com\/fr\/wp-json\/wp\/v2\/media?parent=495448"}],"wp:term":[{"taxonomy":"category","embeddable":true,"href":"https:\/\/www.europesays.com\/fr\/wp-json\/wp\/v2\/categories?post=495448"},{"taxonomy":"post_tag","embeddable":true,"href":"https:\/\/www.europesays.com\/fr\/wp-json\/wp\/v2\/tags?post=495448"}],"curies":[{"name":"wp","href":"https:\/\/api.w.org\/{rel}","templated":true}]}}