{"id":495471,"date":"2025-10-28T13:26:13","date_gmt":"2025-10-28T13:26:13","guid":{"rendered":"https:\/\/www.europesays.com\/fr\/495471\/"},"modified":"2025-10-28T13:26:13","modified_gmt":"2025-10-28T13:26:13","slug":"deux-ouvriers-ecrases-par-un-pylone-un-mort-un-blesse-grave","status":"publish","type":"post","link":"https:\/\/www.europesays.com\/fr\/495471\/","title":{"rendered":"deux ouvriers \u00e9cras\u00e9s par un pyl\u00f4ne, un mort, un bless\u00e9 grave"},"content":{"rendered":"<p>            Par<br \/>\n        <strong><br \/>\n            <a href=\"https:\/\/actu.fr\/auteur\/metropoop\" title=\"Consulter tous les articles de R\u00e9daction M\u00e9tropolitain\" target=\"_blank\" rel=\"noopener\">R\u00e9daction M\u00e9tropolitain<\/a><br \/>\n        <\/strong><\/p>\n<p>        Publi\u00e9 le<\/p>\n<p>            28 oct. 2025 \u00e0 13h54        <\/p>\n<p>Un terrible accident du travail s\u2019est produit ce mardi 28 octobre 2025 en matin\u00e9e, dans la commune de <strong>Lunas-les-Ch\u00e2teaux<\/strong>, au nord-ouest de Montpellier.<\/p>\n<p class=\" wall-content\">Sur la route de Joncels, vers le parc \u00e9olien, deux ouvriers qui travaillaient sur des pyl\u00f4nes ont \u00e9t\u00e9 \u00e9cras\u00e9s. Ils ont \u00e9t\u00e9 pi\u00e9g\u00e9s par la chute soudaine d\u2019un pyl\u00f4ne pesant plusieurs tonnes.<\/p>\n<p>    <a href=\"https:\/\/www.google.com\/maps\/embed?pb=!1m18!1m12!1m3!1d8118.83773297862!2d3.199848779062348!3d43.71600170416182!2m3!1f0!2f0!3f0!3m2!1i1024!2i768!4f13.1!3m3!1m2!1s0x12b17dc82078b3f7%3A0x1285df1ab57fa138!2sRte%20de%20Joncels%2C%2034650%20Lunas!5e0!3m2!1sfr!2sfr!4v1761652709022!5m2!1sfr!2sfr\" title=\"Ouvrie le lien\" target=\"_blank\" rel=\"noopener\">Cliquez ici pour visualiser le contenu<\/a><\/p>\n<p class=\" wall-content\">De gros moyens ont \u00e9t\u00e9 engag\u00e9s par le <strong>Sdis 34<\/strong> avec des sapeurs-pompiers venus des casernes de Lunas et alentour, dont l\u2019unit\u00e9 de sauvetage-d\u00e9blaiement, ainsi que des \u00e9quipes du <strong>Smur-Samu 34<\/strong>.<\/p>\n<p class=\" wall-content\">Un des ouvriers \u00e2g\u00e9 de 45 ans, en arr\u00eat cardio-respiratoire est d\u00e9c\u00e9d\u00e9 sur place, en d\u00e9pit des massages cardiaques prodigu\u00e9s.<\/p>\n<p>Vid\u00e9os : en ce moment sur Actu<\/p>\n<p class=\" wall-content\">Son coll\u00e8gue qui avait les jambes coinc\u00e9es sous le pyl\u00f4ne a \u00e9t\u00e9 d\u00e9gag\u00e9 par les secours et transport\u00e9 au CHU de Montpellier en urgence absolue par l\u2019h\u00e9licopt\u00e8re de la S\u00e9curit\u00e9 civile, le <strong>Dragon 34<\/strong>. Les <strong>gendarmes<\/strong> sont sur place pour d\u00e9buter leur enqu\u00eate, pour \u00e9tablir pourquoi ce pyl\u00f4ne s\u2019est effondr\u00e9.<\/p>\n<p class=\" wall-content\">Personnalisez votre actualit\u00e9 en ajoutant vos villes et m\u00e9dias en favori avec <a href=\"https:\/\/moncompte.actu.fr\" title=\"D\u00e9couvez Mon Actu\" rel=\"nofollow noopener\" data-trk=\"{&quot;cta&quot;:{&quot;action&quot;:&quot;https:\\\/\\\/moncompte.actu.fr&quot;,&quot;category&quot;:&quot;mon compte&quot;,&quot;from&quot;:&quot;article footer&quot;,&quot;name&quot;:&quot;Mon actu&quot;,&quot;type&quot;:&quot;cta&quot;}}\" target=\"_blank\">Mon Actu<\/a>.<\/p>\n","protected":false},"excerpt":{"rendered":"Par R\u00e9daction M\u00e9tropolitain Publi\u00e9 le 28 oct. 2025 \u00e0 13h54 Un terrible accident du travail s\u2019est produit ce&hellip;\n","protected":false},"author":2,"featured_media":495472,"comment_status":"","ping_status":"","sticky":false,"template":"","format":"standard","meta":{"footnotes":""},"categories":[9599],"tags":[1111,11,1777,674,118,1011,27,3381,2208,12,2680,1311,25],"class_list":{"0":"post-495471","1":"post","2":"type-post","3":"status-publish","4":"format-standard","5":"has-post-thumbnail","7":"category-montpellier","8":"tag-actu","9":"tag-actualites","10":"tag-eu","11":"tag-europe","12":"tag-faits-divers","13":"tag-fr","14":"tag-france","15":"tag-gendarmerie","16":"tag-montpellier","17":"tag-news","18":"tag-occitanie","19":"tag-pompiers","20":"tag-republique-francaise"},"share_on_mastodon":{"url":"","error":""},"_links":{"self":[{"href":"https:\/\/www.europesays.com\/fr\/wp-json\/wp\/v2\/posts\/495471","targetHints":{"allow":["GET"]}}],"collection":[{"href":"https:\/\/www.europesays.com\/fr\/wp-json\/wp\/v2\/posts"}],"about":[{"href":"https:\/\/www.europesays.com\/fr\/wp-json\/wp\/v2\/types\/post"}],"author":[{"embeddable":true,"href":"https:\/\/www.europesays.com\/fr\/wp-json\/wp\/v2\/users\/2"}],"replies":[{"embeddable":true,"href":"https:\/\/www.europesays.com\/fr\/wp-json\/wp\/v2\/comments?post=495471"}],"version-history":[{"count":0,"href":"https:\/\/www.europesays.com\/fr\/wp-json\/wp\/v2\/posts\/495471\/revisions"}],"wp:featuredmedia":[{"embeddable":true,"href":"https:\/\/www.europesays.com\/fr\/wp-json\/wp\/v2\/media\/495472"}],"wp:attachment":[{"href":"https:\/\/www.europesays.com\/fr\/wp-json\/wp\/v2\/media?parent=495471"}],"wp:term":[{"taxonomy":"category","embeddable":true,"href":"https:\/\/www.europesays.com\/fr\/wp-json\/wp\/v2\/categories?post=495471"},{"taxonomy":"post_tag","embeddable":true,"href":"https:\/\/www.europesays.com\/fr\/wp-json\/wp\/v2\/tags?post=495471"}],"curies":[{"name":"wp","href":"https:\/\/api.w.org\/{rel}","templated":true}]}}