{"id":495496,"date":"2025-10-28T13:39:27","date_gmt":"2025-10-28T13:39:27","guid":{"rendered":"https:\/\/www.europesays.com\/fr\/495496\/"},"modified":"2025-10-28T13:39:27","modified_gmt":"2025-10-28T13:39:27","slug":"handball-le-gardien-espagnol-du-hbc-nantes-ignacio-biosca-rappele-en-selection-sport","status":"publish","type":"post","link":"https:\/\/www.europesays.com\/fr\/495496\/","title":{"rendered":"Handball. Le gardien espagnol du HBC Nantes, Ignacio Biosca, rappel\u00e9 en s\u00e9lection . Sport"},"content":{"rendered":"<p>La f\u00e9d\u00e9ration espagnole a annonc\u00e9 que le gardien du <a href=\"https:\/\/nantes.maville.com\/sport\/detail_-handball.-ludovic-seutchie-une-petite-voix-lui-a-dit-le-benin-avec-le-hbc-nantes-c-est-pour-toi-_8-7038529_actu.Htm\" target=\"_blank\" rel=\"noopener\">HBC Nantes,<\/a> Ignacio Biosca, rejoignait l\u2019\u00e9quipe nationale en Su\u00e8de ou les Ib\u00e9riques doivent jouer \u00e0 l\u2019occasion de cette semaine internationale, deux matches amicaux, ce jeudi 30\u00a0octobre \u00e0 Link\u00f6ping et samedi 1er\u00a0novembre \u00e0 Eskilstuna.<\/p>\n<p>Ignacio Biosca remplace le portier de Veszpr\u00e9m (Hongrie) et futur joueur du PSG, Rodrigo Corrales.<\/p>\n<p>Le Barcelonais retrouve le maillot de l\u2019\u00e9quipe nationale espagnole qu\u2019il n\u2019avait plus port\u00e9 depuis 2019, lors du Tournoi des Quatre Nations organis\u00e9 en Pologne. Son bon d\u00e9but de saison dans la cage du HBC Nantes (le <a href=\"https:\/\/nantes.maville.com\/sport\/detail_-hbc-nantes.-avant-la-treve-le-h-fait-feu-de-tout-bois-_8-7037296_actu.Htm\" target=\"_blank\" rel=\"noopener\">HBC Nantes<\/a> est troisi\u00e8me de Starligue et quatri\u00e8me de son groupe de Ligue des champions) lui vaut ce rappel de la part de Jordi Ribera. Le gardien du HBCN va retrouver ses co\u00e9quipiers <a href=\"https:\/\/nantes.maville.com\/sport\/detail_-hbc-nantes.-theo-avelange-demouge-veut-savourer-avant-de-s-eclipser-_8-7037616_actu.Htm\" target=\"_blank\" rel=\"noopener\">Kauldi Odriozola<\/a> et Ian Tarrafeta.<\/p>\n<p>9\u00a0internationaux \u00e0 Nantes<\/p>\n<p>La H Arena va d\u2019ailleurs sonner creux et Gr\u00e9gory Cojean laisser place \u00e0 la r\u00e9cup\u00e9ration cette semaine. Thibaud Briet, Nicolas Tournat, Aymeric Minne et Julien Bos ont pris la direction de Capbreton, avant d\u2019affronter l\u2019Italie, samedi (18\u00a0h\u00a045) \u00e0 Pau, avec les Bleus.<\/p>\n<p><strong>Lire aussi\u00a0:<\/strong> <a href=\"https:\/\/nantes.maville.com\/sport\/detail_-hbc-nantes.-theo-avelange-demouge-veut-savourer-avant-de-s-eclipser-_8-7037616_actu.Htm\" target=\"_self\" rel=\"noopener\">HBC Nantes. Th\u00e9o Avelange-Demouge veut savourer avant de s\u2019\u00e9clipser<\/a><\/p>\n<p>Noam Leopold va disputer deux matches avec l\u2019\u00e9quipe nationale de Suisse contre la Croatie. Ayoub Abdi est parti en stage avec l\u2019Alg\u00e9rie et du c\u00f4t\u00e9 des jeunes, Yoni Peyarbout et L\u00e9o Gendronneau, seront en stage en Normandie, \u00e0 Houlgate, avec l\u2019\u00e9quipe de France U21.<\/p>\n<p>\u00a0<\/p>\n","protected":false},"excerpt":{"rendered":"La f\u00e9d\u00e9ration espagnole a annonc\u00e9 que le gardien du HBC Nantes, Ignacio Biosca, rejoignait l\u2019\u00e9quipe nationale en Su\u00e8de&hellip;\n","protected":false},"author":2,"featured_media":495497,"comment_status":"","ping_status":"","sticky":false,"template":"","format":"standard","meta":{"footnotes":""},"categories":[2818],"tags":[1111,11,3809,1465,1777,674,63,1011,27,1792,1922,766,12,2636,25,479,517,1470],"class_list":{"0":"post-495496","1":"post","2":"type-post","3":"status-publish","4":"format-standard","5":"has-post-thumbnail","7":"category-nantes","8":"tag-actu","9":"tag-actualites","10":"tag-ball","11":"tag-basket","12":"tag-eu","13":"tag-europe","14":"tag-football","15":"tag-fr","16":"tag-france","17":"tag-handball","18":"tag-info","19":"tag-nantes","20":"tag-news","21":"tag-pays-de-la-loire","22":"tag-republique-francaise","23":"tag-rugby","24":"tag-sport","25":"tag-volley"},"share_on_mastodon":{"url":"https:\/\/pubeurope.com\/@fr\/115452075336368975","error":""},"_links":{"self":[{"href":"https:\/\/www.europesays.com\/fr\/wp-json\/wp\/v2\/posts\/495496","targetHints":{"allow":["GET"]}}],"collection":[{"href":"https:\/\/www.europesays.com\/fr\/wp-json\/wp\/v2\/posts"}],"about":[{"href":"https:\/\/www.europesays.com\/fr\/wp-json\/wp\/v2\/types\/post"}],"author":[{"embeddable":true,"href":"https:\/\/www.europesays.com\/fr\/wp-json\/wp\/v2\/users\/2"}],"replies":[{"embeddable":true,"href":"https:\/\/www.europesays.com\/fr\/wp-json\/wp\/v2\/comments?post=495496"}],"version-history":[{"count":0,"href":"https:\/\/www.europesays.com\/fr\/wp-json\/wp\/v2\/posts\/495496\/revisions"}],"wp:featuredmedia":[{"embeddable":true,"href":"https:\/\/www.europesays.com\/fr\/wp-json\/wp\/v2\/media\/495497"}],"wp:attachment":[{"href":"https:\/\/www.europesays.com\/fr\/wp-json\/wp\/v2\/media?parent=495496"}],"wp:term":[{"taxonomy":"category","embeddable":true,"href":"https:\/\/www.europesays.com\/fr\/wp-json\/wp\/v2\/categories?post=495496"},{"taxonomy":"post_tag","embeddable":true,"href":"https:\/\/www.europesays.com\/fr\/wp-json\/wp\/v2\/tags?post=495496"}],"curies":[{"name":"wp","href":"https:\/\/api.w.org\/{rel}","templated":true}]}}