{"id":495506,"date":"2025-10-28T13:44:12","date_gmt":"2025-10-28T13:44:12","guid":{"rendered":"https:\/\/www.europesays.com\/fr\/495506\/"},"modified":"2025-10-28T13:44:12","modified_gmt":"2025-10-28T13:44:12","slug":"lille-explorez-la-fete-creez-des-confettis-et-dansez-dans-cette-incroyable-expo-gratuite-a-saint-so","status":"publish","type":"post","link":"https:\/\/www.europesays.com\/fr\/495506\/","title":{"rendered":"Lille. Explorez la f\u00eate, cr\u00e9ez des confettis et dansez, dans cette incroyable expo gratuite \u00e0 Saint-So"},"content":{"rendered":"<p>            Par<br \/>\n        <strong><br \/>\n            <a href=\"https:\/\/actu.fr\/auteur\/amandine-vachez\" title=\"Consulter tous les articles de Amandine Vachez\" target=\"_blank\" rel=\"noopener\">Amandine Vachez<\/a><br \/>\n        <\/strong><\/p>\n<p>        Publi\u00e9 le<\/p>\n<p>            28 oct. 2025 \u00e0 14h00        <\/p>\n<p>C\u2019est s\u00e9rieusement drolatique, et brillamment construit. Dans le<b> parcours de l\u2019exposition de la Briche Foraine <\/b>\u00e0 <b>Saint-So<\/b>, visible<b> jusqu\u2019au samedi 8\u00a0novembre 2025<\/b> \u00e0 <a href=\"https:\/\/actu.fr\/lille\/\" target=\"_blank\" rel=\"noopener\">Lille<\/a> (Nord), le visiteur est plong\u00e9 dans<b> l\u2019univers du \u00ab\u2009grand festif\u2009\u00bb. <\/b>On p\u00e9n\u00e8tre dans les coulisses de l\u2019Institut du m\u00eame nom, avant de pouvoir s\u2019adonner \u00e0 des \u00ab\u2009tests\u2009\u00bb surprenants, et d\u2019\u00eatre invit\u00e9 \u00e0 \u00ab\u2009gincher\u2009\u00bb, costum\u00e9 et masqu\u00e9s pour ceux qui le souhaitent. Une <b>immersion dans l\u2019univers de la f\u00eate<\/b> ax\u00e9e sur l\u2019exp\u00e9rientiel. Proposition bien diff\u00e9rente de <a href=\"https:\/\/actu.fr\/hauts-de-france\/lille_59350\/lille-paillettes-stroboscopes-et-etrangetes-festives-vivez-la-fete-interieure-a-saint-so_62715410.html\" target=\"_blank\" rel=\"noopener\">la premi\u00e8re expo saisonni\u00e8re \u00e0 la gare<\/a>.<\/p>\n<p>Toute une histoire au c\u0153ur de la f\u00eate<\/p>\n<p class=\" wall-content\">Pour savourer pleinement cette\u00a0<a href=\"https:\/\/fiestalille3000.com\/exposition\/institut-grand-festif\/\" target=\"_blank\" rel=\"noopener\">exposition<\/a>, il est conseill\u00e9 de lire les pancartes \u00e0 l\u2019entr\u00e9e<a href=\"https:\/\/fiestalille3000.com\/exposition\/institut-grand-festif\/\" target=\"_blank\" rel=\"noopener\">. On y d\u00e9couvre comment a \u00e9t\u00e9 cr\u00e9\u00e9 le prestigieux \u00ab\u2009Institut du Grand festif\u2009\u00bb, pr\u00e9sentation \u00e9crite et mur de photos d\u2019archives \u00e0 l\u2019appui. Une <b>fable savamment men\u00e9e<\/b> (on se demanderait presque si c\u2019est vrai), cont\u00e9e par la Briche Foraine. Ce <b>collectif d\u2019artistes originaire de Saint-Denis<\/b>, cr\u00e9\u00e9 lors de leur sortie d\u2019\u00e9cole d\u2019art, a mis les petits plats dans les grands pour cette premi\u00e8re installation hors-les-murs de son histoire, cr\u00e9\u00e9e <a href=\"https:\/\/actu.fr\/hauts-de-france\/lille_59350\/lille-la-fete-universelle-et-intemporelle-la-saison-fiesta-deboule-bientot-dans-la-metropole_62190090.html\" target=\"_blank\" rel=\"noopener\">dans le cadre de la saison \u00ab\u2009Fiesta\u2009\u00bb de lille3000<\/a>.<\/p>\n<p>    <img   decoding=\"async\" loading=\"lazy\" class=\"size-large\" src=\"https:\/\/www.europesays.com\/fr\/wp-content\/uploads\/2025\/10\/dc8401a84ff86319401a84ff835940v-960x640.jpg\" alt=\"xx\" width=\"960\" height=\"640\"\/><br \/>\n    Pour \u00ab\u2009Fiesta\u2009\u00bb de lille3000, le collectif de la Briche Foraine s\u2019invite \u00e0 la gare Saint-Sauveur de Lille (Nord). Immersion dans le labo de l\u2019Institut du grand festif. \u00a9Amandine Vachez<\/p>\n<p class=\" wall-content\">Fred Melin, notre guide et membre du collectif depuis ses d\u00e9buts en 2012, explique\u2009: \u00ab\u2009Nous avons <b>cr\u00e9\u00e9 toute une histoire autour de la f\u00eate.<\/b> Des chercheurs travaillent autour de la f\u00eate\u2009: son histoire, ses traditions\u2026\u2009\u00bb On d\u00e9couvre dans le parcours<b> un bureau de chercheurs, une zone d\u2019exposition arch\u00e9ologique, un observatoire du confetti<\/b>, ou encore une zone consacr\u00e9e \u00e0 des personnages festifs hauts en couleur. On regarde, on lit, on observe, et surtout, on teste\u2009! Il est possible de d\u00e9couper des confettis, de tester ce qui doit \u00eatre la plus petite boite de nuit du monde ou encore de cr\u00e9er des masques\u2026 Une immersion originale dans l\u2019univers de la f\u00eate, qui saura s\u00e9duire petits et grands visiteurs.<\/p>\n<p>Des cr\u00e9ations issues de rencontres<br \/>\n    <img   decoding=\"async\" loading=\"lazy\" class=\"size-large\" src=\"https:\/\/www.europesays.com\/fr\/wp-content\/uploads\/2025\/10\/9e6601a84ff86037601a84ff8e6760v-960x640.jpg\" alt=\"xx\" width=\"960\" height=\"640\"\/><br \/>\n    Vous n\u2019\u00eates pas \u00e0 l\u2019abri de tomber nez \u00e0 nez avec\u2026. une moule \u00e0 facettes, dans cette surprenante installation\u2009! \u00a9Amandine Vachez<\/p>\n<p class=\" wall-content\">Les artistes de la Briche Foraine ont cr\u00e9\u00e9 des \u0153uvres pour cette expo, comme la <b>fameuse \u00ab\u2009moule \u00e0 facettes\u2009\u00bb <\/b>qui vous fera tourner la t\u00eate. Elles compl\u00e8tent d\u2019autres<b> cr\u00e9ations issues d\u2019ateliers propos\u00e9s ces derni\u00e8res ann\u00e9es en r\u00e9gion parisienne<\/b>, et ailleurs en France. Une vid\u00e9o avec une parade festive est notamment diffus\u00e9e. \u00ab\u2009On a repris plein de choses n\u00e9es de nos projets pr\u00e9c\u00e9dents\u2009\u00bb, relate Fred Melin. \u00c0 Lille, des ateliers de <b>cr\u00e9ation de masques <\/b>sont propos\u00e9s depuis l\u2019ouverture d\u2019exposition. \u00ab\u2009On avait \u00e0 c\u0153ur de partager notre savoir-f\u00eate\u2009\u00bb, ajoute l\u2019artiste repr\u00e9sentant le collectif, dans un grand sourire. D\u2019ailleurs, vous pouvez la voir dans le parcours, d\u00e9guis\u00e9e sur une pancarte \u00e0 taille humaine en carton, comme les autres membres du collectif.<\/p>\n<p class=\" wall-content\"><b>Miroirs d\u00e9formants, piste de danse, rouge \u00e0 l\u00e8vres g\u00e9ant <\/b>et<b> autres curiosit\u00e9s <\/b>vous attendent dans cette installation aussi loufoque que savoureuse. Seul risque\u2009: se laisser compl\u00e8tement emporter par l\u2019esprit du grand festif.<\/p>\n<p>Votre r\u00e9gion, votre actu !<\/p>\n<p>Recevez chaque jour les infos qui comptent pour vous.<\/p>\n<p>\t<a href=\"https:\/\/actu.fr\/newsletter\" class=\"ac-btn ac-btn--corner ac-btn--medium ac-btn--blue800\" target=\"_blank\" rel=\"noopener\">S&rsquo;incrire<\/a><br \/>\nEn plus de l\u2019exposition, en acc\u00e8s libre et visible du mercredi au dimanche (12\u2009h-19\u2009h), des temps forts sont r\u00e9guli\u00e8rement organis\u00e9s. Pour le week-end de fermeture, la Briche Foraine annonce une parade et de nombreuses surprises. Logiquement, ce projet se cl\u00f4turera par une grande \u00ab\u2009fiesta finale\u2009\u00bb\u2009! Plus d\u2019infos <a href=\"https:\/\/fiestalille3000.com\/fiesta-finale-week-end-de-cloture\/\" target=\"_blank\" rel=\"noopener\">par ici<\/a>.<\/p>\n<p class=\" wall-content\">Personnalisez votre actualit\u00e9 en ajoutant vos villes et m\u00e9dias en favori avec <a href=\"https:\/\/moncompte.actu.fr\" title=\"D\u00e9couvez Mon Actu\" rel=\"nofollow noopener\" data-trk=\"{&quot;cta&quot;:{&quot;action&quot;:&quot;https:\\\/\\\/moncompte.actu.fr&quot;,&quot;category&quot;:&quot;mon compte&quot;,&quot;from&quot;:&quot;article footer&quot;,&quot;name&quot;:&quot;Mon actu&quot;,&quot;type&quot;:&quot;cta&quot;}}\" target=\"_blank\">Mon Actu<\/a>.<\/p>\n","protected":false},"excerpt":{"rendered":"Par Amandine Vachez Publi\u00e9 le 28 oct. 2025 \u00e0 14h00 C\u2019est s\u00e9rieusement drolatique, et brillamment construit. Dans le&hellip;\n","protected":false},"author":2,"featured_media":495507,"comment_status":"","ping_status":"","sticky":false,"template":"","format":"standard","meta":{"footnotes":""},"categories":[2815],"tags":[1111,11,6557,1777,674,652,1011,27,811,1307,1652,12,25],"class_list":{"0":"post-495506","1":"post","2":"type-post","3":"status-publish","4":"format-standard","5":"has-post-thumbnail","7":"category-lille","8":"tag-actu","9":"tag-actualites","10":"tag-bon-plan-a-lille","11":"tag-eu","12":"tag-europe","13":"tag-famille","14":"tag-fr","15":"tag-france","16":"tag-hauts-de-france","17":"tag-lille","18":"tag-loisirs-culture","19":"tag-news","20":"tag-republique-francaise"},"share_on_mastodon":{"url":"https:\/\/pubeurope.com\/@fr\/115452095521900702","error":""},"_links":{"self":[{"href":"https:\/\/www.europesays.com\/fr\/wp-json\/wp\/v2\/posts\/495506","targetHints":{"allow":["GET"]}}],"collection":[{"href":"https:\/\/www.europesays.com\/fr\/wp-json\/wp\/v2\/posts"}],"about":[{"href":"https:\/\/www.europesays.com\/fr\/wp-json\/wp\/v2\/types\/post"}],"author":[{"embeddable":true,"href":"https:\/\/www.europesays.com\/fr\/wp-json\/wp\/v2\/users\/2"}],"replies":[{"embeddable":true,"href":"https:\/\/www.europesays.com\/fr\/wp-json\/wp\/v2\/comments?post=495506"}],"version-history":[{"count":0,"href":"https:\/\/www.europesays.com\/fr\/wp-json\/wp\/v2\/posts\/495506\/revisions"}],"wp:featuredmedia":[{"embeddable":true,"href":"https:\/\/www.europesays.com\/fr\/wp-json\/wp\/v2\/media\/495507"}],"wp:attachment":[{"href":"https:\/\/www.europesays.com\/fr\/wp-json\/wp\/v2\/media?parent=495506"}],"wp:term":[{"taxonomy":"category","embeddable":true,"href":"https:\/\/www.europesays.com\/fr\/wp-json\/wp\/v2\/categories?post=495506"},{"taxonomy":"post_tag","embeddable":true,"href":"https:\/\/www.europesays.com\/fr\/wp-json\/wp\/v2\/tags?post=495506"}],"curies":[{"name":"wp","href":"https:\/\/api.w.org\/{rel}","templated":true}]}}