{"id":49551,"date":"2025-04-24T16:10:08","date_gmt":"2025-04-24T16:10:08","guid":{"rendered":"https:\/\/www.europesays.com\/fr\/49551\/"},"modified":"2025-04-24T16:10:08","modified_gmt":"2025-04-24T16:10:08","slug":"comme-ca-elle-arretera-peut-etre-de-sourire-helene-perlant-la-fille-de-francois-bayrou-raconte-comment-un-pretre-la-agressee-alors-quelle-etait-eleve-a-betharram","status":"publish","type":"post","link":"https:\/\/www.europesays.com\/fr\/49551\/","title":{"rendered":"\u00ab\u00a0Comme \u00e7a, elle arr\u00eatera peut-\u00eatre de sourire\u00a0\u00bb: H\u00e9l\u00e8ne Perlant, la fille de Fran\u00e7ois Bayrou, raconte comment un pr\u00eatre l&rsquo;a agress\u00e9e alors qu&rsquo;elle \u00e9tait \u00e9l\u00e8ve \u00e0 B\u00e9tharram"},"content":{"rendered":"<p><strong>H\u00e9l\u00e8ne Perlant, fille de Fran\u00e7ois Bayrou<\/strong>, \u00e9tait invit\u00e9e ce jeudi 24 avril du\u00a0<a href=\"https:\/\/www.radiofrance.fr\/franceinter\/podcasts\/l-invite-de-8h20-le-grand-entretien\/l-invite-de-8h20-le-grand-entretien-du-jeudi-24-avril-2025-8287995\" target=\"_blank\" rel=\"noopener\">grand entretien<\/a> sur France Inter, aux c\u00f4t\u00e9s de l&rsquo;auteur du livre\u00a0Le Silence de B\u00e9tharram\u00a0et fondateur du Collectif des victimes de B\u00e9tharram, Alain Esquerre.\u00a0<\/p>\n<p>Le lanceur d&rsquo;alerte et \u00e9galement ancien \u00e9l\u00e8ve, rappelle que <strong>plus de 200 plaintes ont \u00e9t\u00e9 d\u00e9pos\u00e9es<\/strong>, et que c&rsquo;est un syst\u00e8me de p\u00e9docriminalit\u00e9 qui a \u00e9t\u00e9 mis en place \u00e0 B\u00e9tharram.<\/p>\n<p>Il raconte \u00e9galement ce jour o\u00f9 tous <strong>ses souvenirs d&rsquo;agressions sont remont\u00e9s<\/strong>, quand il a crois\u00e9 pendant une balade un ancien surveillant g\u00e9n\u00e9ral, Patrick Martin, qui \u00e9tait toujours en poste.<\/p>\n<p>Estimant qu&rsquo;on ne \u00ab\u00a0doit pas faire preuve de l\u00e2chet\u00e9 quand on est adulte\u00a0\u00bb, il d\u00e9cide de fonder un groupe Facebook, puis le Collectif.<\/p>\n<p>De son c\u00f4t\u00e9, H\u00e9l\u00e8ne Perlant raconte l&rsquo;agression qu&rsquo;elle a subie \u00e0 l&rsquo;\u00e2ge de 14 ans.\u00a0Ce jour o\u00f9 elle a \u00e9t\u00e9 <strong>tabass\u00e9e par un pr\u00eatre, le p\u00e8re Lartiguet <\/strong>lors d&rsquo;un camp d&rsquo;\u00e9t\u00e9.<\/p>\n<p>Cet <strong>homme de 120 kg<\/strong> s&rsquo;est jet\u00e9 sur elle, l&rsquo;a tir\u00e9e par les cheveux et tra\u00een\u00e9e au sol, avant de la rouer de <strong>coups de poing et de coups de pied<\/strong>.<\/p>\n<p>La violence est t<strong>elle qu&rsquo;elle s&rsquo;urine dessu<\/strong>s. Puis on la laisse \u00ab\u00a0un peu \u00e0 l&rsquo;\u00e9cart du groupe, toute la nuit, comme \u00e7a\u00a0\u00bb.<\/p>\n<p>Elle s&rsquo;adresse \u00e0 son agresseur \u00e0 travers son t\u00e9moignage dans le livre: \u00ab\u00a0<strong>Tu ne\u00a0m&rsquo;as rien fait connard. Je ne montrerai pas que je souffre, je ne serai jamais ta victime<\/strong>. Je vais sourire deux fois plus\u00a0\u00bb.<\/p>\n<p>Cette derni\u00e8re phrase est une r\u00e9ponse \u00e0 la phrase qu&rsquo;elle a entendue au moment de son passage \u00e0 tabac: <strong>\u00ab\u00a0Comme \u00e7a, peut-\u00eatre, elle va arr\u00eater de sourire.\u00a0\u00bb<\/strong><\/p>\n<p>Dans cette histoire, ce qui la marque ce sont surtout les regards: \u00ab\u00a0Ces regards de 40 personnes, adultes, enfants, certains \u00e9lus locaux. <strong>On l\u00e8ve les yeux et on voit des regards vides<\/strong> qui font que personne ne donne le moindre signe qui dit qu&rsquo;il se passe quelque chose de pas normal\u00a0\u00bb.\u00a0<\/p>\n<p>                                Offrir son r\u00e9cit pour se \u00ab\u00a0faire recenser\u00a0\u00bb<\/p>\n<p>H\u00e9l\u00e8ne Perlant n&rsquo;a jamais rien dit, \u00e0 personne. Et elle tient \u00e0 \u00eatre consid\u00e9r\u00e9e <strong>comme <\/strong><strong>\u00ab\u00a0une victime quelconque<\/strong>, parmi d&rsquo;autres victimes, et \u00e9galement fille du Premier ministre\u00a0\u00bb.\u00a0<\/p>\n<p>Son r\u00e9cit, elle souhaite l&rsquo;offrir \u00e0 Alain, pour se \u00ab\u00a0faire recenser\u00a0\u00bb, <strong>pour \u00eatre en soutien \u00e0 tous les \u00ab\u00a0enfants B\u00e9tharram\u00a0\u00bb.<\/strong><\/p>\n<p>Et d&rsquo;ajouter: \u00ab\u00a0Toute ma promo. Il n&rsquo;en manque pas un. <strong>On est tous avec toi [Alain] pour accomplir ce que tu vas montrer et prouver<\/strong>. On est tous ab\u00eem\u00e9s, qu&rsquo;on ait \u00e9t\u00e9 directement victime ou pas\u00a0\u00bb.<\/p>\n<p>H\u00e9l\u00e8ne Perlant voudrait aussi pouvoir expliquer \u00ab\u00a0ce qu&rsquo;\u00e9tait le silence de l&rsquo;int\u00e9rieur\u00a0\u00bb, que <strong>tous \u00e9taient \u00ab\u00a0persuad\u00e9s d&rsquo;avoir \u00e9t\u00e9 les seuls \u00e0 \u00eatre agress\u00e9s\u00a0\u00bb<\/strong>.<\/p>\n<p>Elle explique que, depuis l&rsquo;ext\u00e9rieur, \u00ab\u00a0vous voyez des enfants qui vont super bien. Des \u00e9lus qui travaillent \u00e0 B\u00e9tharram qui sont hyper sympas\u00a0\u00bb.<\/p>\n<p><strong>Son p\u00e8re, Fran\u00e7ois Bayrou, n&rsquo;a \u00e9t\u00e9 mis au courant de l&rsquo;agression de sa fille qu&rsquo;il y a quelques jours<\/strong>, \u00ab\u00a0parce que Le Canard Encha\u00een\u00e9 l&rsquo;a contact\u00e9. Au d\u00e9part, avec Alain, on avait l&rsquo;intention de ne pas le dire avant la sortie du livre\u00a0\u00bb.<\/p>\n<p>\u00ab\u00a0Je veux lui montrer \u00e0 lui et aux autres qu&rsquo;il n&rsquo;y a <strong>pas besoin de la reconnaissance des parents et de l&rsquo;\u00c9tat pour avancer<\/strong>.\u00a0\u00bb\u00a0<\/p>\n<p>Elle veut aussi casser cette id\u00e9e selon laquelle on est plus prot\u00e9g\u00e9 en \u00e9tant enfant de notable.<\/p>\n<p>\u00ab\u00a0<strong>100% des enfants de d\u00e9put\u00e9s \u00e0 B\u00e9tharram ont \u00e9t\u00e9 tabass\u00e9s ou viol\u00e9s<\/strong> et n&rsquo;ont pas parl\u00e9\u00a0\u00bb, assure-t-elle.\u00a0<\/p>\n","protected":false},"excerpt":{"rendered":"H\u00e9l\u00e8ne Perlant, fille de Fran\u00e7ois Bayrou, \u00e9tait invit\u00e9e ce jeudi 24 avril du\u00a0grand entretien sur France Inter, aux&hellip;\n","protected":false},"author":2,"featured_media":49552,"comment_status":"","ping_status":"","sticky":false,"template":"","format":"standard","meta":{"footnotes":""},"categories":[2],"tags":[11,332,118,1011,27,4075,303,12,316,25],"class_list":{"0":"post-49551","1":"post","2":"type-post","3":"status-publish","4":"format-standard","5":"has-post-thumbnail","7":"category-actualites","8":"tag-actualites","9":"tag-faits-de-societe","10":"tag-faits-divers","11":"tag-fr","12":"tag-france","13":"tag-jeunesse","14":"tag-justice","15":"tag-news","16":"tag-politique","17":"tag-republique-francaise"},"share_on_mastodon":{"url":"https:\/\/pubeurope.com\/@fr\/114393817006753691","error":""},"_links":{"self":[{"href":"https:\/\/www.europesays.com\/fr\/wp-json\/wp\/v2\/posts\/49551","targetHints":{"allow":["GET"]}}],"collection":[{"href":"https:\/\/www.europesays.com\/fr\/wp-json\/wp\/v2\/posts"}],"about":[{"href":"https:\/\/www.europesays.com\/fr\/wp-json\/wp\/v2\/types\/post"}],"author":[{"embeddable":true,"href":"https:\/\/www.europesays.com\/fr\/wp-json\/wp\/v2\/users\/2"}],"replies":[{"embeddable":true,"href":"https:\/\/www.europesays.com\/fr\/wp-json\/wp\/v2\/comments?post=49551"}],"version-history":[{"count":0,"href":"https:\/\/www.europesays.com\/fr\/wp-json\/wp\/v2\/posts\/49551\/revisions"}],"wp:featuredmedia":[{"embeddable":true,"href":"https:\/\/www.europesays.com\/fr\/wp-json\/wp\/v2\/media\/49552"}],"wp:attachment":[{"href":"https:\/\/www.europesays.com\/fr\/wp-json\/wp\/v2\/media?parent=49551"}],"wp:term":[{"taxonomy":"category","embeddable":true,"href":"https:\/\/www.europesays.com\/fr\/wp-json\/wp\/v2\/categories?post=49551"},{"taxonomy":"post_tag","embeddable":true,"href":"https:\/\/www.europesays.com\/fr\/wp-json\/wp\/v2\/tags?post=49551"}],"curies":[{"name":"wp","href":"https:\/\/api.w.org\/{rel}","templated":true}]}}