{"id":495510,"date":"2025-10-28T13:46:12","date_gmt":"2025-10-28T13:46:12","guid":{"rendered":"https:\/\/www.europesays.com\/fr\/495510\/"},"modified":"2025-10-28T13:46:12","modified_gmt":"2025-10-28T13:46:12","slug":"la-chanteuse-belge-iliona-sur-scene-a-marseille-ce-vendredi","status":"publish","type":"post","link":"https:\/\/www.europesays.com\/fr\/495510\/","title":{"rendered":"La chanteuse belge Iliona sur sc\u00e8ne \u00e0 Marseille ce vendredi"},"content":{"rendered":"<p>Voix tra\u00eenante \u00e0 la sixties, pop mutante entre le spleen du piano, le d\u00e9senchantement urbain et le sursaut \u00e9lectronique, la Belge Iliona, rep\u00e9r\u00e9e par deux EPs, en\u00a02021 (Tristesse) et 2022 (T\u00eate br\u00fbl\u00e9e), s\u2019exprime dans un premier opus paru cette ann\u00e9e. What If I Break Up With U\u00a0? est un album de ruptures\u2026 qui marque aussi une rencontre avec le public, puisqu\u2019il s\u2019accompagne d\u2019une tourn\u00e9e. Celle qui a fait ses classes dans la m\u00eame \u00e9cole Decroly qu\u2019<a href=\"https:\/\/www.laprovence.com\/article\/edition-marseille\/6601838\/angele-quand-je-fais-de-la-musique-je-me-sens-libre.html\" target=\"_blank\" rel=\"noopener\">Ang\u00e8le<\/a>, s\u2019est construite toute seule.<\/p>\n<p>Elle a cr\u00e9\u00e9 \u00e0 16\u00a0ans sa cha\u00eene Youtube o\u00f9 elle poste des vid\u00e9os de ses compositions, avant de fonder, \u00e0 25\u00a0ans, son label pour produire son premier opus. Douce et ind\u00e9pendante.<\/p>\n<p><strong>C\u2019est votre premi\u00e8re tourn\u00e9e, comment se passe-t-elle\u00a0?<\/strong>&#13;\n<\/p>\n<p>C\u2019est tr\u00e8s \u00e9mouvant de rencontrer le public en vrai. On est une \u00e9quipe f\u00e9minine, aussi bien sur sc\u00e8ne qu\u2019\u00e0 la technique. C\u2019est une position totalement militante. <a href=\"https:\/\/www.laprovence.com\/article\/culture-loisirs\/3917882130226814\/festivals-les-artistes-feminines-peinent-toujours-a-se-faire-une-place-sur-scene\" target=\"_blank\" rel=\"noopener\">La repr\u00e9sentation des femmes <\/a>dans les m\u00e9tiers de la musique est encore tr\u00e8s faible. M\u00eame si les choses \u00e9voluent, \u00e7a reste catastrophique. C\u2019est une cause qui me tient \u00e0 c\u0153ur parce qu\u2019\u00e9tant moi-m\u00eame une femme qui fait de la musique seule, je me bats pour qu\u2019on me prenne au s\u00e9rieux dans cette industrie. Je sais les enj&#8230;<\/p>\n","protected":false},"excerpt":{"rendered":"Voix tra\u00eenante \u00e0 la sixties, pop mutante entre le spleen du piano, le d\u00e9senchantement urbain et le sursaut&hellip;\n","protected":false},"author":2,"featured_media":495511,"comment_status":"","ping_status":"","sticky":false,"template":"","format":"standard","meta":{"footnotes":""},"categories":[2814],"tags":[17,1111,11,33553,2704,251,1777,674,1011,27,61808,884,12,882,25,7347,3356,6949],"class_list":{"0":"post-495510","1":"post","2":"type-post","3":"status-publish","4":"format-standard","5":"has-post-thumbnail","7":"category-marseille","8":"tag-17","9":"tag-actu","10":"tag-actualites","11":"tag-belge","12":"tag-chanteuse","13":"tag-culture","14":"tag-eu","15":"tag-europe","16":"tag-fr","17":"tag-france","18":"tag-iliona","19":"tag-marseille","20":"tag-news","21":"tag-provence-alpes-cote-dazur","22":"tag-republique-francaise","23":"tag-scene","24":"tag-sur","25":"tag-vendredi"},"share_on_mastodon":{"url":"https:\/\/pubeurope.com\/@fr\/115452102983961494","error":""},"_links":{"self":[{"href":"https:\/\/www.europesays.com\/fr\/wp-json\/wp\/v2\/posts\/495510","targetHints":{"allow":["GET"]}}],"collection":[{"href":"https:\/\/www.europesays.com\/fr\/wp-json\/wp\/v2\/posts"}],"about":[{"href":"https:\/\/www.europesays.com\/fr\/wp-json\/wp\/v2\/types\/post"}],"author":[{"embeddable":true,"href":"https:\/\/www.europesays.com\/fr\/wp-json\/wp\/v2\/users\/2"}],"replies":[{"embeddable":true,"href":"https:\/\/www.europesays.com\/fr\/wp-json\/wp\/v2\/comments?post=495510"}],"version-history":[{"count":0,"href":"https:\/\/www.europesays.com\/fr\/wp-json\/wp\/v2\/posts\/495510\/revisions"}],"wp:featuredmedia":[{"embeddable":true,"href":"https:\/\/www.europesays.com\/fr\/wp-json\/wp\/v2\/media\/495511"}],"wp:attachment":[{"href":"https:\/\/www.europesays.com\/fr\/wp-json\/wp\/v2\/media?parent=495510"}],"wp:term":[{"taxonomy":"category","embeddable":true,"href":"https:\/\/www.europesays.com\/fr\/wp-json\/wp\/v2\/categories?post=495510"},{"taxonomy":"post_tag","embeddable":true,"href":"https:\/\/www.europesays.com\/fr\/wp-json\/wp\/v2\/tags?post=495510"}],"curies":[{"name":"wp","href":"https:\/\/api.w.org\/{rel}","templated":true}]}}