{"id":495514,"date":"2025-10-28T13:48:13","date_gmt":"2025-10-28T13:48:13","guid":{"rendered":"https:\/\/www.europesays.com\/fr\/495514\/"},"modified":"2025-10-28T13:48:13","modified_gmt":"2025-10-28T13:48:13","slug":"les-liens-inquietants-du-suspect-avec-letat-islamique","status":"publish","type":"post","link":"https:\/\/www.europesays.com\/fr\/495514\/","title":{"rendered":"les liens inqui\u00e9tants du suspect avec l&rsquo;Etat islamique"},"content":{"rendered":"<p>            Par<br \/>\n        <strong><br \/>\n            <a href=\"https:\/\/actu.fr\/auteur\/redaction-lyon\" title=\"Consulter tous les articles de R\u00e9daction Lyon\" target=\"_blank\" rel=\"noopener\">R\u00e9daction Lyon<\/a><br \/>\n        <\/strong><\/p>\n<p>        Publi\u00e9 le<\/p>\n<p>            28 oct. 2025 \u00e0 14h16        <\/p>\n<p>L\u2019Alg\u00e9rien suspect\u00e9 d\u2019\u00eatre l\u2019auteur de l\u2019<a href=\"https:\/\/actu.fr\/tag\/meurtre\" target=\"_blank\" rel=\"noopener\">assassinat d\u2019un chr\u00e9tien d\u2019Irak en septembre<\/a> \u00e0 <a href=\"https:\/\/actu.fr\/auvergne-rhone-alpes\/lyon_69123\" target=\"_blank\" rel=\"noopener\">Lyon<\/a> pourrait avoir entretenu des liens, au moins indirects, avec <strong>l\u2019organisation \u00c9tat islamique (EI)<\/strong>, selon des \u00e9l\u00e9ments de l\u2019enqu\u00eate dont l\u2019AFP a eu connaissance.<\/p>\n<p class=\" wall-content\"><a href=\"https:\/\/actu.fr\/auvergne-rhone-alpes\/lyon_69123\/lyon-qui-etait-ashur-l-homme-en-fauteuil-roulant-tue-a-l-arme-blanche-en-pleine-rue_63152202.html\" target=\"_blank\" rel=\"noopener\">Ashur Sarnaya<\/a>, un r\u00e9fugi\u00e9 politique handicap\u00e9, a \u00e9t\u00e9 attaqu\u00e9 au pied de son immeuble dans la soir\u00e9e du 10 septembre alors qu\u2019il <strong>se trouvait dans son fauteuil roulant en train de faire un direct de plus de cinq heures sur TikTok<\/strong>.<\/p>\n<p>Tu\u00e9 en pleine rue sur son fauteuil roulant<\/p>\n<p class=\" wall-content\">Son assaillant l\u2019a frapp\u00e9 d\u2019un violent et profond coup de couteau au cou, avant de s\u2019enfuir \u00e0 pied.<\/p>\n<p class=\" wall-content\">L\u2019Assyro-Chald\u00e9en de 45 ans, qui a succomb\u00e9 \u00e0 ses blessures, \u00e9tait tr\u00e8s pr\u00e9sent sur les r\u00e9seaux sociaux o\u00f9 il postait des vid\u00e9os \u00e9voquant sa foi.<\/p>\n<p class=\" wall-content\">L\u2019exploitation de la t\u00e9l\u00e9phonie de son agresseur pr\u00e9sum\u00e9, un Alg\u00e9rien de 27 ans qui a depuis \u00e9t\u00e9 interpell\u00e9 en Italie, a r\u00e9v\u00e9l\u00e9 que le jour de l\u2019assassinat, il avait regard\u00e9 le direct du chr\u00e9tien irakien pendant une trentaine de minutes, non loin du domicile de la famille Sarnaya, selon des \u00e9l\u00e9ments de l\u2019enqu\u00eate r\u00e9v\u00e9l\u00e9s par <a href=\"https:\/\/www.lefigaro.fr\/faits-divers\/assassinat-de-l-influenceur-chretien-ashur-sarnaya-a-lyon-le-suspect-sabri-b-surveillait-la-victime-via-son-live-tiktok-depuis-plusieurs-jours-20251023\" target=\"_blank\" rel=\"noopener\">Le Figaro<\/a>, que l\u2019AFP a pu se faire confirmer.<\/p>\n<p>Des liens avec l\u2019Etat islamique retrouv\u00e9s<\/p>\n<p class=\" wall-content\">Le <strong>t\u00e9l\u00e9phone de Sabri B. bornait dans la zone des faits entre 21h15 et 22h50<\/strong>, avec des d\u00e9placements r\u00e9guliers. Plusieurs t\u00e9moins ont, dans le m\u00eame temps, fait \u00e9tat de mouvements d\u2019un homme suspect, semblant \u00ab\u00a0roder\u00a0\u00bb avant l\u2019assassinat et qui a quitt\u00e9 les lieux en courant juste apr\u00e8s.<\/p>\n<p class=\" wall-content\">Un habitant du quartier a \u00e9galement racont\u00e9 avoir constat\u00e9 la pr\u00e9sence d\u2019un \u00ab\u00a0homme maghr\u00e9bin\u00a0\u00bb au comportement suspect, dans les semaines pr\u00e9c\u00e9dentes.<\/p>\n<p>Votre r\u00e9gion, votre actu !<\/p>\n<p>Recevez chaque jour les infos qui comptent pour vous.<\/p>\n<p>\t<a href=\"https:\/\/actu.fr\/newsletter\" class=\"ac-btn ac-btn--corner ac-btn--medium ac-btn--blue800\" target=\"_blank\" rel=\"noopener\">S&rsquo;incrire<\/a><\/p>\n<p class=\" wall-content\">D\u2019apr\u00e8s les autres \u00e9l\u00e9ments de t\u00e9l\u00e9phonie d\u00e9couverts, Sabri B. aurait eu des <a href=\"https:\/\/actu.fr\/auvergne-rhone-alpes\/lyon_69123\/meurtre-d-ashur-sarnaya-a-lyon-nouveau-rebondissement-la-piste-terroriste-envisagee_63295876.html\" target=\"_blank\" rel=\"noopener\">contacts, au moins indirects, avec l\u2019organisation \u00c9tat islamique (EI)<\/a>. Des liens ont aussi \u00e9t\u00e9 \u00e9tablis avec la Syrie, et de fa\u00e7on plus habituelle avec l\u2019Alg\u00e9rie, son pays d\u2019origine.<\/p>\n<p class=\" wall-content\">Ce livreur de repas \u00e0 domicile \u00e9tait <strong>inconnu des services de police sp\u00e9cialis\u00e9s<\/strong>. \u00c0 son actif : seulement des verbalisations li\u00e9es \u00e0 son scooter, rep\u00e9r\u00e9 dans la zone des faits le jour et le soir de l\u2019assassinat.<\/p>\n<p>    <img   decoding=\"async\" loading=\"lazy\" src=\"https:\/\/www.europesays.com\/fr\/wp-content\/uploads\/2025\/10\/ashur-meurtre-lyon-gorge-de-loup-960x640.png\" alt=\"Ashur Sarnaya, l'homme tu\u00e9 \u00e0 l'arme blanche mercredi 10 septembre \u00e0 Lyon 9e. \" width=\"960\" height=\"640\"\/><br \/>\n    Ashur Sarnaya, l\u2019homme tu\u00e9 \u00e0 l\u2019arme blanche mercredi 10 septembre \u00e0 Lyon 9e. (\u00a9DR)Le suspect a quitt\u00e9 Lyon en bus pour l\u2019Italie<\/p>\n<p class=\" wall-content\">Le lendemain soir des faits, Sabri B. avait d\u00e9sactiv\u00e9 son t\u00e9l\u00e9phone, puis quitt\u00e9 Lyon en bus.<\/p>\n<p class=\" wall-content\">Il a \u00e9t\u00e9 <a href=\"https:\/\/actu.fr\/auvergne-rhone-alpes\/lyon_69123\/lyon-meurtre-d-ashur-sarnaya-la-police-retrouve-un-suspect-en-italie-ce-que-l-on-sait_63250645.html\" target=\"_blank\" rel=\"noopener\">arr\u00eat\u00e9 le 2 octobre dans le sud de l\u2019Italie<\/a>, chez un compatriote alg\u00e9rien, en possession de plusieurs couteaux. La France esp\u00e8re une remise rapide.<\/p>\n<p>Enqu\u00eate ouverte pour la piste terroriste<\/p>\n<p class=\" wall-content\">L\u2019enqu\u00eate a \u00e9t\u00e9 confi\u00e9e le 9 octobre au p\u00f4le antiterroriste du tribunal de Paris, apr\u00e8s le dessaisissement du parquet de Lyon. L\u2019information judiciaire est d\u00e9sormais ouverte pour \u00ab\u00a0assassinat en relation avec une entreprise terroriste\u00a0\u00bb et \u00ab\u00a0association de malfaiteurs terroriste criminelle\u00a0\u00bb.<\/p>\n<p class=\" wall-content\">La s\u0153ur du d\u00e9funt a expliqu\u00e9 aux enqu\u00eateurs \u00eatre arriv\u00e9e en France en 2014 apr\u00e8s avoir fui l\u2019Irak avec son fr\u00e8re, \u00e0 la suite de menaces dont il \u00ab\u00a0\u00e9tait victime par des islamistes lui imposant la conversion ou la mort\u00a0\u00bb.<\/p>\n<p class=\" wall-content\">Les investigations ont permis de montrer que Ashur Sarnaya, pr\u00e9sent\u00e9 par ses proches ou voisins comme une personne calme et pacifique, faisait l\u2019objet de menaces en ligne (\u00ab\u00a0si on te trouve, on te tue\u00a0\u00bb\u2026), vraisemblablement par des extr\u00e9mistes musulmans. \u00c0 l\u2019\u00e9t\u00e9 2025, un homme lui avait aussi lanc\u00e9 en face \u00e0 face : \u00ab\u00a0Nous t\u2019avons \u00e0 l\u2019\u0153il.\u00a0\u00bb<\/p>\n<p>\u00ab\u00a0Mont\u00e9e des actes antichr\u00e9tiens\u00a0\u00bb<\/p>\n<p class=\" wall-content\">L\u2019EI r\u00e9alisait r\u00e9guli\u00e8rement des ex\u00e9cutions film\u00e9es, pendant le \u00ab\u00a0califat\u00a0\u00bb proclam\u00e9 sur des territoires irako-syriens sous son contr\u00f4le de 2014 \u00e0 2019.<\/p>\n<p class=\" wall-content\">R\u00e9agissant pour la premi\u00e8re fois, <strong>Me\u00a0David Andic, avocat de la famille d\u2019Ashur Sarnaya<\/strong> et du Conseil de coordination des Assyro-chald\u00e9ens de France (CCACF), a d\u00e9clar\u00e9 \u00e0 l\u2019AFP que \u00ab\u00a0ce n\u2019est pas Ashur seul qui a \u00e9t\u00e9 frapp\u00e9, mais ce qu\u2019il repr\u00e9sentait : la chr\u00e9tient\u00e9 d\u2019Orient, meurtrie depuis des si\u00e8cles\u00a0\u00bb.<\/p>\n<p class=\" wall-content\">\u00ab\u00a0Les massacres que l\u2019on croyait confin\u00e9s aux minorit\u00e9s d\u2019un Moyen-Orient martyris\u00e9 \u2014 du g\u00e9nocide (arm\u00e9nien, NDLR) perp\u00e9tr\u00e9 par les Jeunes-Turcs aux exactions de l\u2019\u00c9tat islamique \u2014 ressurgissent aujourd\u2019hui, dans un effroi silencieux, sur le sol fran\u00e7ais\u00a0\u00bb, a-t-il affirm\u00e9.<\/p>\n<p class=\" wall-content\">\u00ab\u00a0On ne peut plus continuer \u00e0 fermer les yeux sur la mont\u00e9e des actes antichr\u00e9tiens\u00a0\u00bb, a comment\u00e9 Georges Yaramis, pr\u00e9sident du CCACF.<\/p>\n<p class=\" wall-content\"><strong>AFP<\/strong><\/p>\n<p class=\" wall-content\">Personnalisez votre actualit\u00e9 en ajoutant vos villes et m\u00e9dias en favori avec <a href=\"https:\/\/moncompte.actu.fr\" title=\"D\u00e9couvez Mon Actu\" rel=\"nofollow noopener\" data-trk=\"{&quot;cta&quot;:{&quot;action&quot;:&quot;https:\\\/\\\/moncompte.actu.fr&quot;,&quot;category&quot;:&quot;mon compte&quot;,&quot;from&quot;:&quot;article footer&quot;,&quot;name&quot;:&quot;Mon actu&quot;,&quot;type&quot;:&quot;cta&quot;}}\" target=\"_blank\">Mon Actu<\/a>.<\/p>\n","protected":false},"excerpt":{"rendered":"Par R\u00e9daction Lyon Publi\u00e9 le 28 oct. 2025 \u00e0 14h16 L\u2019Alg\u00e9rien suspect\u00e9 d\u2019\u00eatre l\u2019auteur de l\u2019assassinat d\u2019un chr\u00e9tien&hellip;\n","protected":false},"author":2,"featured_media":495515,"comment_status":"","ping_status":"","sticky":false,"template":"","format":"standard","meta":{"footnotes":""},"categories":[1889],"tags":[1111,11,2430,1777,674,1011,27,1253,303,2428,12,25,104,1254],"class_list":{"0":"post-495514","1":"post","2":"type-post","3":"status-publish","4":"format-standard","5":"has-post-thumbnail","7":"category-lyon","8":"tag-actu","9":"tag-actualites","10":"tag-auvergne-rhone-alpes","11":"tag-eu","12":"tag-europe","13":"tag-fr","14":"tag-france","15":"tag-islamisme","16":"tag-justice","17":"tag-lyon","18":"tag-news","19":"tag-republique-francaise","20":"tag-societe","21":"tag-terrorisme"},"share_on_mastodon":{"url":"https:\/\/pubeurope.com\/@fr\/115452111357928408","error":""},"_links":{"self":[{"href":"https:\/\/www.europesays.com\/fr\/wp-json\/wp\/v2\/posts\/495514","targetHints":{"allow":["GET"]}}],"collection":[{"href":"https:\/\/www.europesays.com\/fr\/wp-json\/wp\/v2\/posts"}],"about":[{"href":"https:\/\/www.europesays.com\/fr\/wp-json\/wp\/v2\/types\/post"}],"author":[{"embeddable":true,"href":"https:\/\/www.europesays.com\/fr\/wp-json\/wp\/v2\/users\/2"}],"replies":[{"embeddable":true,"href":"https:\/\/www.europesays.com\/fr\/wp-json\/wp\/v2\/comments?post=495514"}],"version-history":[{"count":0,"href":"https:\/\/www.europesays.com\/fr\/wp-json\/wp\/v2\/posts\/495514\/revisions"}],"wp:featuredmedia":[{"embeddable":true,"href":"https:\/\/www.europesays.com\/fr\/wp-json\/wp\/v2\/media\/495515"}],"wp:attachment":[{"href":"https:\/\/www.europesays.com\/fr\/wp-json\/wp\/v2\/media?parent=495514"}],"wp:term":[{"taxonomy":"category","embeddable":true,"href":"https:\/\/www.europesays.com\/fr\/wp-json\/wp\/v2\/categories?post=495514"},{"taxonomy":"post_tag","embeddable":true,"href":"https:\/\/www.europesays.com\/fr\/wp-json\/wp\/v2\/tags?post=495514"}],"curies":[{"name":"wp","href":"https:\/\/api.w.org\/{rel}","templated":true}]}}