{"id":495526,"date":"2025-10-28T13:55:30","date_gmt":"2025-10-28T13:55:30","guid":{"rendered":"https:\/\/www.europesays.com\/fr\/495526\/"},"modified":"2025-10-28T13:55:30","modified_gmt":"2025-10-28T13:55:30","slug":"pharrell-williams-soffre-un-nouveau-bijou-immobilier-a-paris-avec-vue-directe-sur-les-invalides","status":"publish","type":"post","link":"https:\/\/www.europesays.com\/fr\/495526\/","title":{"rendered":"Pharrell Williams s&rsquo;offre un nouveau bijou immobilier \u00e0 Paris avec vue directe sur les Invalides"},"content":{"rendered":"<p>            Par<br \/>\n        <strong><br \/>\n            <a href=\"https:\/\/actu.fr\/auteur\/redaction-paris\" title=\"Consulter tous les articles de R\u00e9daction Paris\" target=\"_blank\" rel=\"noopener\">R\u00e9daction Paris<\/a><br \/>\n        <\/strong><\/p>\n<p>        Publi\u00e9 le<\/p>\n<p>            28 oct. 2025 \u00e0 14h28        <\/p>\n<p>Il a d\u00e9sormais son adresse \u00e0 Paris. La star venue des \u00c9tats-Unis, Pharrell Williams, vient d\u2019acqu\u00e9rir <a href=\"https:\/\/actu.fr\/ile-de-france\/paris_75056\/a-paris-cet-hotel-particulier-prestigieux-pres-des-champs-elysees-va-etre-a-louer-pour-la-premiere-fois_63306976.html\" target=\"_blank\" rel=\"noopener\">un somptueux h\u00f4tel particulier<\/a> en plein c\u0153ur de la capitale fran\u00e7aise. Musicien, producteur et, depuis 2023, directeur artistique des collections homme de Louis Vuitton, il cherchait depuis plusieurs ann\u00e9es <strong>un pied-\u00e0-terre parisien<\/strong>. Voil\u00e0 qui est fait. La demeure de 1\u2009900 m\u00b2, dot\u00e9 d\u2019un jardin de 500 m\u00b2 et d\u2019une piscine en sous-sol notamment, se trouve dans le 7e arrondissement, devant l\u2019esplanade des Invalides.<\/p>\n<p>Plusieurs mois de n\u00e9gociations<\/p>\n<p class=\" wall-content\">D\u2019apr\u00e8s le site sp\u00e9cialis\u00e9 <a href=\"https:\/\/www.cfnewsimmo.net\/L-actualite\/Transactions\/Pharrell-Williams-a-boucle-l-acquisition-du-23-Constantine-491119\" target=\"_blank\" rel=\"noopener\">CFNews Immo<\/a>, Pharrell Williams aurait acquis son nouveau bien immobilier pour la somme de <strong>63\u00a0millions d\u2019euros<\/strong>. Plusieurs mois de n\u00e9gociations lui ont permis d\u2019abaisser le prix de vente, initialement fix\u00e9 entre 65 et 70\u00a0millions d\u2019euros.<\/p>\n<p class=\" wall-content\">L\u2019h\u00f4tel particulier situ\u00e9 rue Constantine avait \u00e9t\u00e9 restructur\u00e9 il y a quelques ann\u00e9es et habit\u00e9 par plusieurs locataires. Tous mis \u00e0 la porte depuis la signature de la promesse de vente \u00e0 l\u2019automne 2024, selon <a href=\"https:\/\/www.cfnewsimmo.net\/L-actualite\/Transactions\/Trois-hotels-particuliers-du-7e-arrondissement-parisien-s-echangent-pour-plus-de-200-M-481516\" target=\"_blank\" rel=\"noopener\">nos confr\u00e8res<\/a>.<\/p>\n<p class=\" wall-content\">L\u2019artiste am\u00e9ricain n\u2019en est pas \u00e0 <a href=\"https:\/\/actu.fr\/ile-de-france\/paris_75056\/pharrell-williams-investit-a-paris-la-star-americaine-rachete-un-hotel-a-deux-pas-du-louvre_61750317.html\" target=\"_blank\" rel=\"noopener\">son premier achat d\u2019h\u00f4tel particulier \u00e0 Paris<\/a>. Pour rappel, l\u2019ann\u00e9e derni\u00e8re, il avait acquis un bien dans le 1er arrondissement, \u00e0 deux pas du Louvre. En s\u2019associant avec le groupe Mohari Hospitality, il s\u2019\u00e9tait empar\u00e9 du Saint-James &amp; Albany, un \u00e9tablissement <strong>avec vue sur le jardin des Tuileries<\/strong>, visant \u00e0 devenir \u00ab\u2009l\u2019avant-garde de l\u2019h\u00f4tellerie de luxe moderne\u2009\u00bb.\u00a0La date d\u2019ouverture n\u2019est toujours pas communiqu\u00e9e.<\/p>\n<p class=\" wall-content\">Personnalisez votre actualit\u00e9 en ajoutant vos villes et m\u00e9dias en favori avec <a href=\"https:\/\/moncompte.actu.fr\" title=\"D\u00e9couvez Mon Actu\" rel=\"nofollow noopener\" data-trk=\"{&quot;cta&quot;:{&quot;action&quot;:&quot;https:\\\/\\\/moncompte.actu.fr&quot;,&quot;category&quot;:&quot;mon compte&quot;,&quot;from&quot;:&quot;article footer&quot;,&quot;name&quot;:&quot;Mon actu&quot;,&quot;type&quot;:&quot;cta&quot;}}\" target=\"_blank\">Mon Actu<\/a>.<\/p>\n","protected":false},"excerpt":{"rendered":"Par R\u00e9daction Paris Publi\u00e9 le 28 oct. 2025 \u00e0 14h28 Il a d\u00e9sormais son adresse \u00e0 Paris. La&hellip;\n","protected":false},"author":2,"featured_media":495527,"comment_status":"","ping_status":"","sticky":false,"template":"","format":"standard","meta":{"footnotes":""},"categories":[1888],"tags":[11,33,1777,674,1011,27,1116,12,626,973,25],"class_list":{"0":"post-495526","1":"post","2":"type-post","3":"status-publish","4":"format-standard","5":"has-post-thumbnail","7":"category-paris","8":"tag-actualites","9":"tag-economie","10":"tag-eu","11":"tag-europe","12":"tag-fr","13":"tag-france","14":"tag-immobilier","15":"tag-news","16":"tag-paris","17":"tag-people","18":"tag-republique-francaise"},"share_on_mastodon":{"url":"https:\/\/pubeurope.com\/@fr\/115452138299069932","error":""},"_links":{"self":[{"href":"https:\/\/www.europesays.com\/fr\/wp-json\/wp\/v2\/posts\/495526","targetHints":{"allow":["GET"]}}],"collection":[{"href":"https:\/\/www.europesays.com\/fr\/wp-json\/wp\/v2\/posts"}],"about":[{"href":"https:\/\/www.europesays.com\/fr\/wp-json\/wp\/v2\/types\/post"}],"author":[{"embeddable":true,"href":"https:\/\/www.europesays.com\/fr\/wp-json\/wp\/v2\/users\/2"}],"replies":[{"embeddable":true,"href":"https:\/\/www.europesays.com\/fr\/wp-json\/wp\/v2\/comments?post=495526"}],"version-history":[{"count":0,"href":"https:\/\/www.europesays.com\/fr\/wp-json\/wp\/v2\/posts\/495526\/revisions"}],"wp:featuredmedia":[{"embeddable":true,"href":"https:\/\/www.europesays.com\/fr\/wp-json\/wp\/v2\/media\/495527"}],"wp:attachment":[{"href":"https:\/\/www.europesays.com\/fr\/wp-json\/wp\/v2\/media?parent=495526"}],"wp:term":[{"taxonomy":"category","embeddable":true,"href":"https:\/\/www.europesays.com\/fr\/wp-json\/wp\/v2\/categories?post=495526"},{"taxonomy":"post_tag","embeddable":true,"href":"https:\/\/www.europesays.com\/fr\/wp-json\/wp\/v2\/tags?post=495526"}],"curies":[{"name":"wp","href":"https:\/\/api.w.org\/{rel}","templated":true}]}}