{"id":495530,"date":"2025-10-28T13:57:11","date_gmt":"2025-10-28T13:57:11","guid":{"rendered":"https:\/\/www.europesays.com\/fr\/495530\/"},"modified":"2025-10-28T13:57:11","modified_gmt":"2025-10-28T13:57:11","slug":"lukraine-un-nouveau-marche-pour-le-rafale","status":"publish","type":"post","link":"https:\/\/www.europesays.com\/fr\/495530\/","title":{"rendered":"l\u2019Ukraine, un nouveau march\u00e9 pour le Rafale ?"},"content":{"rendered":"<p class=\"mb-4 text-lg md:leading-8 break-words\">Alors que Kiev cherche \u00e0 moderniser son aviation, <a href=\"https:\/\/www.parismatch.com\/actu\/international\/defense-lirlande-se-tournera-t-elle-vers-le-rafale-francais-254781\" rel=\"nofollow noopener\" target=\"_blank\" data-ylk=\"slk:le Rafale;elm:context_link;itc:0;sec:content-canvas\" class=\"link \">le Rafale<\/a> pourrait bient\u00f4t rejoindre le ciel ukrainien. Le pr\u00e9sident Volodymyr Zelensky a confirm\u00e9 lundi que son pays n\u00e9gociait simultan\u00e9ment avec la France, la Su\u00e8de et les \u00c9tats-Unis pour constituer une flotte de 250 avions de combat modernes, rapporte le <a href=\"https:\/\/www.kyivpost.com\/analysis\/63097\" rel=\"nofollow noopener\" target=\"_blank\" data-ylk=\"slk:Kyiv Post;elm:context_link;itc:0;sec:content-canvas\" class=\"link \">Kyiv Post<\/a>. Trois mod\u00e8les sont envisag\u00e9s\u00a0: le F-16 am\u00e9ricain, le Gripen su\u00e9dois et le Rafale fran\u00e7ais.<\/p>\n<p class=\"mb-4 text-lg md:leading-8 break-words\">Pour l\u2019instant, la priorit\u00e9 semble aller au Gripen, moins on\u00e9reux \u00e0 l\u2019achat et pour la maintenance. Il est \u00e9galement capable d\u2019op\u00e9rer depuis des pistes rudimentaires. Un accord de principe portant sur 150 appareils Saab JAS-39 E a d\u2019ailleurs \u00e9t\u00e9 sign\u00e9 avec Stockholm cette semaine.<\/p>\n<p>N\u00e9gociations actives avec la France<\/p>\n<p class=\"mb-4 text-lg md:leading-8 break-words\">Saab, le constructeur su\u00e9dois envisagerait m\u00eame d\u2019ouvrir une usine en Ukraine selon le Financial Times. Mais le Rafale, fleuron de Dassault Aviation, reste en lice pour \u00e9quiper \u00e0 terme une partie de la flotte ukrainienne alors que des Mirage 2000 sont d\u00e9j\u00e0 en service.<\/p>\n<p class=\"mb-4 text-lg md:leading-8 break-words\">Paris n\u2019a pas confirm\u00e9 de n\u00e9gociations officielles, mais \u00ab\u00a0le pr\u00e9sident Volodymyr Zelensky a d\u00e9clar\u00e9 que l\u2019Ukraine n\u00e9gociait activement avec la France sur une \u00e9ventuelle acquisition d\u2019avions de combat Dassault Rafale\u00a0\u00bb, selon un rapport du site d\u2019information\u00a0<a href=\"https:\/\/defence-blog.com\/ukraine-confirms-negotiations-for-french-rafale-jets\/\" rel=\"nofollow noopener\" target=\"_blank\" data-ylk=\"slk:Defense Blog;elm:context_link;itc:0;sec:content-canvas\" class=\"link \">Defense Blog<\/a>.<\/p>\n<p class=\"mb-4 text-lg md:leading-8 break-words\"><a href=\"https:\/\/www.parismatch.com\/actu\/economie\/defense-lukraine-un-nouveau-marche-pour-le-rafale-259275?at_medium=affiliate&amp;at_campaign=Yahoo\" rel=\"nofollow noopener\" target=\"_blank\" data-ylk=\"slk:Retrouvez cet article sur ParisMatch;elm:context_link;itc:0;sec:content-canvas\" class=\"link \">Retrouvez cet article sur ParisMatch<\/a><\/p>\n","protected":false},"excerpt":{"rendered":"Alors que Kiev cherche \u00e0 moderniser son aviation, le Rafale pourrait bient\u00f4t rejoindre le ciel ukrainien. Le pr\u00e9sident&hellip;\n","protected":false},"author":2,"featured_media":495531,"comment_status":"","ping_status":"","sticky":false,"template":"","format":"standard","meta":{"footnotes":""},"categories":[1590],"tags":[11,20286,1777,674,9791,12,220],"class_list":{"0":"post-495530","1":"post","2":"type-post","3":"status-publish","4":"format-standard","5":"has-post-thumbnail","7":"category-ukraine","8":"tag-actualites","9":"tag-dassault-aviation","10":"tag-eu","11":"tag-europe","12":"tag-la-france","13":"tag-news","14":"tag-ukraine"},"share_on_mastodon":{"url":"https:\/\/pubeurope.com\/@fr\/115452146254192834","error":""},"_links":{"self":[{"href":"https:\/\/www.europesays.com\/fr\/wp-json\/wp\/v2\/posts\/495530","targetHints":{"allow":["GET"]}}],"collection":[{"href":"https:\/\/www.europesays.com\/fr\/wp-json\/wp\/v2\/posts"}],"about":[{"href":"https:\/\/www.europesays.com\/fr\/wp-json\/wp\/v2\/types\/post"}],"author":[{"embeddable":true,"href":"https:\/\/www.europesays.com\/fr\/wp-json\/wp\/v2\/users\/2"}],"replies":[{"embeddable":true,"href":"https:\/\/www.europesays.com\/fr\/wp-json\/wp\/v2\/comments?post=495530"}],"version-history":[{"count":0,"href":"https:\/\/www.europesays.com\/fr\/wp-json\/wp\/v2\/posts\/495530\/revisions"}],"wp:featuredmedia":[{"embeddable":true,"href":"https:\/\/www.europesays.com\/fr\/wp-json\/wp\/v2\/media\/495531"}],"wp:attachment":[{"href":"https:\/\/www.europesays.com\/fr\/wp-json\/wp\/v2\/media?parent=495530"}],"wp:term":[{"taxonomy":"category","embeddable":true,"href":"https:\/\/www.europesays.com\/fr\/wp-json\/wp\/v2\/categories?post=495530"},{"taxonomy":"post_tag","embeddable":true,"href":"https:\/\/www.europesays.com\/fr\/wp-json\/wp\/v2\/tags?post=495530"}],"curies":[{"name":"wp","href":"https:\/\/api.w.org\/{rel}","templated":true}]}}