{"id":495534,"date":"2025-10-28T13:59:16","date_gmt":"2025-10-28T13:59:16","guid":{"rendered":"https:\/\/www.europesays.com\/fr\/495534\/"},"modified":"2025-10-28T13:59:16","modified_gmt":"2025-10-28T13:59:16","slug":"une-femme-attaquee-mortellement-par-un-troupeau-de-vaches-alors-quelle-promenait-son-chien","status":"publish","type":"post","link":"https:\/\/www.europesays.com\/fr\/495534\/","title":{"rendered":"Une femme attaqu\u00e9e mortellement par un troupeau de vaches alors qu\u2019elle promenait son chien"},"content":{"rendered":"<p>Une enqu\u00eate a \u00e9t\u00e9 ouverte apr\u00e8s la <a href=\"https:\/\/www.20minutes.fr\/dossier\/mort\" class=\"c-link c-link--is-underlined\" rel=\"nofollow noopener\" target=\"_blank\">mort <\/a>d\u2019une femme de 59 ans, retrouv\u00e9e gri\u00e8vement bless\u00e9e dans un champ d\u2019Exmoor, dans le sud-ouest de <a href=\"https:\/\/www.20minutes.fr\/dossier\/angleterre\" class=\"c-link c-link--is-underlined\" rel=\"nofollow noopener\" target=\"_blank\">l\u2019Angleterre<\/a>. Cette habitante de Woodcombe promenait son <a href=\"https:\/\/www.20minutes.fr\/dossier\/chien\" class=\"c-link c-link--is-underlined\" rel=\"nofollow noopener\" target=\"_blank\">chien <\/a>lorsqu\u2019elle a \u00e9t\u00e9 pi\u00e9tin\u00e9e \u00e0 mort par un troupeau de <a href=\"https:\/\/www.20minutes.fr\/dossier\/vaches\" class=\"c-link c-link--is-underlined\" rel=\"nofollow noopener\" target=\"_blank\">vaches<\/a>, rapporte la <a href=\"https:\/\/www.bbc.com\/news\/articles\/ckgkqj1wv0do\" rel=\"nofollow noopener\" target=\"_blank\" class=\"c-link c-link--is-underlined\">BBC<\/a>.<\/p>\n<\/p>\n<p>L\u2019ancienne infirmi\u00e8re a \u00e9t\u00e9 retrouv\u00e9e inconsciente, souffrant de traumatismes violents ayant provoqu\u00e9 un choc h\u00e9morragique. Malgr\u00e9 une \u00e9vacuation en h\u00e9licopt\u00e8re vers l\u2019h\u00f4pital Derriford de Plymouth, elle a succomb\u00e9 \u00e0 ses blessures.<\/p>\n<p>Les chiens peuvent effrayer les troupeaux<\/p>\n<p>Ce drame rappelle des incidents similaires impliquant des promeneurs et des chiens. En septembre en <a href=\"https:\/\/www.20minutes.fr\/dossier\/autriche\" class=\"c-link c-link--is-underlined\" rel=\"nofollow noopener\" target=\"_blank\">Autriche<\/a>, un randonneur de 85 ans avait lui aussi \u00e9t\u00e9 mortellement attaqu\u00e9 par neuf vaches alors qu\u2019il se promenait avec son \u00e9pouse et leur chien, probablement \u00e0 l\u2019origine de la panique du troupeau. Selon les autorit\u00e9s locales, les chiens peuvent effrayer les bovins, les poussant parfois \u00e0 charger, rappelle <a href=\"https:\/\/www.mirror.co.uk\/news\/uk-news\/horror-retired-nurse-trampled-death-36127460\" rel=\"nofollow noopener\" target=\"_blank\" class=\"c-link c-link--is-underlined\">The Mirror.<\/a><\/p>\n<p>Les autorit\u00e9s britanniques rappellent donc la prudence aux promeneurs\u00a0: il est recommand\u00e9 de garder les chiens sous contr\u00f4le et de s\u2019\u00e9loigner calmement en cas d\u2019approche d\u2019un troupeau de vaches, afin d\u2019\u00e9viter tout accident.<\/p>\n","protected":false},"excerpt":{"rendered":"Une enqu\u00eate a \u00e9t\u00e9 ouverte apr\u00e8s la mort d\u2019une femme de 59 ans, retrouv\u00e9e gri\u00e8vement bless\u00e9e dans un&hellip;\n","protected":false},"author":2,"featured_media":495535,"comment_status":"","ping_status":"","sticky":false,"template":"","format":"standard","meta":{"footnotes":""},"categories":[1588],"tags":[119,47,11,1867,1777,674,118,12,473,1853,1851,1850,1852,4322],"class_list":{"0":"post-495534","1":"post","2":"type-post","3":"status-publish","4":"format-standard","5":"has-post-thumbnail","7":"category-royaume-uni","8":"tag-accident","9":"tag-actualite","10":"tag-actualites","11":"tag-animaux","12":"tag-eu","13":"tag-europe","14":"tag-faits-divers","15":"tag-news","16":"tag-royaume-uni","17":"tag-royaume-uni-de-grande-bretagne-et-dirlande-du-nord","18":"tag-uk","19":"tag-united-kingdom","20":"tag-united-kingdom-of-great-britain-and-northern-ireland","21":"tag-vache"},"share_on_mastodon":{"url":"https:\/\/pubeurope.com\/@fr\/115452154029774564","error":""},"_links":{"self":[{"href":"https:\/\/www.europesays.com\/fr\/wp-json\/wp\/v2\/posts\/495534","targetHints":{"allow":["GET"]}}],"collection":[{"href":"https:\/\/www.europesays.com\/fr\/wp-json\/wp\/v2\/posts"}],"about":[{"href":"https:\/\/www.europesays.com\/fr\/wp-json\/wp\/v2\/types\/post"}],"author":[{"embeddable":true,"href":"https:\/\/www.europesays.com\/fr\/wp-json\/wp\/v2\/users\/2"}],"replies":[{"embeddable":true,"href":"https:\/\/www.europesays.com\/fr\/wp-json\/wp\/v2\/comments?post=495534"}],"version-history":[{"count":0,"href":"https:\/\/www.europesays.com\/fr\/wp-json\/wp\/v2\/posts\/495534\/revisions"}],"wp:featuredmedia":[{"embeddable":true,"href":"https:\/\/www.europesays.com\/fr\/wp-json\/wp\/v2\/media\/495535"}],"wp:attachment":[{"href":"https:\/\/www.europesays.com\/fr\/wp-json\/wp\/v2\/media?parent=495534"}],"wp:term":[{"taxonomy":"category","embeddable":true,"href":"https:\/\/www.europesays.com\/fr\/wp-json\/wp\/v2\/categories?post=495534"},{"taxonomy":"post_tag","embeddable":true,"href":"https:\/\/www.europesays.com\/fr\/wp-json\/wp\/v2\/tags?post=495534"}],"curies":[{"name":"wp","href":"https:\/\/api.w.org\/{rel}","templated":true}]}}