{"id":495538,"date":"2025-10-28T14:02:14","date_gmt":"2025-10-28T14:02:14","guid":{"rendered":"https:\/\/www.europesays.com\/fr\/495538\/"},"modified":"2025-10-28T14:02:14","modified_gmt":"2025-10-28T14:02:14","slug":"interview-pourquoi-leurope-a-besoin-des-meilleures-donnees-oceaniques","status":"publish","type":"post","link":"https:\/\/www.europesays.com\/fr\/495538\/","title":{"rendered":"Interview\u00a0: Pourquoi l&rsquo;Europe a besoin des meilleures donn\u00e9es oc\u00e9aniques"},"content":{"rendered":"<p>\n         Publi\u00e9 le<br \/>\n            28\/10\/2025 &#8211; 14:59 UTC+1\n            <\/p>\n<p>Si l&rsquo;oc\u00e9an \u00e9tait un pays, il se classerait au cinqui\u00e8me rang des \u00e9conomies mondiales, affirme le Dr. Jann Martinsohn, qui dirige l&rsquo;unit\u00e9 \u00ab Oc\u00e9an et eau \u00bb au Centre commun de recherche de la Commission europ\u00e9enne \u00e0 Ispra, en Italie.<\/p>\n<p>\u00ab En tant qu&rsquo;\u00eatres humains, nous d\u00e9pendons d&rsquo;une \u00e9conomie durable et comp\u00e9titive, en particulier ici en Europe \u00bb, d\u00e9clare Jann Martinsohn. \u00ab L&rsquo;oc\u00e9an, les r\u00e9gions c\u00f4ti\u00e8res et le domaine marin offrent d&rsquo;\u00e9normes possibilit\u00e9s. Mais nous sommes \u00e9galement tr\u00e8s conscients qu&rsquo;il s&rsquo;agit d&rsquo;un domaine et d&rsquo;un \u00e9cosyst\u00e8me tr\u00e8s fragiles, tr\u00e8s pr\u00e9cieux et largement m\u00e9connus. \u00bb<\/p>\n<p>Les chiffres racontent une histoire convaincante. Selon un r\u00e9cent rapport de l&rsquo;OCDE, l&rsquo;\u00e9conomie oc\u00e9anique mondiale repr\u00e9sente environ 3 % de la valeur ajout\u00e9e brute mondiale, un chiffre qui vaut \u00e9galement pour l&rsquo;Union europ\u00e9enne. Rien qu&rsquo;en Europe, l&rsquo;\u00e9conomie bleue emploie quatre \u00e0 cinq millions de personnes dans des secteurs allant d&rsquo;industries \u00e9tablies comme la p\u00eache et le transport maritime \u00e0 des domaines \u00e9mergents comme la biotechnologie et la robotique.<\/p>\n<p>\u00ab Nous constatons une croissance g\u00e9n\u00e9rale de l&rsquo;\u00e9conomie bleue \u00bb, indique Jann Martinsohn. \u00ab Dans la situation \u00e9conomique actuelle, c&rsquo;est tr\u00e8s important. Cela montre que nous avons la possibilit\u00e9 d&rsquo;aider l&rsquo;Europe \u00e0 devenir plus comp\u00e9titive et \u00e0 se d\u00e9velopper. \u00bb<\/p>\n<p>Or, cette croissance d\u00e9pend d&rsquo;informations fiables. Les d\u00e9cideurs politiques ont besoin de donn\u00e9es pour mettre en \u0153uvre des r\u00e9glementations efficaces. Les investisseurs s&rsquo;appuient sur ces pr\u00e9visions pour engager des milliards de capitaux. C&rsquo;est l\u00e0 qu&rsquo;intervient l&rsquo;\u00e9quipe de Jann Martinsohn du CCR. L&rsquo;unit\u00e9 \u00ab Oc\u00e9an et eau \u00bb analyse les informations provenant des secteurs industriels, d&rsquo;Eurostat, des agences de l&rsquo;UE et d&rsquo;autres sources, et publie ses conclusions dans le rapport annuel sur l&rsquo;\u00e9conomie bleue de l&rsquo;UE. Ce document alimente le processus d\u00e9cisionnel de Bruxelles, de la politique commune de la p\u00eache au plan d&rsquo;action \u00ab Z\u00e9ro pollution \u00bb.<\/p>\n<p>Tout au long de l&rsquo;ann\u00e9e, ces donn\u00e9es de recherche restent accessibles au public gr\u00e2ce \u00e0 l&rsquo;Observatoire de l&rsquo;\u00e9conomie bleue de l&rsquo;UE, une plateforme en ligne gratuite proposant des tableaux de bord, des graphiques et des cartes interactifs. \u00ab Les parties prenantes, qu&rsquo;il s&rsquo;agisse de d\u00e9cideurs politiques ou d&rsquo;entrepreneurs, peuvent voir ce qu\u2019il se passe dans les secteurs de l&rsquo;\u00e9conomie bleue \u00bb, explique Jann Martinsohn.<\/p>\n<p>L&rsquo;oc\u00e9an offre un \u00e9norme potentiel \u00e9conomique, qu&rsquo;il s&rsquo;agisse de l&rsquo;\u00e9nergie \u00e9olienne en mer ou des technologies de dessalement \u00e0 l&rsquo;\u00e9nergie solaire qui pourraient fournir de l&rsquo;eau douce \u00e0 l&rsquo;agriculture. Mais la croissance durable exige de comprendre la fragilit\u00e9 des \u00e9cosyst\u00e8mes marins. De meilleures donn\u00e9es entra\u00eenent de meilleures d\u00e9cisions, \u00e0 la fois pour l&rsquo;\u00e9conomie de l&rsquo;Europe et pour l&rsquo;oc\u00e9an lui-m\u00eame.<\/p>\n","protected":false},"excerpt":{"rendered":"Publi\u00e9 le 28\/10\/2025 &#8211; 14:59 UTC+1 Si l&rsquo;oc\u00e9an \u00e9tait un pays, il se classerait au cinqui\u00e8me rang des&hellip;\n","protected":false},"author":2,"featured_media":495539,"comment_status":"","ping_status":"","sticky":false,"template":"","format":"standard","meta":{"footnotes":""},"categories":[1586],"tags":[11,23527,1777,674,1011,27,12,12517,17749,5735,25],"class_list":{"0":"post-495538","1":"post","2":"type-post","3":"status-publish","4":"format-standard","5":"has-post-thumbnail","7":"category-europe","8":"tag-actualites","9":"tag-developpement-durable","10":"tag-eu","11":"tag-europe","12":"tag-fr","13":"tag-france","14":"tag-news","15":"tag-ocean","16":"tag-politique-europeenne","17":"tag-protection-de-lenvironnement","18":"tag-republique-francaise"},"share_on_mastodon":{"url":"https:\/\/pubeurope.com\/@fr\/115452165662308634","error":""},"_links":{"self":[{"href":"https:\/\/www.europesays.com\/fr\/wp-json\/wp\/v2\/posts\/495538","targetHints":{"allow":["GET"]}}],"collection":[{"href":"https:\/\/www.europesays.com\/fr\/wp-json\/wp\/v2\/posts"}],"about":[{"href":"https:\/\/www.europesays.com\/fr\/wp-json\/wp\/v2\/types\/post"}],"author":[{"embeddable":true,"href":"https:\/\/www.europesays.com\/fr\/wp-json\/wp\/v2\/users\/2"}],"replies":[{"embeddable":true,"href":"https:\/\/www.europesays.com\/fr\/wp-json\/wp\/v2\/comments?post=495538"}],"version-history":[{"count":0,"href":"https:\/\/www.europesays.com\/fr\/wp-json\/wp\/v2\/posts\/495538\/revisions"}],"wp:featuredmedia":[{"embeddable":true,"href":"https:\/\/www.europesays.com\/fr\/wp-json\/wp\/v2\/media\/495539"}],"wp:attachment":[{"href":"https:\/\/www.europesays.com\/fr\/wp-json\/wp\/v2\/media?parent=495538"}],"wp:term":[{"taxonomy":"category","embeddable":true,"href":"https:\/\/www.europesays.com\/fr\/wp-json\/wp\/v2\/categories?post=495538"},{"taxonomy":"post_tag","embeddable":true,"href":"https:\/\/www.europesays.com\/fr\/wp-json\/wp\/v2\/tags?post=495538"}],"curies":[{"name":"wp","href":"https:\/\/api.w.org\/{rel}","templated":true}]}}