{"id":495547,"date":"2025-10-28T14:07:15","date_gmt":"2025-10-28T14:07:15","guid":{"rendered":"https:\/\/www.europesays.com\/fr\/495547\/"},"modified":"2025-10-28T14:07:15","modified_gmt":"2025-10-28T14:07:15","slug":"fedex-open-de-france-la-date-et-le-calendrier-a-connaitre","status":"publish","type":"post","link":"https:\/\/www.europesays.com\/fr\/495547\/","title":{"rendered":"FedEx Open de France\u00a0: La date et le calendrier \u00e0 conna\u00eetre"},"content":{"rendered":"<p>Comme chaque ann\u00e9e, le <strong>DP World Tour<\/strong> d\u00e9voile \u00e0 l\u2019or\u00e9e de l\u2019automne le calendrier officiel de sa prochaine saison. Pour 2026, le circuit de premi\u00e8re division europ\u00e9enne a ainsi r\u00e9v\u00e9l\u00e9 ses promesses, \u00e0 savoir : au moins autant de tournois que cette ann\u00e9e et une plus grande dotation g\u00e9n\u00e9rale. Ainsi, le Tour comptera un agenda de quarante-deux tournois au minimum, organis\u00e9s dans 25 pays diff\u00e9rents, avec une dotation globale record de 157,5 millions de dollars &#8211; sans compter les quatre Majeurs &#8211; contre 153 millions en 2025.<\/p>\n","protected":false},"excerpt":{"rendered":"Comme chaque ann\u00e9e, le DP World Tour d\u00e9voile \u00e0 l\u2019or\u00e9e de l\u2019automne le calendrier officiel de sa prochaine&hellip;\n","protected":false},"author":2,"featured_media":495548,"comment_status":"","ping_status":"","sticky":false,"template":"","format":"standard","meta":{"footnotes":""},"categories":[1418],"tags":[1011,27,1472,60],"class_list":{"0":"post-495547","1":"post","2":"type-post","3":"status-publish","4":"format-standard","5":"has-post-thumbnail","7":"category-golf","8":"tag-fr","9":"tag-france","10":"tag-golf","11":"tag-sports"},"share_on_mastodon":{"url":"https:\/\/pubeurope.com\/@fr\/115452185378408902","error":""},"_links":{"self":[{"href":"https:\/\/www.europesays.com\/fr\/wp-json\/wp\/v2\/posts\/495547","targetHints":{"allow":["GET"]}}],"collection":[{"href":"https:\/\/www.europesays.com\/fr\/wp-json\/wp\/v2\/posts"}],"about":[{"href":"https:\/\/www.europesays.com\/fr\/wp-json\/wp\/v2\/types\/post"}],"author":[{"embeddable":true,"href":"https:\/\/www.europesays.com\/fr\/wp-json\/wp\/v2\/users\/2"}],"replies":[{"embeddable":true,"href":"https:\/\/www.europesays.com\/fr\/wp-json\/wp\/v2\/comments?post=495547"}],"version-history":[{"count":0,"href":"https:\/\/www.europesays.com\/fr\/wp-json\/wp\/v2\/posts\/495547\/revisions"}],"wp:featuredmedia":[{"embeddable":true,"href":"https:\/\/www.europesays.com\/fr\/wp-json\/wp\/v2\/media\/495548"}],"wp:attachment":[{"href":"https:\/\/www.europesays.com\/fr\/wp-json\/wp\/v2\/media?parent=495547"}],"wp:term":[{"taxonomy":"category","embeddable":true,"href":"https:\/\/www.europesays.com\/fr\/wp-json\/wp\/v2\/categories?post=495547"},{"taxonomy":"post_tag","embeddable":true,"href":"https:\/\/www.europesays.com\/fr\/wp-json\/wp\/v2\/tags?post=495547"}],"curies":[{"name":"wp","href":"https:\/\/api.w.org\/{rel}","templated":true}]}}