{"id":495549,"date":"2025-10-28T14:09:15","date_gmt":"2025-10-28T14:09:15","guid":{"rendered":"https:\/\/www.europesays.com\/fr\/495549\/"},"modified":"2025-10-28T14:09:15","modified_gmt":"2025-10-28T14:09:15","slug":"quand-willis-scande-le-nom-dahki-nonu-lui-rend-aussi-hommage","status":"publish","type":"post","link":"https:\/\/www.europesays.com\/fr\/495549\/","title":{"rendered":"quand Willis scande le nom d\u2019Ahki, Nonu lui rend aussi hommage"},"content":{"rendered":"<p>Rare sont les joueurs \u00e0 faire l\u2019unanimit\u00e9 comme Pita Ahki. Depuis ses d\u00e9buts dans le Top 14 en 2018, le centre s\u2019est impos\u00e9 comme une r\u00e9f\u00e9rence mondiale. Cl\u00e9 de vo\u00fbte du<a href=\"https:\/\/www.quinzemondial.com\/top-14\/stade-toulousain-deux-prolongations-se-precisent-les-supporters-peuvent-souffler-819985\" target=\"_blank\" rel=\"noopener\"> Stade Toulousain,<\/a> il a \u00e9t\u00e9 l\u2019un des grands artisans des sept titres r\u00e9colt\u00e9s par le club durant cette p\u00e9riode (cinq Brennus, deux Champions Cup).<\/p>\n<p>Ahki ovationn\u00e9 par tout un stade<\/p>\n<p>Ces derniers jours, on apprenait son d\u00e9part anticip\u00e9 aux Auckland Blues. Alors que son d\u00e9part en fin de saison \u00e0 l\u2019issue de son contrat \u00e9tait act\u00e9, Ahki va finalement parti en d\u00e9cembre apr\u00e8s un ultime match face au Racing.<\/p>\n<p>Hors groupe face \u00e0 Toulon mais pr\u00e9sent sur le banc, le centre a \u00e9t\u00e9 film\u00e9 par les cam\u00e9ras de Canal +. Aussit\u00f4t son visage s\u2019affichant sur les \u00e9crans g\u00e9ants, le public <a href=\"https:\/\/www.quinzemondial.com\/top-14\/stade-toulousain-lhommage-magnifique-du-public-du-stadium-pour-pita-ahki-819944\" target=\"_blank\" rel=\"noopener\">pr\u00e9sent au Stadium s\u2019est lev\u00e9 d\u2019un seul homme<\/a> pour l\u2019applaudir chaleureusement et scander son nom.<\/p>\n<p>On peut alors voir Jack Willis, qui venait d\u2019\u00eatre remplac\u00e9, frapper dans ses mains et hurler \u00ab\u00a0Pita\u00a0\u00bb pour rendre hommage \u00e0 son partenaire. Adversaire d\u2019un jour, Ma\u2019a Nonu a \u00e9galement pris le temps de l\u2019applaudir et de lancer un regard complice \u00e0 son compatriote juste avant son entr\u00e9e en jeu.<\/p>\n<blockquote class=\"instagram-media\" style=\"background: #FFF;border: 0;border-radius: 3px;margin: 1px;max-width: 540px;min-width: 326px;padding: 0;width: calc(100% - 2px)\" data-instgrm-captioned=\"\" data-instgrm-permalink=\"https:\/\/www.instagram.com\/reel\/DQTXJd3DLP_\/?utm_source=ig_embed&amp;utm_campaign=loading\" data-instgrm-version=\"14\"\/><p>Partagez cette info avec vos amis et vos proches en cliquant ici<br \/>Pour r\u00e9sumer<\/p>\n<p>Lors de la rencontre entre le Stade Toulousain et le Rugby Club Toulonnais, le Stadium s\u2019est lev\u00e9 pour applaudir Pita Ahki lorsque son visage est apparu sur l\u2019\u00e9cran g\u00e9ant. Le centre a re\u00e7u une \u00e9norme ovation, avec les participations de Jack Willis ou Ma\u2019a Nonu.<\/p>\n<p> <img decoding=\"async\" width=\"76\" height=\"76\" loading=\"lazy\" src=\"https:\/\/www.europesays.com\/fr\/wp-content\/uploads\/2025\/04\/avatar-quinze.png\" alt=\"Arnaud D\u00e9chelotte\"\/><script async src=\"\/\/www.instagram.com\/embed.js\"><\/script><\/p>\n","protected":false},"excerpt":{"rendered":"Rare sont les joueurs \u00e0 faire l\u2019unanimit\u00e9 comme Pita Ahki. Depuis ses d\u00e9buts dans le Top 14 en&hellip;\n","protected":false},"author":2,"featured_media":495550,"comment_status":"","ping_status":"","sticky":false,"template":"","format":"standard","meta":{"footnotes":""},"categories":[1416],"tags":[1011,27,479,1468,60,476,478],"class_list":{"0":"post-495549","1":"post","2":"type-post","3":"status-publish","4":"format-standard","5":"has-post-thumbnail","7":"category-rugby","8":"tag-fr","9":"tag-france","10":"tag-rugby","11":"tag-rugby-football","12":"tag-sports","13":"tag-stade-toulousain","14":"tag-top-14"},"share_on_mastodon":{"url":"https:\/\/pubeurope.com\/@fr\/115452193933178791","error":""},"_links":{"self":[{"href":"https:\/\/www.europesays.com\/fr\/wp-json\/wp\/v2\/posts\/495549","targetHints":{"allow":["GET"]}}],"collection":[{"href":"https:\/\/www.europesays.com\/fr\/wp-json\/wp\/v2\/posts"}],"about":[{"href":"https:\/\/www.europesays.com\/fr\/wp-json\/wp\/v2\/types\/post"}],"author":[{"embeddable":true,"href":"https:\/\/www.europesays.com\/fr\/wp-json\/wp\/v2\/users\/2"}],"replies":[{"embeddable":true,"href":"https:\/\/www.europesays.com\/fr\/wp-json\/wp\/v2\/comments?post=495549"}],"version-history":[{"count":0,"href":"https:\/\/www.europesays.com\/fr\/wp-json\/wp\/v2\/posts\/495549\/revisions"}],"wp:featuredmedia":[{"embeddable":true,"href":"https:\/\/www.europesays.com\/fr\/wp-json\/wp\/v2\/media\/495550"}],"wp:attachment":[{"href":"https:\/\/www.europesays.com\/fr\/wp-json\/wp\/v2\/media?parent=495549"}],"wp:term":[{"taxonomy":"category","embeddable":true,"href":"https:\/\/www.europesays.com\/fr\/wp-json\/wp\/v2\/categories?post=495549"},{"taxonomy":"post_tag","embeddable":true,"href":"https:\/\/www.europesays.com\/fr\/wp-json\/wp\/v2\/tags?post=495549"}],"curies":[{"name":"wp","href":"https:\/\/api.w.org\/{rel}","templated":true}]}}