{"id":495561,"date":"2025-10-28T14:19:11","date_gmt":"2025-10-28T14:19:11","guid":{"rendered":"https:\/\/www.europesays.com\/fr\/495561\/"},"modified":"2025-10-28T14:19:11","modified_gmt":"2025-10-28T14:19:11","slug":"telematin-une-invitee-refuse-clairement-de-parler-de-sa-relation-avec-claude-francois","status":"publish","type":"post","link":"https:\/\/www.europesays.com\/fr\/495561\/","title":{"rendered":"\u00ab\u00a0T\u00e9l\u00e9matin\u00a0\u00bb\u00a0: une invit\u00e9e refuse clairement de parler de sa relation avec Claude Fran\u00e7ois"},"content":{"rendered":"<p>      R\u00e9sum\u00e9<\/p>\n<p>Nicoletta \u00e9tait l&rsquo;invit\u00e9e de \u00ab\u00a0T\u00e9l\u00e9matin\u00a0\u00bb ce lundi 27 octobre \u00e0 l&rsquo;occasion de sa prochaine grande tourn\u00e9e. Plut\u00f4t jovial, elle a radicalement chang\u00e9 de ton lorsqu&rsquo;il a \u00e9t\u00e9 question de parler de Claude Fran\u00e7ois.<\/p>\n<p>        Sommaire<\/p>\n<p><a href=\"https:\/\/www.public.fr\/telematin-maya-lauque-et-damien-thevenot-dans-une-situation-inedite-le-nouveau-plateau-prend-leau-en-direct\" rel=\"nofollow noopener\" target=\"_blank\">Damien Th\u00e9venot et Maya Lauqu\u00e9<\/a> sont <strong>aux manettes de \u00ab\u00a0T\u00e9l\u00e9matin\u00a0\u00bb<\/strong> m\u00eame pendant les vacances de la Toussaint. Et hors de question pour les deux animateurs de proposer \u00e0 leurs t\u00e9l\u00e9spectateurs une \u00e9mission au rabais pendant les cong\u00e9s. Ainsi, leurs chroniqueurs \u00e9taient au rendez-vous tout comme les invit\u00e9s. Ainsi, ce 28\u00a0octobre, <strong><a href=\"https:\/\/www.public.fr\/un-avc-et-une-embolie-pulmonaire-florent-peyre-tres-inquiet-pour-sa-sante\" rel=\"nofollow noopener\" target=\"_blank\">le com\u00e9dien Florent Peyre<\/a> a r\u00e9pondu \u00e0 leur invitation<\/strong> en fin d&rsquo;\u00e9mission alors que la veille c&rsquo;est <strong>Nicoletta <\/strong>qui s&rsquo;est pli\u00e9e \u00e0 l&rsquo;exercice.<\/p>\n<p><a href=\"https:\/\/www.public.fr\/nicoletta-jean-pierre-foucault-contraint-de-lui-couper-la-parole-en-urgence\" rel=\"nofollow noopener\" target=\"_blank\">La chanteuse de 81 ans<\/a> ne semble pas songer \u00e0 la retraite. En effet, en 2026, <a href=\"https:\/\/www.public.fr\/nicoletta-la-chanteuse-de-80-ans-revele-pourquoi-elle-ne-peut-pas-avoir-recours-a-la-chirurgie-esthetique\" rel=\"nofollow noopener\" target=\"_blank\">l&rsquo;artiste<\/a> sera <strong>en tourn\u00e9e partout en France<\/strong> dans les \u00e9glises et les cath\u00e9drales. Un tour de chant au cours duquel elle <strong>reprendra ses plus grands titres <\/strong>comme La Musique ou encore Mamy Blue. \u00c0 l&rsquo;occasion de cet entretien, il a \u00e9t\u00e9 question de son \u00e9volution vocale, de ses fans les plus fid\u00e8les, de son fils ou encore\u2026 <strong>de Claude Fran\u00e7ois<\/strong>. Le chroniqueur de \u00ab\u00a0T\u00e9l\u00e9matin\u00a0\u00bb Adrien Rohart lui a alors simplement demand\u00e9\u00a0: \u00ab\u00a0<strong>Vous en pensez quoi de Claude Fran\u00e7ois\u00a0?<\/strong>\u201d. Il n&rsquo;en fallait pas plus pour braquer et agacer <a href=\"https:\/\/www.public.fr\/aya-namaura-et-santa-dans-le-collimateur-de-nicoletta\" rel=\"nofollow noopener\" target=\"_blank\">la chanteuse<\/a>.<\/p>\n<p><strong>\u201cPlus rien\u201d,<\/strong> a-t-elle r\u00e9pondu s\u00e8chement. \u201cNon mais <strong>je n\u2019ai pas envie d\u2019en parler, c\u2019est ridicule<\/strong>. Je ne veux pas f\u00e2cher les fans de Cloclo alors je ne dirai rien de plus\u201d, a ajout\u00e9 <a href=\"https:\/\/www.public.fr\/nicoletta-sans-filtre-dans-quelle-epoque-la-chanteuse-donne-son-avis-cash-sur-aya-nakamura-claude-francois-rachida-dati\" rel=\"nofollow noopener\" target=\"_blank\">la native de Haute-Savoie<\/a>. Une s\u00e9quence qui a jet\u00e9 un <strong>froid en plateau<\/strong>.<\/p>\n<p>\u00ab\u00a0T\u00e9l\u00e9matin\u00a0\u00bb\u00a0: Nicoletta ne veut pas parler de Claude Fran\u00e7ois, mais que s&rsquo;est-il pass\u00e9\u00a0?<\/p>\n<p>Mais pourquoi tant d&rsquo;animosit\u00e9 entre les deux artistes\u00a0? Par le pass\u00e9, <a href=\"https:\/\/www.google.com\/url?sa=t&amp;source=web&amp;rct=j&amp;opi=89978449&amp;url=https:\/\/vsd.fr\/72935-je-la-trouve-un-peu-vulgaire-nicoletta-se-lache-completement-sur-aya-nakamura\/&amp;ved=2ahUKEwj13_a06caQAxX9fKQEHfGFCfwQFnoECBwQAQ&amp;usg=AOvVaw34BjjGpxYBpPJEGkjzb1iM\" rel=\"nofollow noopener\" target=\"_blank\">la m\u00e8re d&rsquo;Alexandre<\/a> a \u00e9voqu\u00e9 leurs tensions. Si elle n&rsquo;a rien dit dans \u00ab\u00a0T\u00e9l\u00e9matin\u00a0\u00bb, elle s&rsquo;est l\u00e2ch\u00e9e dans l&rsquo;\u00e9mission \u00ab\u00a0En Apart\u00e9\u00a0\u00bb sur Canal+. Un \u00ab\u00a0grand professionnel&#8230;\u00a0\u00bb, a lanc\u00e9 Nathalie L\u00e9vy \u00e0 propos de <a href=\"https:\/\/www.google.com\/url?sa=t&amp;source=web&amp;rct=j&amp;opi=89978449&amp;url=https:\/\/vsd.fr\/57991-claude-francois-aurait-eu-85-ans-comment-un-megot-a-permis-a-sa-fille-illegitime-de-se-faire-connaitre\/&amp;ved=2ahUKEwjlmLvR6saQAxWyVaQEHZAEGswQFnoECBkQAQ&amp;usg=AOvVaw2yZEk_Q9XELqHtiCkfD0MY\" rel=\"nofollow noopener\" target=\"_blank\">Cloclo<\/a>. \u00ab\u00a0Oui dans son genre, il n\u2019y a pas de probl\u00e8me. Je n\u2019ai rien \u00e0 dire l\u00e0-dessus<strong> mais sur le plan humain, ce n\u2019est pas ma tasse de th\u00e9<\/strong>\u00a0\u00bb a pr\u00e9cis\u00e9 Nicoletta.<\/p>\n<p>Nicoletta qui <strong>a fait ses premi\u00e8res parties\u2026 \u00ab\u00a0mais pas longtemps, cinq jours \u00e7a suffit<\/strong> [&#8230;] C\u2019\u00e9tait quelqu\u2019un qui \u00e9tait <strong>tr\u00e8s particulier, tr\u00e8s \u00e9gocentrique<\/strong>\u00a0\u00bb a ajout\u00e9 <a href=\"https:\/\/www.google.com\/url?sa=t&amp;source=web&amp;rct=j&amp;opi=89978449&amp;url=https:\/\/vsd.fr\/73155-je-ne-fais-pas-vivre-ca-a-mes-choristes-nicoletta-explique-cash-pourquoi-elle-na-finalement-pas-chante-pour-la-reouverture-de-notre-dame\/&amp;ved=2ahUKEwj13_a06caQAxX9fKQEHfGFCfwQFnoECBkQAQ&amp;usg=AOvVaw0qYSRnFe1T0-1pXVm3VYq7\" rel=\"nofollow noopener\" target=\"_blank\">l&rsquo;octog\u00e9naire<\/a> avant d&rsquo;en rajouter une couche. \u00ab\u00a0Il n\u2019\u00e9tait <strong>pas tr\u00e8s gentil avec ses camarades<\/strong>. Il n\u2019aimait pas beaucoup les premi\u00e8res parties. Alors, si en plus on avait une voix un peu forte, il squeezait un peu la sono, il enlevait la r\u00e9verb. <strong>Je sortais de sc\u00e8ne, j\u2019avais mal au ventre\u2026<\/strong>\u00ab\u00a0, a-t-elle ajout\u00e9.<\/p>\n<p>Toujours en 2024, au micro de RTL cette fois, elle racontait\u00a0: \u201c<strong>Il changeait le son, il supprimait l\u2019\u00e9cho, il supprimait la r\u00e9verb\u00e9ration, et on souffrait\u2026<\/strong>\u201d. Claude Fran\u00e7ois <strong>sabotait-il les prestations<\/strong> de certains de ses \u00ab\u00a0camarades\u00a0\u00bb\u00a0? Cela ne fait <strong>aucun doute pour Nicoletta<\/strong> qui assure ne pas avoir \u00e9t\u00e9 sa seule victime. \u201cJe ne sais pas quel \u00e9tait son sentiment, mais il ne l\u2019a pas fait qu\u2019\u00e0 moi\u00a0: il le faisait \u00e0 <a href=\"https:\/\/www.google.com\/url?sa=t&amp;source=web&amp;rct=j&amp;opi=89978449&amp;url=https:\/\/vsd.fr\/88699-veronique-sanson-evoque-comme-rarement-auparavant-la-violente-rupture-infligee-a-michel-berger\/&amp;ved=2ahUKEwjy67PL6saQAxV0VqQEHfzkCrcQFnoECB4QAQ&amp;usg=AOvVaw2xYIqyKqCh7Yc9se9I5pY6\" rel=\"nofollow noopener\" target=\"_blank\">V\u00e9ronique Sanson<\/a>, il l\u2019a fait \u00e0 Alain Chamfort\u00a0\u00bb, assure-t-elle.<\/p>\n<p>\n          Hits &amp; People en continu\n        <\/p>\n<p>\n          Public Radio\n        <\/p>\n<p>      Mentionn\u00e9s dans cet article<\/p>\n<p>      Sur le m\u00eame sujet<\/p>\n","protected":false},"excerpt":{"rendered":"R\u00e9sum\u00e9 Nicoletta \u00e9tait l&rsquo;invit\u00e9e de \u00ab\u00a0T\u00e9l\u00e9matin\u00a0\u00bb ce lundi 27 octobre \u00e0 l&rsquo;occasion de sa prochaine grande tourn\u00e9e. Plut\u00f4t&hellip;\n","protected":false},"author":2,"featured_media":495562,"comment_status":"","ping_status":"","sticky":false,"template":"","format":"standard","meta":{"footnotes":""},"categories":[1356],"tags":[12232,10896,58,59,1011,27,2400,594,12721,6705,12959,252,1364],"class_list":{"0":"post-495561","1":"post","2":"type-post","3":"status-publish","4":"format-standard","5":"has-post-thumbnail","7":"category-television","8":"tag-clash","9":"tag-claude-francois","10":"tag-divertissement","11":"tag-entertainment","12":"tag-fr","13":"tag-france","14":"tag-france-televisions","15":"tag-france-2","16":"tag-nicoletta","17":"tag-relations-humaines","18":"tag-telematin","19":"tag-television","20":"tag-tv"},"share_on_mastodon":{"url":"https:\/\/pubeurope.com\/@fr\/115452232567744741","error":""},"_links":{"self":[{"href":"https:\/\/www.europesays.com\/fr\/wp-json\/wp\/v2\/posts\/495561","targetHints":{"allow":["GET"]}}],"collection":[{"href":"https:\/\/www.europesays.com\/fr\/wp-json\/wp\/v2\/posts"}],"about":[{"href":"https:\/\/www.europesays.com\/fr\/wp-json\/wp\/v2\/types\/post"}],"author":[{"embeddable":true,"href":"https:\/\/www.europesays.com\/fr\/wp-json\/wp\/v2\/users\/2"}],"replies":[{"embeddable":true,"href":"https:\/\/www.europesays.com\/fr\/wp-json\/wp\/v2\/comments?post=495561"}],"version-history":[{"count":0,"href":"https:\/\/www.europesays.com\/fr\/wp-json\/wp\/v2\/posts\/495561\/revisions"}],"wp:featuredmedia":[{"embeddable":true,"href":"https:\/\/www.europesays.com\/fr\/wp-json\/wp\/v2\/media\/495562"}],"wp:attachment":[{"href":"https:\/\/www.europesays.com\/fr\/wp-json\/wp\/v2\/media?parent=495561"}],"wp:term":[{"taxonomy":"category","embeddable":true,"href":"https:\/\/www.europesays.com\/fr\/wp-json\/wp\/v2\/categories?post=495561"},{"taxonomy":"post_tag","embeddable":true,"href":"https:\/\/www.europesays.com\/fr\/wp-json\/wp\/v2\/tags?post=495561"}],"curies":[{"name":"wp","href":"https:\/\/api.w.org\/{rel}","templated":true}]}}