{"id":495567,"date":"2025-10-28T14:22:23","date_gmt":"2025-10-28T14:22:23","guid":{"rendered":"https:\/\/www.europesays.com\/fr\/495567\/"},"modified":"2025-10-28T14:22:23","modified_gmt":"2025-10-28T14:22:23","slug":"ce-signe-dans-la-bouche-alerte-sur-la-maladie","status":"publish","type":"post","link":"https:\/\/www.europesays.com\/fr\/495567\/","title":{"rendered":"ce signe dans la bouche alerte sur la maladie"},"content":{"rendered":"<p class=\"post-excerpt\">Une \u00e9tude am\u00e9ricaine vient de mettre en<br \/>\nlumi\u00e8re un lien inattendu entre certaines bact\u00e9ries buccales et le<br \/>\ncancer du pancr\u00e9as. Un indice invisible, mais potentiellement<br \/>\nvital, pour rep\u00e9rer la maladie avant qu\u2019il ne soit trop tard.<\/p>\n<p>Et si votre bouche en savait plus que vous sur votre sant\u00e9 ?<br \/>\nBrossage, fil dentaire, visite annuelle chez le dentiste\u2026 Ces<br \/>\n<a href=\"https:\/\/www.aufeminin.com\/ma-psychologie\/les-personnes-qui-vieillissent-plus-lentement-que-les-autres-ont-generalement-ces-7-habitudes-matinales-tres-simples-s4104025.html\" target=\"_blank\" rel=\"noopener\"><br \/>\n<strong>gestes du quotidien semblent anodins<\/strong><\/a>, mais ils<br \/>\nen disent long sur notre \u00e9tat de sant\u00e9 g\u00e9n\u00e9ral. Une bonne hygi\u00e8ne<br \/>\nbucco-dentaire ne se r\u00e9sume pas \u00e0 des dents blanches ou \u00e0 une<br \/>\nhaleine fra\u00eeche : elle joue un r\u00f4le cl\u00e9 dans la pr\u00e9vention de<br \/>\nnombreuses maladies.<\/p>\n<p>De plus en plus de recherches montrent que la bouche pourrait<br \/>\n\u00eatre un v\u00e9ritable barom\u00e8tre de notre bien-\u00eatre int\u00e9rieur. Apr\u00e8s<br \/>\navoir \u00e9t\u00e9 <strong>li\u00e9e \u00e0 des pathologies cardiaques ou encore \u00e0 la<br \/>\nmaladie d\u2019Alzheimer<\/strong>, la sant\u00e9 buccale se retrouve<br \/>\naujourd\u2019hui au c\u0153ur d\u2019une d\u00e9couverte surprenante. Certains microbes<br \/>\npr\u00e9sents dans la bouche pourraient \u00eatre associ\u00e9s \u00e0 un risque accru<br \/>\nde cancer du pancr\u00e9as.<\/p>\n<p>Ce signe rep\u00e9r\u00e9 dans la bouche pourrait permettre un diagnostic<br \/>\npr\u00e9coce<\/p>\n<p>Surnomm\u00e9 le \u201ctueur silencieux\u201d, <a href=\"https:\/\/www.aufeminin.com\/sante-femme\/cancer-pancreas-taux-survie-faible-passez-a-cote-symptome-yeux-jaunes-oncologue-s4089614.html\" target=\"_blank\" rel=\"noopener\"><br \/>\n<strong>le cancer du pancr\u00e9as<\/strong><\/a> est souvent masqu\u00e9, sans<br \/>\nsympt\u00f4mes \u00e9vidents avant un stade avanc\u00e9. Mais selon une \u00e9tude de<br \/>\nla <a href=\"https:\/\/nyulangone.org\/news\/oral-microbes-linked-increased-risk-pancreatic-cancer\" target=\"_blank\" rel=\"noopener\"><br \/>\nNYU Langone Health et du Perlmutter Cancer Center<\/a>,<br \/>\npubli\u00e9e en 2025 dans <a href=\"https:\/\/jamanetwork.com\/journals\/jamaoncology\/article-abstract\/2839132\" target=\"_blank\" rel=\"noopener\"><br \/>\nJAMA Oncology<\/a>, certains microbes pr\u00e9sents dans la<br \/>\nbouche pourraient changer la donne. Les chercheurs ont analys\u00e9 les<br \/>\n\u00e9chantillons de salive de plus de <strong>122 000 personnes en<br \/>\nbonne sant\u00e9<\/strong> sur une p\u00e9riode de neuf ans.<\/p>\n<p>Quel a \u00e9t\u00e9 le verdict ? \u201cParmi les centaines d\u00a0\u00bbesp\u00e8ces de<br \/>\nbact\u00e9ries et de champignons qui vivent dans la bouche des \u00eatres<br \/>\nhumains, 27 ont \u00e9t\u00e9 associ\u00e9es \u00e0 un risque 3,5 fois plus \u00e9lev\u00e9 de<br \/>\nd\u00e9velopper un cancer du pancr\u00e9as\u201d, rapporte l\u2019\u00e9tude. Les trois<br \/>\nprincipales bact\u00e9ries identifi\u00e9es \u00e9taient : Porphyromonas<br \/>\ngingivalis, Eubacterium nodatum et Parvimonas micra, d\u00e9j\u00e0 bien<br \/>\n<a href=\"https:\/\/www.aufeminin.com\/forme\/sante-femme\/alzheimer-2\/alzheimer-cause-maladie-pourrait-provenir-de-votre-bouche-selon-une-etude-2648946.html\" target=\"_blank\" rel=\"noopener\"><br \/>\n<strong>connues pour leur r\u00f4le dans les maladies des<br \/>\ngencives.<\/strong><\/a><\/p>\n<p><img loading=\"lazy\" decoding=\"async\" itemprop=\"thumbnailUrl\" class=\"alignnone size-large wp-image-2670430 img-responsive pinit-here\" src=\"https:\/\/www.europesays.com\/fr\/wp-content\/uploads\/2025\/10\/cancer-du-pancreas-bonne-hygiene-buccal-1024x603.png\" alt=\"\" width=\"1024\" height=\"603\" data-pin-media=\"https:\/\/sf2.afcdn.com\/wp-content\/uploads\/aufeminin\/2025\/10\/cancer-du-pancreas-bonne-hygiene-buccal-736x433.png\"\/><br \/>\n\u00a9<br \/>\nshutterstock_van Moreno sl3<br \/>\nCancer du pancr\u00e9as : les microbes buccaux comme indicateur de<br \/>\nrisque<\/p>\n<p>Ces d\u00e9couvertes ouvrent une nouvelle voie : celle du<br \/>\n<strong>diagnostic pr\u00e9coce non invasif gr\u00e2ce \u00e0 l&rsquo;analyse des<br \/>\nbact\u00e9ries pr\u00e9sentes dans la bouche.<\/strong> \u201cLes<br \/>\noncologues pourraient \u00eatre en mesure d&rsquo;identifier les personnes qui<br \/>\nont le plus besoin d&rsquo;un d\u00e9pistage du cancer du pancr\u00e9as\u201d, a<br \/>\nd\u00e9clar\u00e9 Jiyoung Ahn, PhD, co-auteur principal de l&rsquo;\u00e9tude et<br \/>\nprofesseur aux d\u00e9partements de sant\u00e9 publique et de m\u00e9decine de la<br \/>\nNYU Grossman School of Medicine.<\/p>\n<p>Pour le Dr Richard Hayes, coauteur principal de l&rsquo;\u00e9tude et<br \/>\ndocteur en chirurgie dentaire, le brossage de dents est primordial.<br \/>\n\u201cIl est plus clair que jamais que <a href=\"https:\/\/www.aufeminin.com\/dossiers\/je-suis-dentiste-et-voici-la-routine-bucco-dentaire-a-suivre-pour-obtenir-des-dents-blanches-et-une-bonne-haleine-s4093233.html\" target=\"_blank\" rel=\"noopener\"><br \/>\n<strong>se brosser les dents et utiliser du fil<br \/>\ndentaire<\/strong><\/a> peuvent non seulement aider \u00e0 pr\u00e9venir les<br \/>\nmaladies parodontales, mais aussi prot\u00e9ger contre le cancer.\u201d<br \/>\nToutefois, si l\u2019\u00e9tude visait \u00e0 identifier la corr\u00e9lation entre le<br \/>\nrisque de maladie et les microbes buccaux, elle n\u2019\u00e9tablit pas un<br \/>\nlien direct de cause \u00e0 effet. Le Dr Hayes explique que des<br \/>\nrecherches suppl\u00e9mentaires devront \u00eatre men\u00e9es, en partie sur le<br \/>\nmicrobiome buccal, pour comprendre comment il pourrait affecter les<br \/>\nchances de survie des patients.<\/p>\n<p>Pr\u00e9venir le cancer du pancr\u00e9as par son mode de vie<\/p>\n<p>Si la sant\u00e9 buccale peut jouer un r\u00f4le sur le pancr\u00e9as, il ne<br \/>\nfaut pas oublier le reste. En effet, d\u2019autres facteurs \u00e0 risques<br \/>\ncomme <strong>le tabac<\/strong>, <strong>le diab\u00e8te<\/strong>,<br \/>\n<strong>le surpoids<\/strong> et <strong>l\u2019alimentation<\/strong><br \/>\njouent aussi un r\u00f4le majeur. Le cancer du pancr\u00e9as touche surtout<br \/>\napr\u00e8s 60 ans et reste difficile \u00e0 diagnostiquer t\u00f4t, comme le<br \/>\nrappelle l\u2019\u00e9tude. D\u2019autres sympt\u00f4mes souvent confondus avec<br \/>\n<a href=\"https:\/\/www.aufeminin.com\/forme\/ces-7-symptomes-digestifs-dont-vous-devez-absolument-parler-a-votre-medecin-2648882.html\" target=\"_blank\" rel=\"noopener\"><br \/>\n<strong>d\u2019autres troubles digestifs<\/strong><\/a> doivent pourtant<br \/>\n\u00eatre pris en compte pour permettre un meilleur diagnostic. En ligne<br \/>\nde mire : les douleurs abdominales, la perte de poids ou la<br \/>\njaunisse.<\/p>\n<p>Les experts rappellent qu\u2019un mode de vie sain peut r\u00e9duire les<br \/>\nrisques. Il est donc \u00e9vident qu\u2019il faille maintenir <strong>une<br \/>\nbonne hygi\u00e8ne bucco-dentaire avant toute chose<\/strong>. D\u2019autre<br \/>\npart, un \u00e9quilibre global avec une pratique sportive r\u00e9guli\u00e8re, des<br \/>\nvisites m\u00e9dicales, ou encore une consommation d\u2019alcool sans exc\u00e8s<br \/>\npourraient aider \u00e0 pr\u00e9venir la maladie.<\/p>\n<p><img loading=\"lazy\" decoding=\"async\" class=\"alignnone size-large wp-image-2670431 img-responsive pinit-here\" src=\"https:\/\/www.europesays.com\/fr\/wp-content\/uploads\/2025\/10\/cancer-du-pancreas-prevention-mode-de-vie-diabete-1024x622.png\" alt=\"\" width=\"1024\" height=\"622\" data-pin-media=\"https:\/\/sf2.afcdn.com\/wp-content\/uploads\/aufeminin\/2025\/10\/cancer-du-pancreas-prevention-mode-de-vie-diabete-736x447.png\"\/><br \/>\n\u00a9<br \/>\nshutterstock_Pixel-Shot<\/p>\n","protected":false},"excerpt":{"rendered":"Une \u00e9tude am\u00e9ricaine vient de mettre en lumi\u00e8re un lien inattendu entre certaines bact\u00e9ries buccales et le cancer&hellip;\n","protected":false},"author":2,"featured_media":495568,"comment_status":"","ping_status":"","sticky":false,"template":"","format":"standard","meta":{"footnotes":""},"categories":[10],"tags":[47,61810,16702,1011,27,72,71],"class_list":{"0":"post-495567","1":"post","2":"type-post","3":"status-publish","4":"format-standard","5":"has-post-thumbnail","7":"category-sante","8":"tag-actualite","9":"tag-analyse-sante","10":"tag-cancer-du-pancreas","11":"tag-fr","12":"tag-france","13":"tag-health","14":"tag-sante"},"share_on_mastodon":{"url":"https:\/\/pubeurope.com\/@fr\/115452244772863155","error":""},"_links":{"self":[{"href":"https:\/\/www.europesays.com\/fr\/wp-json\/wp\/v2\/posts\/495567","targetHints":{"allow":["GET"]}}],"collection":[{"href":"https:\/\/www.europesays.com\/fr\/wp-json\/wp\/v2\/posts"}],"about":[{"href":"https:\/\/www.europesays.com\/fr\/wp-json\/wp\/v2\/types\/post"}],"author":[{"embeddable":true,"href":"https:\/\/www.europesays.com\/fr\/wp-json\/wp\/v2\/users\/2"}],"replies":[{"embeddable":true,"href":"https:\/\/www.europesays.com\/fr\/wp-json\/wp\/v2\/comments?post=495567"}],"version-history":[{"count":0,"href":"https:\/\/www.europesays.com\/fr\/wp-json\/wp\/v2\/posts\/495567\/revisions"}],"wp:featuredmedia":[{"embeddable":true,"href":"https:\/\/www.europesays.com\/fr\/wp-json\/wp\/v2\/media\/495568"}],"wp:attachment":[{"href":"https:\/\/www.europesays.com\/fr\/wp-json\/wp\/v2\/media?parent=495567"}],"wp:term":[{"taxonomy":"category","embeddable":true,"href":"https:\/\/www.europesays.com\/fr\/wp-json\/wp\/v2\/categories?post=495567"},{"taxonomy":"post_tag","embeddable":true,"href":"https:\/\/www.europesays.com\/fr\/wp-json\/wp\/v2\/tags?post=495567"}],"curies":[{"name":"wp","href":"https:\/\/api.w.org\/{rel}","templated":true}]}}