{"id":495577,"date":"2025-10-28T14:28:14","date_gmt":"2025-10-28T14:28:14","guid":{"rendered":"https:\/\/www.europesays.com\/fr\/495577\/"},"modified":"2025-10-28T14:28:14","modified_gmt":"2025-10-28T14:28:14","slug":"disparus-dans-le-marais-poitevin-un-deuxieme-corps-retrouve","status":"publish","type":"post","link":"https:\/\/www.europesays.com\/fr\/495577\/","title":{"rendered":"Disparus dans le Marais poitevin : un deuxi\u00e8me corps retrouv\u00e9"},"content":{"rendered":"<p>Aux alentours de 10\u00a0h\u00a045 ce mardi 28\u00a0octobre 2025, le corps d\u2019un deuxi\u00e8me homme a \u00e9t\u00e9 retrouv\u00e9 dans l\u2019eau \u00e0 La Garette, commune de Sansais, dans le Marais poitevin. Les recherches s\u2019\u00e9taient poursuivies toute la matin\u00e9e, apr\u00e8s que la veille, lundi 27\u00a0octobre, <a target=\"_blank\" href=\"https:\/\/www.lanouvellerepublique.fr\/deux-sevres\/commune\/coulon\/c-est-dramatique-un-corps-decouvert-immerge-dans-le-marais-poitevin-les-recherches-se-poursuivent-dans-les-deux-sevres-1761597696\" rel=\"nofollow noopener\">un premier corps immerg\u00e9 avait \u00e9t\u00e9 d\u00e9couvert<\/a>. Depuis la soir\u00e9e du samedi 25\u00a0octobre, deux hommes de 47\u00a0ans originaires du Maine-et-Loire <a target=\"_self\" href=\"https:\/\/www.lanouvellerepublique.fr\/deux-sevres\/commune\/coulon\/deux-sevres-les-gendarmes-recherchent-deux-quadragenaires-dans-le-marais-une-enquete-ouverte-pour-disparition-inquietante-1761513105\" rel=\"nofollow noopener\">\u00e9taient port\u00e9s disparus<\/a> apr\u00e8s qu\u2019ils avaient quitt\u00e9 le g\u00eete qu\u2019ils louaient avec un groupe. Ils \u00e9taient partis se promener \u00e0 bord d\u2019un cano\u00eb \u00e0 fond plat.<\/p>\n<p>Le corps d\u00e9couvert ce 28\u00a0octobre est \u00ab\u00a0celui d\u2019un homme immerg\u00e9 \u00e0 moins de 5\u00a0m du lieu de d\u00e9couverte du pr\u00e9c\u00e9dent corps. Une autopsie a \u00e9t\u00e9 ordonn\u00e9e dans le but de pr\u00e9ciser les raisons de son d\u00e9c\u00e8s et de proc\u00e9der \u00e0 son identification\u00a0\u00bb, indique dans un communiqu\u00e9 la procureure de la R\u00e9publique, Sophie Lacote.<\/p>\n<p>Ce mardi, les recherches, sous la direction du chef d\u2019escadron Rodolphe Malochet, commandant de la compagnie de gendarmerie de <a target=\"_blank\" href=\"https:\/\/www.lanouvellerepublique.fr\/niort\" rel=\"nofollow noopener\">Niort<\/a>, ont mobilis\u00e9 comme la veille des plongeurs de la brigade nautique de La\u00a0Rochelle (Charente-Maritime) mais aussi des civils qui y ont particip\u00e9 \u00e0 bord de leurs propres embarcations, ou \u00e0 pied en fouillant les berges. Les plongeurs avaient pr\u00e9vu de recourir \u00e0 un sonar. Une aide pr\u00e9cieuse alors que, pass\u00e9 un m\u00e8tre de profondeur, la visibilit\u00e9 est pour ainsi dire nulle \u00e0 cet endroit.<\/p>\n<p><img alt=\"Le manque de visibilit\u00e9 au fond de l\u2019eau a compliqu\u00e9 le travail des plongeurs.\" loading=\"lazy\" width=\"980\" height=\"573\" decoding=\"async\" data-nimg=\"1\" class=\"img-responsive spinner-show\" style=\"color:transparent;background-size:cover;background-position:50% 50%;background-repeat:no-repeat;background-image:url(&quot;data:image\/svg+xml;charset=utf-8,%3Csvg xmlns='http:\/\/www.w3.org\/2000\/svg' viewBox='0 0 980 573'%3E%3Cfilter id='b' color-interpolation-filters='sRGB'%3E%3CfeGaussianBlur stdDeviation='20'\/%3E%3CfeColorMatrix values='1 0 0 0 0 0 1 0 0 0 0 0 1 0 0 0 0 0 100 -1' result='s'\/%3E%3CfeFlood x='0' y='0' width='100%25' height='100%25'\/%3E%3CfeComposite operator='out' in='s'\/%3E%3CfeComposite in2='SourceGraphic'\/%3E%3CfeGaussianBlur stdDeviation='20'\/%3E%3C\/filter%3E%3Cimage width='100%25' height='100%25' x='0' y='0' preserveAspectRatio='none' style='filter: url(%23b);' href='https:\/\/images.lanouvellerepublique.fr\/image\/upload\/t_88w\/f_auto\/6900c36f92cf197a518b46af.jpg'\/%3E%3C\/svg%3E&quot;)\"   src=\"https:\/\/www.europesays.com\/fr\/wp-content\/uploads\/2025\/10\/6900c36f92cf197a518b46af.jpg\"\/><\/p>\n<p style=\"background-color:#F2F2F2;padding:5px;margin-top:0px;margin-bottom:10px\">Le manque de visibilit\u00e9 au fond de l\u2019eau a compliqu\u00e9 le travail des plongeurs.<br \/> \u00a9 (Photo NR, Jean-Andr\u00e9 Boutier)<\/p>\n<p>Lundi 27\u00a0octobre, le corps d\u2019un des deux disparus avait \u00e9t\u00e9 retrouv\u00e9 \u00e0 50\u00a0m en amont de l\u2019embarcation. Celle-ci, vide et retourn\u00e9e, se trouvait dans le bief du Biffour, entre les conches du Ch\u00e2teau et Berg\u00e8re. Le corps \u00e9tait immerg\u00e9 \u00e0 environ 2,50\u00a0m de profondeur.\u00a0Parall\u00e8lement \u00e0 ces recherches, la communaut\u00e9 de brigades de Frontenay-Rohan-Rohan m\u00e8ne l\u2019enqu\u00eate sur un plan judiciaire et proc\u00e8de \u00e0 l\u2019audition de t\u00e9moins, notamment les propri\u00e9taires du g\u00eete lou\u00e9 au cours de ce week-end.<\/p>\n<p><strong>&gt;\u00a0\u00c0 LIRE AUSSI. <\/strong><a target=\"_self\" href=\"https:\/\/www.lanouvellerepublique.fr\/deux-sevres\/commune\/coulon\/c-est-dramatique-un-corps-decouvert-immerge-dans-le-marais-poitevin-les-recherches-se-poursuivent-dans-les-deux-sevres-1761597696\" rel=\"nofollow noopener\">\u00ab\u00a0C\u2019est dramatique\u00a0\u00bb\u00a0: un corps d\u00e9couvert immerg\u00e9 dans le Marais poitevin, les recherches se poursuivent dans les Deux-S\u00e8vres<\/a><\/p>\n","protected":false},"excerpt":{"rendered":"Aux alentours de 10\u00a0h\u00a045 ce mardi 28\u00a0octobre 2025, le corps d\u2019un deuxi\u00e8me homme a \u00e9t\u00e9 retrouv\u00e9 dans l\u2019eau&hellip;\n","protected":false},"author":2,"featured_media":495578,"comment_status":"","ping_status":"","sticky":false,"template":"","format":"standard","meta":{"footnotes":""},"categories":[4],"tags":[1392,11,2545,274,1011,27,3381,61815,12,25,61546],"class_list":{"0":"post-495577","1":"post","2":"type-post","3":"status-publish","4":"format-standard","5":"has-post-thumbnail","7":"category-france","8":"tag-a-la-une-local","9":"tag-actualites","10":"tag-deux-sevres","11":"tag-faits-divers-justice","12":"tag-fr","13":"tag-france","14":"tag-gendarmerie","15":"tag-marais-poitevin","16":"tag-news","17":"tag-republique-francaise","18":"tag-sansais"},"share_on_mastodon":{"url":"https:\/\/pubeurope.com\/@fr\/115452268718933725","error":""},"_links":{"self":[{"href":"https:\/\/www.europesays.com\/fr\/wp-json\/wp\/v2\/posts\/495577","targetHints":{"allow":["GET"]}}],"collection":[{"href":"https:\/\/www.europesays.com\/fr\/wp-json\/wp\/v2\/posts"}],"about":[{"href":"https:\/\/www.europesays.com\/fr\/wp-json\/wp\/v2\/types\/post"}],"author":[{"embeddable":true,"href":"https:\/\/www.europesays.com\/fr\/wp-json\/wp\/v2\/users\/2"}],"replies":[{"embeddable":true,"href":"https:\/\/www.europesays.com\/fr\/wp-json\/wp\/v2\/comments?post=495577"}],"version-history":[{"count":0,"href":"https:\/\/www.europesays.com\/fr\/wp-json\/wp\/v2\/posts\/495577\/revisions"}],"wp:featuredmedia":[{"embeddable":true,"href":"https:\/\/www.europesays.com\/fr\/wp-json\/wp\/v2\/media\/495578"}],"wp:attachment":[{"href":"https:\/\/www.europesays.com\/fr\/wp-json\/wp\/v2\/media?parent=495577"}],"wp:term":[{"taxonomy":"category","embeddable":true,"href":"https:\/\/www.europesays.com\/fr\/wp-json\/wp\/v2\/categories?post=495577"},{"taxonomy":"post_tag","embeddable":true,"href":"https:\/\/www.europesays.com\/fr\/wp-json\/wp\/v2\/tags?post=495577"}],"curies":[{"name":"wp","href":"https:\/\/api.w.org\/{rel}","templated":true}]}}