{"id":495579,"date":"2025-10-28T14:29:14","date_gmt":"2025-10-28T14:29:14","guid":{"rendered":"https:\/\/www.europesays.com\/fr\/495579\/"},"modified":"2025-10-28T14:29:14","modified_gmt":"2025-10-28T14:29:14","slug":"alldritt-sous-la-menace-guillard-fickou-barassi-au-centre-les-premieres-tendances","status":"publish","type":"post","link":"https:\/\/www.europesays.com\/fr\/495579\/","title":{"rendered":"Alldritt sous la menace Guillard, Fickou-Barassi au centre\u2026 Les premi\u00e8res tendances"},"content":{"rendered":"<p>\n    L\u2019entra\u00eenement des Bleus, ce mardi au CNR de Marcoussis, a livr\u00e9 des premi\u00e8res indications sur la composition d\u2019\u00e9quipe pour d\u00e9fier l\u2019Afrique du Sud, le 8 novembre.<\/p>\n<p class=\"fig-paragraph\">Deux semaines pour se mettre en ordre de marche. Deux semaines avant d\u2019attaquer par le gros morceau de cette tourn\u00e9e de novembre\u00a0: l\u2019Afrique du Sud double championne du monde. Des retrouvailles explosives deux ans apr\u00e8s\u00a0<a href=\"http:\/\/www.lefigaro.fr\/sports\/rugby\/coupe-du-monde\/france-afrique-du-sud-les-coups-de-coeur-et-coups-de-griffe-de-nos-envoyes-speciaux-20231016\" data-fig-type=\"NewsFlash\" data-gtm-custom-categorie=\"navigation\" data-gtm-custom-action=\"crossclick\" data-gtm-custom-label=\"Contextuel\" data-gtm-event=\"customEventSPE\" data-fig-domain=\"LEFIGARO\" rel=\"nofollow noopener\" target=\"_blank\">le quart de finale de la derni\u00e8re Coupe du monde<\/a>\u00a0perdu au Stade de France (28-29).\u00a0<a href=\"http:\/\/www.lefigaro.fr\/sports\/rugby\/6-nations\/gagner-le-tournoi-est-un-grand-bonheur-et-un-soulagement-fabien-galthie-fixe-le-cap-pour-la-coupe-du-monde-en-australie-20250318\" data-fig-type=\"Article\" data-gtm-custom-categorie=\"navigation\" data-gtm-custom-action=\"crossclick\" data-gtm-custom-label=\"Contextuel\" data-gtm-event=\"customEventSPE\" data-fig-domain=\"LEFIGARO\" rel=\"nofollow noopener\" target=\"_blank\">Fabien Galthi\u00e9<\/a>\u00a0et ses adjoints ont peu de temps pour se pr\u00e9parer \u00e0 ce choc tant attendu, les internationaux ayant rejoint Marcoussis apr\u00e8s la derni\u00e8re journ\u00e9e du Top 14. Ce mardi, les joueurs qui avaient particip\u00e9 au match Toulouse-Toulon de dimanche soir (Aldegheri, Flament, Meafou, Jelonch, Ntamack et Gros) \u00e9taient m\u00e9nag\u00e9s, ils ont assist\u00e9 \u00e0 la s\u00e9ance depuis le bord du terrain.<\/p>\n<p class=\"fig-paragraph\">Comme le staff tricolore va devoir composer avec de nombreuses absences (Dupont, Mauvaka, Atonio, Moefana, Cros, Attissogbe), il y a plusieurs interrogations sur la composition d\u2019\u00e9quipe qui sera align\u00e9e \u00e0 Saint-Denis. Le premier entra\u00eenement ouvert \u00e0 la presse, ce mardi \u00e0 Marcoussis, a donn\u00e9 quelques pistes, quelques indications. Logiquement, Maxime Lucu, qui a retrouv\u00e9 la comp\u00e9tition le week-end dernier, a particip\u00e9 \u00e0 l\u2019entra\u00eenement, se partageant le poste de num\u00e9ro 9 avec Nolann Le Garrec.<\/p>\n<p>                                    <a class=\"fig-a11y-skip a11y-hidden\" href=\"#fig-a11y-skip-main-inarticle\"><br \/>\n        Passer la publicit\u00e9<br \/>\n    <\/a><\/p>\n<p class=\"fig-paragraph\">L\u2019une des principales interrogations concernait le poste de num\u00e9ro 8. Fabien Galthi\u00e9 va-t-il privil\u00e9gier l\u2019exp\u00e9rience de Gr\u00e9gory Alldritt, m\u00eame s\u2019il n\u2019est plus aussi dominant que par le pass\u00e9\u00a0? Ou va-t-il lancer Micka\u00ebl Guillard, r\u00e9v\u00e9lation du dernier Tournoi et convainquant au centre de la troisi\u00e8me ligne cet \u00e9t\u00e9 face aux All Blacks\u00a0? Lors de l\u2019entra\u00eenement de ce jour, le Lyonnais et le Rochelais se partageaient le poste de troisi\u00e8me ligne centre, \u00e0 tour de r\u00f4le. Mais c\u2019est Guillard qui portait le num\u00e9ro 8, Alldritt ayant le 19. Au poste de pilier droit, Fabien Galthi\u00e9 doit \u00e9galement faire sans Uini Atonio (La Rochelle) et Tevita Tatafu (Bayonne), bless\u00e9s, et R\u00e9gis Montagne (Clermont) semble en pole pour d\u00e9buter dans 15 jours.<\/p>\n<p>Ramos excus\u00e9 car il vient d\u2019\u00eatre p\u00e8re<\/p>\n<p class=\"fig-paragraph\">Au centre de l\u2019attaque, Ga\u00ebl Fickou (Racing 92), joueur le plus cap\u00e9 du groupe (96 s\u00e9lections), \u00e9tait associ\u00e9 \u00e0 Pierre-Louis Barassi (Toulouse). Avec Nicolas Depoort\u00e8re (UBB) qui entrait dans la rotation. Thomas Ramos, on le savait, n\u2019\u00e9tait pas pr\u00e9sent lors de ce premier stage car son \u00e9pouse vient d\u2019avoir une petite fille. Il devrait logiquement retrouver son poste \u00e0 l\u2019arri\u00e8re, qui \u00e9tait occup\u00e9 ce mardi par\u00a0<a href=\"http:\/\/www.lefigaro.fr\/sports\/rugby\/top-14\/top-14-tiberghien-prolonge-a-l-aviron-bayonnais-20251010\" data-fig-type=\"NewsFlash\" data-gtm-custom-categorie=\"navigation\" data-gtm-custom-action=\"crossclick\" data-gtm-custom-label=\"Contextuel\" data-gtm-event=\"customEventSPE\" data-fig-domain=\"LEFIGARO\" rel=\"nofollow noopener\" target=\"_blank\">Cheikh Tiberghien<\/a>\u00a0(Bayonne) plut\u00f4t que L\u00e9o Barr\u00e9 (Stade Fran\u00e7ais). Des choix qui devront \u00eatre affin\u00e9s apr\u00e8s deux semaines d\u2019entra\u00eenement.<\/p>\n<p class=\"fig-paragraph\">\u00c0 l\u2019issue de cette premi\u00e8re semaine de pr\u00e9paration, Fabien Galthi\u00e9 d\u00e9signera 23 des 42 joueurs pour \u00eatre prot\u00e9g\u00e9s comme le stipule la convention sign\u00e9e entre la FFR et la LNR, ils ne participeront pas la 9e journ\u00e9e du Top 14 ce week-end. Dans le m\u00eame temps, les autres feront un aller-retour dans leur club.<\/p>\n<p><strong>Programme du XV de France\u00a0:<\/strong><\/p>\n<p class=\"fig-paragraph\">Samedi 8 novembre (21h10)\u00a0:\u00a0<br \/>France-Afrique du Sud (Stade de France)<\/p>\n<p class=\"fig-paragraph\">Samedi 15 novembre (21h10)\u00a0:\u00a0<br \/>France-Fidji (Bordeaux)<\/p>\n<p>                                    <a class=\"fig-a11y-skip a11y-hidden\" href=\"#fig-a11y-skip-main-inarticle_mtf\"><br \/>\n        Passer la publicit\u00e9<br \/>\n    <\/a><\/p>\n<p class=\"fig-paragraph\">Samedi 22 novembre (21h10)\u00a0:\u00a0<br \/>France-Australie (Stade de France)<\/p>\n","protected":false},"excerpt":{"rendered":"L\u2019entra\u00eenement des Bleus, ce mardi au CNR de Marcoussis, a livr\u00e9 des premi\u00e8res indications sur la composition d\u2019\u00e9quipe&hellip;\n","protected":false},"author":2,"featured_media":495580,"comment_status":"","ping_status":"","sticky":false,"template":"","format":"standard","meta":{"footnotes":""},"categories":[2],"tags":[2306,47,11,525,3984,451,64,1011,27,1922,9414,12,1980,479,2259,2307,513],"class_list":{"0":"post-495579","1":"post","2":"type-post","3":"status-publish","4":"format-standard","5":"has-post-thumbnail","7":"category-actualites","8":"tag-6-nations","9":"tag-actualite","10":"tag-actualites","11":"tag-calendrier","12":"tag-composition","13":"tag-coupe-du-monde","14":"tag-equipe-de-france","15":"tag-fr","16":"tag-france","17":"tag-info","18":"tag-marcoussis","19":"tag-news","20":"tag-resultats","21":"tag-rugby","22":"tag-score","23":"tag-six-nations","24":"tag-xv-de-france"},"share_on_mastodon":{"url":"https:\/\/pubeurope.com\/@fr\/115452271908719862","error":""},"_links":{"self":[{"href":"https:\/\/www.europesays.com\/fr\/wp-json\/wp\/v2\/posts\/495579","targetHints":{"allow":["GET"]}}],"collection":[{"href":"https:\/\/www.europesays.com\/fr\/wp-json\/wp\/v2\/posts"}],"about":[{"href":"https:\/\/www.europesays.com\/fr\/wp-json\/wp\/v2\/types\/post"}],"author":[{"embeddable":true,"href":"https:\/\/www.europesays.com\/fr\/wp-json\/wp\/v2\/users\/2"}],"replies":[{"embeddable":true,"href":"https:\/\/www.europesays.com\/fr\/wp-json\/wp\/v2\/comments?post=495579"}],"version-history":[{"count":0,"href":"https:\/\/www.europesays.com\/fr\/wp-json\/wp\/v2\/posts\/495579\/revisions"}],"wp:featuredmedia":[{"embeddable":true,"href":"https:\/\/www.europesays.com\/fr\/wp-json\/wp\/v2\/media\/495580"}],"wp:attachment":[{"href":"https:\/\/www.europesays.com\/fr\/wp-json\/wp\/v2\/media?parent=495579"}],"wp:term":[{"taxonomy":"category","embeddable":true,"href":"https:\/\/www.europesays.com\/fr\/wp-json\/wp\/v2\/categories?post=495579"},{"taxonomy":"post_tag","embeddable":true,"href":"https:\/\/www.europesays.com\/fr\/wp-json\/wp\/v2\/tags?post=495579"}],"curies":[{"name":"wp","href":"https:\/\/api.w.org\/{rel}","templated":true}]}}