{"id":495581,"date":"2025-10-28T14:30:14","date_gmt":"2025-10-28T14:30:14","guid":{"rendered":"https:\/\/www.europesays.com\/fr\/495581\/"},"modified":"2025-10-28T14:30:14","modified_gmt":"2025-10-28T14:30:14","slug":"elle-conduisait-trop-doucement-pour-les-policiers","status":"publish","type":"post","link":"https:\/\/www.europesays.com\/fr\/495581\/","title":{"rendered":"Elle conduisait trop doucement pour les policiers"},"content":{"rendered":"\n<p>Alors qu&rsquo;ils interpellent souvent des chauffards en exc\u00e8s de vitesse, ce lundi 27 octobre, vers 1 heure du matin, les agents de police de Saint-Etienne ont \u00e9t\u00e9 intrigu\u00e9s par une automobiliste qui roulait bien trop doucement au niveau de la rue de la Pareille. Jugeant son comportement suspect, ils d\u00e9cident alors de la contr\u00f4ler. Au volant de cette Renault Clio, ils d\u00e9couvrent une femme de 56 ans qui sent fortement l&rsquo;alcool. Le d\u00e9pistage d\u00e9voilera la pr\u00e9sence d&rsquo;1 gramme 58 d\u2019alcool dans le sang.<\/p>\n<p>La cinquantenaire a reconnu les faits et a affirm\u00e9 avoir commencer \u00e0 consommer de l&rsquo;alcool d\u00e8s le d\u00e9but d\u2019apr\u00e8s-midi. Son permis de conduire a \u00e9t\u00e9 imm\u00e9diatment retir\u00e9 et elle recevra une convocation p\u00e9nale.<\/p>\n","protected":false},"excerpt":{"rendered":"Alors qu&rsquo;ils interpellent souvent des chauffards en exc\u00e8s de vitesse, ce lundi 27 octobre, vers 1 heure du&hellip;\n","protected":false},"author":2,"featured_media":495582,"comment_status":"","ping_status":"","sticky":false,"template":"","format":"standard","meta":{"footnotes":""},"categories":[9653],"tags":[1111,11,15933,2441,2430,1777,674,1011,27,3367,12,1072,25,55668,4001],"class_list":{"0":"post-495581","1":"post","2":"type-post","3":"status-publish","4":"format-standard","5":"has-post-thumbnail","7":"category-saint-etienne","8":"tag-actu","9":"tag-actualites","10":"tag-alcoolemie","11":"tag-arrestation","12":"tag-auvergne-rhone-alpes","13":"tag-eu","14":"tag-europe","15":"tag-fr","16":"tag-france","17":"tag-loire","18":"tag-news","19":"tag-police","20":"tag-republique-francaise","21":"tag-saint_etienne","22":"tag-saint-etienne"},"share_on_mastodon":{"url":"https:\/\/pubeurope.com\/@fr\/115452275828075151","error":""},"_links":{"self":[{"href":"https:\/\/www.europesays.com\/fr\/wp-json\/wp\/v2\/posts\/495581","targetHints":{"allow":["GET"]}}],"collection":[{"href":"https:\/\/www.europesays.com\/fr\/wp-json\/wp\/v2\/posts"}],"about":[{"href":"https:\/\/www.europesays.com\/fr\/wp-json\/wp\/v2\/types\/post"}],"author":[{"embeddable":true,"href":"https:\/\/www.europesays.com\/fr\/wp-json\/wp\/v2\/users\/2"}],"replies":[{"embeddable":true,"href":"https:\/\/www.europesays.com\/fr\/wp-json\/wp\/v2\/comments?post=495581"}],"version-history":[{"count":0,"href":"https:\/\/www.europesays.com\/fr\/wp-json\/wp\/v2\/posts\/495581\/revisions"}],"wp:featuredmedia":[{"embeddable":true,"href":"https:\/\/www.europesays.com\/fr\/wp-json\/wp\/v2\/media\/495582"}],"wp:attachment":[{"href":"https:\/\/www.europesays.com\/fr\/wp-json\/wp\/v2\/media?parent=495581"}],"wp:term":[{"taxonomy":"category","embeddable":true,"href":"https:\/\/www.europesays.com\/fr\/wp-json\/wp\/v2\/categories?post=495581"},{"taxonomy":"post_tag","embeddable":true,"href":"https:\/\/www.europesays.com\/fr\/wp-json\/wp\/v2\/tags?post=495581"}],"curies":[{"name":"wp","href":"https:\/\/api.w.org\/{rel}","templated":true}]}}