{"id":495584,"date":"2025-10-28T14:32:22","date_gmt":"2025-10-28T14:32:22","guid":{"rendered":"https:\/\/www.europesays.com\/fr\/495584\/"},"modified":"2025-10-28T14:32:22","modified_gmt":"2025-10-28T14:32:22","slug":"une-jeune-femme-violee-et-tabassee-en-rentrant-dune-soiree-avec-des-amis-ce-que-lon-sait","status":"publish","type":"post","link":"https:\/\/www.europesays.com\/fr\/495584\/","title":{"rendered":"une jeune femme viol\u00e9e et tabass\u00e9e en rentrant d&rsquo;une soir\u00e9e avec des amis, ce\u00a0que\u00a0l&rsquo;on\u00a0sait"},"content":{"rendered":"<p>            Par<br \/>\n        <strong><br \/>\n            <a href=\"https:\/\/actu.fr\/auteur\/amandine-mehl\" title=\"Consulter tous les articles de Amandine Mehl\" target=\"_blank\" rel=\"noopener\">Amandine Mehl<\/a><br \/>\n        <\/strong><\/p>\n<p>        Publi\u00e9 le<\/p>\n<p>            28 oct. 2025 \u00e0 11h47        <\/p>\n<p>Une jeune femme a \u00e9t\u00e9 <strong>tabass\u00e9e<\/strong> et <strong>viol\u00e9e<\/strong> \u00e0 Nancy, dans le <strong>secteur de la rue Gabriel Mouilleron<\/strong>, samedi 18 octobre 2025 aux alentours de 6h du matin.<\/p>\n<p class=\" wall-content\">Une information rendue publique par <a href=\"https:\/\/c.estrepublicain.fr\/faits-divers-justice\/2025\/10\/24\/il-viole-et-tabasse-une-jeune-femme-apres-l-avoir-abordee-dans-la-rue\" target=\"_blank\" rel=\"noopener\">L\u2019Est R\u00e9publicain<\/a> et confirm\u00e9e par Lorraine Actu aupr\u00e8s du procureur de la R\u00e9publique de Nancy, <strong>Fran\u00e7ois Capin-Dulhoste<\/strong>.<\/p>\n<p>Elle rentrait chez elle apr\u00e8s une soir\u00e9e avec des amis<\/p>\n<p class=\" wall-content\">Selon les premiers \u00e9l\u00e9ments de l\u2019enqu\u00eate, la victime aurait \u00e9t\u00e9 <b>suivie <\/b>par un homme alors qu\u2019elle <strong>rentrait \u00e0 son domicile<\/strong> apr\u00e8s avoir pass\u00e9 la soir\u00e9e avec des amis.<\/p>\n<p class=\" wall-content\">Rentr\u00e9 <strong>de force<\/strong> au sein de l\u2019appartement, l\u2019individu a viol\u00e9 et tabass\u00e9 la jeune femme puis a quitt\u00e9 les lieux.<\/p>\n<p>Un homme interpell\u00e9 et plac\u00e9 en d\u00e9tention provisoire<\/p>\n<p class=\" wall-content\">Men\u00e9e par la division de la criminalit\u00e9 territoriale de la Direction interd\u00e9partementale de la <a href=\"https:\/\/actu.fr\/tag\/police\" target=\"_blank\" rel=\"noopener\">police<\/a> nationale de Meurthe-et-Moselle, sous la direction du parquet de Nancy, l\u2019enqu\u00eate a permis l\u2019<strong>interpellation d\u2019un suspect<\/strong> jeudi 23 octobre.\u00a0<\/p>\n<p class=\" wall-content\">Plac\u00e9 en garde \u00e0 vue et d\u00e9f\u00e9r\u00e9 le lendemain au tribunal judiciaire, une information a \u00e9t\u00e9 ouverte \u00e0 son encontre du <strong>chef de viol<\/strong>. Il a \u00e9t\u00e9 plac\u00e9 en <strong>d\u00e9tention provisoire<\/strong>, conform\u00e9ment aux r\u00e9quisitions du parquet.<\/p>\n<p>Votre r\u00e9gion, votre actu !<\/p>\n<p>Recevez chaque jour les infos qui comptent pour vous.<\/p>\n<p>\t<a href=\"https:\/\/actu.fr\/newsletter\" class=\"ac-btn ac-btn--corner ac-btn--medium ac-btn--blue800\" target=\"_blank\" rel=\"noopener\">S&rsquo;incrire<\/a><br \/>\nLe suspect d\u00e9j\u00e0 sous contr\u00f4le judiciaire pour des faits de viol<\/p>\n<p class=\" wall-content\">D\u2019apr\u00e8s le procureur de la R\u00e9publique de Nancy, le suspect est un <strong>homme \u00e2g\u00e9 de 24 ans<\/strong>.\u00a0<\/p>\n<p class=\" wall-content\">Condamn\u00e9 pour infraction \u00e0 la l\u00e9gislation sur les stup\u00e9fiants lorsqu\u2019il \u00e9tait mineur, il se trouvait <strong>sous contr\u00f4le judiciaire pour des faits de viol sur conjoint<\/strong>, dans le cadre d\u2019une information judiciaire ouverte dans un autre tribunal.<\/p>\n<p class=\" wall-content\">Personnalisez votre actualit\u00e9 en ajoutant vos villes et m\u00e9dias en favori avec <a href=\"https:\/\/moncompte.actu.fr\" title=\"D\u00e9couvez Mon Actu\" rel=\"nofollow noopener\" data-trk=\"{&quot;cta&quot;:{&quot;action&quot;:&quot;https:\\\/\\\/moncompte.actu.fr&quot;,&quot;category&quot;:&quot;mon compte&quot;,&quot;from&quot;:&quot;article footer&quot;,&quot;name&quot;:&quot;Mon actu&quot;,&quot;type&quot;:&quot;cta&quot;}}\" target=\"_blank\">Mon Actu<\/a>.<\/p>\n","protected":false},"excerpt":{"rendered":"Par Amandine Mehl Publi\u00e9 le 28 oct. 2025 \u00e0 11h47 Une jeune femme a \u00e9t\u00e9 tabass\u00e9e et viol\u00e9e&hellip;\n","protected":false},"author":2,"featured_media":413839,"comment_status":"","ping_status":"","sticky":false,"template":"","format":"standard","meta":{"footnotes":""},"categories":[9635],"tags":[1111,11,1777,674,118,1011,27,775,1702,12,1072,25],"class_list":{"0":"post-495584","1":"post","2":"type-post","3":"status-publish","4":"format-standard","5":"has-post-thumbnail","7":"category-nancy","8":"tag-actu","9":"tag-actualites","10":"tag-eu","11":"tag-europe","12":"tag-faits-divers","13":"tag-fr","14":"tag-france","15":"tag-grand-est","16":"tag-nancy","17":"tag-news","18":"tag-police","19":"tag-republique-francaise"},"share_on_mastodon":{"url":"https:\/\/pubeurope.com\/@fr\/115452283792950364","error":""},"_links":{"self":[{"href":"https:\/\/www.europesays.com\/fr\/wp-json\/wp\/v2\/posts\/495584","targetHints":{"allow":["GET"]}}],"collection":[{"href":"https:\/\/www.europesays.com\/fr\/wp-json\/wp\/v2\/posts"}],"about":[{"href":"https:\/\/www.europesays.com\/fr\/wp-json\/wp\/v2\/types\/post"}],"author":[{"embeddable":true,"href":"https:\/\/www.europesays.com\/fr\/wp-json\/wp\/v2\/users\/2"}],"replies":[{"embeddable":true,"href":"https:\/\/www.europesays.com\/fr\/wp-json\/wp\/v2\/comments?post=495584"}],"version-history":[{"count":0,"href":"https:\/\/www.europesays.com\/fr\/wp-json\/wp\/v2\/posts\/495584\/revisions"}],"wp:featuredmedia":[{"embeddable":true,"href":"https:\/\/www.europesays.com\/fr\/wp-json\/wp\/v2\/media\/413839"}],"wp:attachment":[{"href":"https:\/\/www.europesays.com\/fr\/wp-json\/wp\/v2\/media?parent=495584"}],"wp:term":[{"taxonomy":"category","embeddable":true,"href":"https:\/\/www.europesays.com\/fr\/wp-json\/wp\/v2\/categories?post=495584"},{"taxonomy":"post_tag","embeddable":true,"href":"https:\/\/www.europesays.com\/fr\/wp-json\/wp\/v2\/tags?post=495584"}],"curies":[{"name":"wp","href":"https:\/\/api.w.org\/{rel}","templated":true}]}}