{"id":495585,"date":"2025-10-28T14:33:16","date_gmt":"2025-10-28T14:33:16","guid":{"rendered":"https:\/\/www.europesays.com\/fr\/495585\/"},"modified":"2025-10-28T14:33:16","modified_gmt":"2025-10-28T14:33:16","slug":"voici-la-date-douverture-de-la-billetterie","status":"publish","type":"post","link":"https:\/\/www.europesays.com\/fr\/495585\/","title":{"rendered":"voici la date d&rsquo;ouverture de la billetterie"},"content":{"rendered":"<p>            Par<br \/>\n        <strong><br \/>\n            <a href=\"https:\/\/actu.fr\/auteur\/redaction-lorraine\" title=\"Consulter tous les articles de R\u00e9daction Lorraine\" target=\"_blank\" rel=\"noopener\">R\u00e9daction Lorraine<\/a><br \/>\n        <\/strong><\/p>\n<p>        Publi\u00e9 le<\/p>\n<p>            28 oct. 2025 \u00e0 14h29        <\/p>\n<p>Aussi annonc\u00e9e \u00e0 l\u2019affiche du <a href=\"https:\/\/actu.fr\/occitanie\/nimes_30189\/concert-de-katy-perry-a-nimes-comment-avoir-des-places-quels-prix-tout-savoir-sur-la-billetterie_63359395.html\" target=\"_blank\" rel=\"noopener\">Festival de N\u00eemes<\/a> en juillet\u00a02026, la <strong>star de la pop am\u00e9ricaine<\/strong> Katy Perry donnera un concert exceptionnel <strong>dimanche 12\u00a0juillet 2026 \u00e0 20h<\/strong> \u00e0 l\u2019amphith\u00e9\u00e2tre plein air lors du <strong>Nancy Open Air 2026<\/strong>, une date qui s\u2019inscrit dans la cinqui\u00e8me tourn\u00e9e de la chanteuse\u2009: The Lifetimes Tour.<\/p>\n<p class=\" wall-content\">L\u2019artiste aux <strong>multiples disques de diamants\u00a0<\/strong>se produira sur la sc\u00e8ne nanc\u00e9ienne avec son <strong>nouvel album <\/strong>143, le septi\u00e8me album studio de sa carri\u00e8re, et on connait d\u00e9sormais la date d\u2019ouverture de la billetterie.<\/p>\n<p>La date d\u2019ouverture de la billetterie annonc\u00e9e<\/p>\n<p class=\" wall-content\">Si une <a href=\"https:\/\/actu.fr\/grand-est\/nancy_54395\/katy-perry-en-concert-a-nancy-en-2026-une-prevente-organisee-mercredi-voici-comment-obtenir-des-billets_63355890.html\" target=\"_blank\" rel=\"noopener\">pr\u00e9vente exclusive<\/a> est organis\u00e9e demain, <strong>mercredi 29 octobre \u00e0 10h<\/strong>, la <strong>mise en vente officielle<\/strong> des billets est pr\u00e9vue <strong>ce vendredi 31 octobre \u00e0 10h<\/strong>, via la billetterie du Z\u00e9nith et les autres plateformes. Le prix des places est <strong>\u00e0 partir de 62 euros<\/strong>, voici les cat\u00e9gories disponibles\u2009:<\/p>\n<ul class=\" wall-content\">\n<li>Carr\u00e9 or\u2009: places assises num\u00e9rot\u00e9es<\/li>\n<li>Cat\u00e9gorie 1\u2009: places assises num\u00e9rot\u00e9es<\/li>\n<li>Cat\u00e9gorie 2\u2009: places assises num\u00e9rot\u00e9es<\/li>\n<li>Fosse\u2009: placement libre debout<\/li>\n<li>Early\u2009: placement libre debout avec un acc\u00e8s prioritaire 30 minutes avant l\u2019ouverture au public, mais non garantie au-del\u00e0 de 30 minutes.<\/li>\n<\/ul>\n<p class=\" wall-content\">Si vous souhaitez vous inscrire pour <strong>recevoir une alerte<\/strong> pour le d\u00e9but de la mise en vente des billets, vous pouvez cliquer <a href=\"https:\/\/www.ticketmaster.fr\/fr\/manifestation\/katy-perry-billet\/idmanif\/639609\" target=\"_blank\" rel=\"noopener\">ici<\/a>.<\/p>\n<p class=\" wall-content\"><strong>Elyse Jacquemart.<\/strong><\/p>\n<p class=\" wall-content\">Personnalisez votre actualit\u00e9 en ajoutant vos villes et m\u00e9dias en favori avec <a href=\"https:\/\/moncompte.actu.fr\" title=\"D\u00e9couvez Mon Actu\" rel=\"nofollow noopener\" data-trk=\"{&quot;cta&quot;:{&quot;action&quot;:&quot;https:\\\/\\\/moncompte.actu.fr&quot;,&quot;category&quot;:&quot;mon compte&quot;,&quot;from&quot;:&quot;article footer&quot;,&quot;name&quot;:&quot;Mon actu&quot;,&quot;type&quot;:&quot;cta&quot;}}\" target=\"_blank\">Mon Actu<\/a>.<\/p>\n","protected":false},"excerpt":{"rendered":"Par R\u00e9daction Lorraine Publi\u00e9 le 28 oct. 2025 \u00e0 14h29 Aussi annonc\u00e9e \u00e0 l\u2019affiche du Festival de N\u00eemes&hellip;\n","protected":false},"author":2,"featured_media":495586,"comment_status":"","ping_status":"","sticky":false,"template":"","format":"standard","meta":{"footnotes":""},"categories":[9635],"tags":[1111,11,1697,1777,674,1011,27,775,1652,1702,12,25,59855],"class_list":{"0":"post-495585","1":"post","2":"type-post","3":"status-publish","4":"format-standard","5":"has-post-thumbnail","7":"category-nancy","8":"tag-actu","9":"tag-actualites","10":"tag-concert","11":"tag-eu","12":"tag-europe","13":"tag-fr","14":"tag-france","15":"tag-grand-est","16":"tag-loisirs-culture","17":"tag-nancy","18":"tag-news","19":"tag-republique-francaise","20":"tag-zenith-de-nancy"},"share_on_mastodon":{"url":"https:\/\/pubeurope.com\/@fr\/115452287586446830","error":""},"_links":{"self":[{"href":"https:\/\/www.europesays.com\/fr\/wp-json\/wp\/v2\/posts\/495585","targetHints":{"allow":["GET"]}}],"collection":[{"href":"https:\/\/www.europesays.com\/fr\/wp-json\/wp\/v2\/posts"}],"about":[{"href":"https:\/\/www.europesays.com\/fr\/wp-json\/wp\/v2\/types\/post"}],"author":[{"embeddable":true,"href":"https:\/\/www.europesays.com\/fr\/wp-json\/wp\/v2\/users\/2"}],"replies":[{"embeddable":true,"href":"https:\/\/www.europesays.com\/fr\/wp-json\/wp\/v2\/comments?post=495585"}],"version-history":[{"count":0,"href":"https:\/\/www.europesays.com\/fr\/wp-json\/wp\/v2\/posts\/495585\/revisions"}],"wp:featuredmedia":[{"embeddable":true,"href":"https:\/\/www.europesays.com\/fr\/wp-json\/wp\/v2\/media\/495586"}],"wp:attachment":[{"href":"https:\/\/www.europesays.com\/fr\/wp-json\/wp\/v2\/media?parent=495585"}],"wp:term":[{"taxonomy":"category","embeddable":true,"href":"https:\/\/www.europesays.com\/fr\/wp-json\/wp\/v2\/categories?post=495585"},{"taxonomy":"post_tag","embeddable":true,"href":"https:\/\/www.europesays.com\/fr\/wp-json\/wp\/v2\/tags?post=495585"}],"curies":[{"name":"wp","href":"https:\/\/api.w.org\/{rel}","templated":true}]}}