{"id":49559,"date":"2025-04-24T16:14:15","date_gmt":"2025-04-24T16:14:15","guid":{"rendered":"https:\/\/www.europesays.com\/fr\/49559\/"},"modified":"2025-04-24T16:14:15","modified_gmt":"2025-04-24T16:14:15","slug":"super-xiii-deux-matchs-de-super-xiii-un-mercredi-rugby-a-xiii","status":"publish","type":"post","link":"https:\/\/www.europesays.com\/fr\/49559\/","title":{"rendered":"Super XIII &#8211; Deux matchs de Super XIII un mercredi &#8211; Rugby \u00e0 XIII"},"content":{"rendered":"<p style=\"text-align: justify;\"><strong>La FFR XIII a tranch\u00e9, les matchs de la 21\u00e8me journ\u00e9e report\u00e9s \u00e0 cause des intemp\u00e9ries seront rejou\u00e9s en semaine.<\/strong><\/p>\n<p style=\"text-align: justify;\">C\u2019est officiel, les deux matchs de Super XIII et le match U19 qui n\u2019ont pas pu \u00eatre disput\u00e9s en raison des conditions m\u00e9t\u00e9o seront rejou\u00e9s le mercredi 30 avril. Initialement pr\u00e9vues le 19 avril, les rencontres Limoux \u2013 Saint-Gaudens (Super XIII) et Albi \u2013 Carcassonne XIII (U19 et Super XIII) n\u2019ont pas pu se disputer normalement en raison de la pluie et des orages.<\/p>\n<p style=\"text-align: justify;\">\u00c0 l\u2019approche des phases finales et sans weekend de libre, certains pensaient que les matchs ne seraient pas rejou\u00e9s. Mais il n\u2019en est rien. La FFR XIII a d\u00e9cid\u00e9 de rester fid\u00e8le \u00e0 son r\u00e8glement et d\u2019ordonner le report des rencontres susmentionn\u00e9es au mercredi 30 avril. L\u2019heure des matchs doit \u00eatre fix\u00e9e par les clubs recevant, Limoux et Albi.<\/p>\n<p style=\"text-align: justify;\">La course aux demies et aux barrages se r\u00e9glera donc sur le terrain. Albi et Carcassonne se disputent les deux premi\u00e8res places tout en surveillant Pia dans le r\u00e9troviseur tandis que Limoux est en concurrence pour le spot num\u00e9ro 5 avec Villeneuve. Saint-Gaudens est d\u00e9j\u00e0 \u00e9limin\u00e9.<\/p>\n<p><strong>Treize Mondial<br \/><a href=\"https:\/\/www.facebook.com\/13Mondial\" target=\"_blank\" rel=\"noopener\"><img loading=\"lazy\" decoding=\"async\" class=\"alignnone wp-image-217097\" src=\"https:\/\/www.europesays.com\/fr\/wp-content\/uploads\/2025\/04\/logo-facebook.png\" alt=\"\" width=\"40\" height=\"40\"  \/><\/a> <a href=\"https:\/\/twitter.com\/XIIIMondial\" target=\"_blank\" rel=\"noopener\"><img loading=\"lazy\" decoding=\"async\" class=\"alignnone wp-image-217098\" src=\"https:\/\/www.europesays.com\/fr\/wp-content\/uploads\/2025\/04\/logo-twitter.png\" alt=\"\" width=\"39\" height=\"39\"  \/><\/a><\/strong><\/p>\n<p>        <script async src=\"https:\/\/platform.twitter.com\/widgets.js\" charset=\"utf-8\"><\/script><\/p>\n","protected":false},"excerpt":{"rendered":"La FFR XIII a tranch\u00e9, les matchs de la 21\u00e8me journ\u00e9e report\u00e9s \u00e0 cause des intemp\u00e9ries seront rejou\u00e9s&hellip;\n","protected":false},"author":2,"featured_media":49560,"comment_status":"","ping_status":"","sticky":false,"template":"","format":"standard","meta":{"footnotes":""},"categories":[1416],"tags":[7296,14043,14145,14146,1011,27,14147,479,2228,1468,2229,11427,60],"class_list":{"0":"post-49559","1":"post","2":"type-post","3":"status-publish","4":"format-standard","5":"has-post-thumbnail","7":"category-rugby","8":"tag-albi","9":"tag-carcassonne","10":"tag-federation-francaise-de-rugby-a-xiii","11":"tag-ffr-xiii","12":"tag-fr","13":"tag-france","14":"tag-limoux","15":"tag-rugby","16":"tag-rugby-a-xiii","17":"tag-rugby-football","18":"tag-rugby-league","19":"tag-saint-gaudens","20":"tag-sports"},"share_on_mastodon":{"url":"https:\/\/pubeurope.com\/@fr\/114393832787941059","error":""},"_links":{"self":[{"href":"https:\/\/www.europesays.com\/fr\/wp-json\/wp\/v2\/posts\/49559","targetHints":{"allow":["GET"]}}],"collection":[{"href":"https:\/\/www.europesays.com\/fr\/wp-json\/wp\/v2\/posts"}],"about":[{"href":"https:\/\/www.europesays.com\/fr\/wp-json\/wp\/v2\/types\/post"}],"author":[{"embeddable":true,"href":"https:\/\/www.europesays.com\/fr\/wp-json\/wp\/v2\/users\/2"}],"replies":[{"embeddable":true,"href":"https:\/\/www.europesays.com\/fr\/wp-json\/wp\/v2\/comments?post=49559"}],"version-history":[{"count":0,"href":"https:\/\/www.europesays.com\/fr\/wp-json\/wp\/v2\/posts\/49559\/revisions"}],"wp:featuredmedia":[{"embeddable":true,"href":"https:\/\/www.europesays.com\/fr\/wp-json\/wp\/v2\/media\/49560"}],"wp:attachment":[{"href":"https:\/\/www.europesays.com\/fr\/wp-json\/wp\/v2\/media?parent=49559"}],"wp:term":[{"taxonomy":"category","embeddable":true,"href":"https:\/\/www.europesays.com\/fr\/wp-json\/wp\/v2\/categories?post=49559"},{"taxonomy":"post_tag","embeddable":true,"href":"https:\/\/www.europesays.com\/fr\/wp-json\/wp\/v2\/tags?post=49559"}],"curies":[{"name":"wp","href":"https:\/\/api.w.org\/{rel}","templated":true}]}}