{"id":495601,"date":"2025-10-28T14:42:14","date_gmt":"2025-10-28T14:42:14","guid":{"rendered":"https:\/\/www.europesays.com\/fr\/495601\/"},"modified":"2025-10-28T14:42:14","modified_gmt":"2025-10-28T14:42:14","slug":"interdictions-pour-halloween-voici-ce-que-vous-ne-pouvez-pas-faire-en-ille-et-vilaine","status":"publish","type":"post","link":"https:\/\/www.europesays.com\/fr\/495601\/","title":{"rendered":"Interdictions pour Halloween\u00a0: voici ce que vous ne pouvez pas faire en Ille-et-Vilaine"},"content":{"rendered":"<p>Rassurez-vous, il est toujours possible de frapper aux portes de ses voisins pour <a href=\"https:\/\/www.letelegramme.fr\/ille-et-vilaine\/rennes-35000\/a-rennes-ces-trois-legendes-effroyables-ont-terrorise-les-habitants-6689708.php\" target=\"_blank\" rel=\"noopener\">demander \u00ab un bonbon ou un sort \u00bb<\/a>. Cependant, \u00ab la pr\u00e9fet d\u2019Ille-et-Vilaine a pris deux arr\u00eat\u00e9s d\u00e9finissant un ensemble de mesures n\u00e9cessaires au bon d\u00e9roulement des festivit\u00e9s d\u2019Halloween 2025, afin de pr\u00e9venir les incidents et les troubles \u00e0 l\u2019ordre public \u00bb, a fait savoir la pr\u00e9fecture par communiqu\u00e9. Sont concern\u00e9s, les artifices et les produits dangereux.<\/p>\n<p>Feux d\u2019artifice interdits<\/p>\n<p>Depuis ce mardi 28 octobre il est donc interdit \u00ab l\u2019achat, la vente et la cession d\u2019artifices de divertissement et d\u2019articles pyrotechniques (cat\u00e9gories F4, F2 et F3) aux particuliers et \u00e0 toutes personnes ne disposant pas d\u2019un certificat de qualification ou un agr\u00e9ment pr\u00e9fectoral. \u00bb \u00ab L\u00a0utilisation, le port et le transport d\u2019artifices de divertissement, de mortier et articles pyrotechniques de cat\u00e9gories F4, et F2 et F3, sans motif l\u00e9gitime ou hors utilisation professionnelle \u00bb, sont \u00e9galement proscrits.<\/p>\n<p>Produits dangereux et inflammables tr\u00e8s contr\u00f4l\u00e9s<\/p>\n<p>La pr\u00e9fecture fait savoir aussi que \u00ab l\u2019acquisition de bouteilles ou bidons contenant des produits chimiques, des substances ou des m\u00e9langes dangereux, inflammables, corrosifs ou explosifs, sous la forme liquide, solide ou gazeuse par des personnes mineures est interdite. \u00bb Pour les personnes majeures, le port et le transport de ces produits pr\u00e9c\u00e9demment cit\u00e9s sont interdits \u00ab sans motif l\u00e9gitime \u00bb.<\/p>\n<p>Les mineurs accompagn\u00e9s<\/p>\n<p>Le pr\u00e9fet en a profit\u00e9 dans le m\u00eame temps pour rappeler \u00e0 la prudence \u00ab pour s\u2019amuser en toute s\u00e9curit\u00e9 \u00bb. \u00ab Les mineurs doivent \u00eatre accompagn\u00e9s d\u2019au moins un adulte. Les enfants doivent rester group\u00e9s et ne pas entrer dans les maisons. \u00bb Il est conseill\u00e9 \u00e9galement \u00ab d\u2019\u00eatre visibles des conducteurs dans les zones mal \u00e9clair\u00e9es \u00bb en portant \u00ab des v\u00eatements clairs ou r\u00e9tror\u00e9fl\u00e9chissants \u00bb.<\/p>\n","protected":false},"excerpt":{"rendered":"Rassurez-vous, il est toujours possible de frapper aux portes de ses voisins pour demander \u00ab un bonbon ou&hellip;\n","protected":false},"author":2,"featured_media":495602,"comment_status":"","ping_status":"","sticky":false,"template":"","format":"standard","meta":{"footnotes":""},"categories":[2821],"tags":[1111,11,829,24351,1777,674,1011,27,848,12,50972,584,25,3728],"class_list":{"0":"post-495601","1":"post","2":"type-post","3":"status-publish","4":"format-standard","5":"has-post-thumbnail","7":"category-rennes","8":"tag-actu","9":"tag-actualites","10":"tag-bretagne","11":"tag-dinard","12":"tag-eu","13":"tag-europe","14":"tag-fr","15":"tag-france","16":"tag-ille-et-vilaine","17":"tag-news","18":"tag-newsletter-la-rennes-quotidienne","19":"tag-rennes","20":"tag-republique-francaise","21":"tag-saint-malo"},"share_on_mastodon":{"url":"https:\/\/pubeurope.com\/@fr\/115452323033139180","error":""},"_links":{"self":[{"href":"https:\/\/www.europesays.com\/fr\/wp-json\/wp\/v2\/posts\/495601","targetHints":{"allow":["GET"]}}],"collection":[{"href":"https:\/\/www.europesays.com\/fr\/wp-json\/wp\/v2\/posts"}],"about":[{"href":"https:\/\/www.europesays.com\/fr\/wp-json\/wp\/v2\/types\/post"}],"author":[{"embeddable":true,"href":"https:\/\/www.europesays.com\/fr\/wp-json\/wp\/v2\/users\/2"}],"replies":[{"embeddable":true,"href":"https:\/\/www.europesays.com\/fr\/wp-json\/wp\/v2\/comments?post=495601"}],"version-history":[{"count":0,"href":"https:\/\/www.europesays.com\/fr\/wp-json\/wp\/v2\/posts\/495601\/revisions"}],"wp:featuredmedia":[{"embeddable":true,"href":"https:\/\/www.europesays.com\/fr\/wp-json\/wp\/v2\/media\/495602"}],"wp:attachment":[{"href":"https:\/\/www.europesays.com\/fr\/wp-json\/wp\/v2\/media?parent=495601"}],"wp:term":[{"taxonomy":"category","embeddable":true,"href":"https:\/\/www.europesays.com\/fr\/wp-json\/wp\/v2\/categories?post=495601"},{"taxonomy":"post_tag","embeddable":true,"href":"https:\/\/www.europesays.com\/fr\/wp-json\/wp\/v2\/tags?post=495601"}],"curies":[{"name":"wp","href":"https:\/\/api.w.org\/{rel}","templated":true}]}}