{"id":495610,"date":"2025-10-28T14:47:13","date_gmt":"2025-10-28T14:47:13","guid":{"rendered":"https:\/\/www.europesays.com\/fr\/495610\/"},"modified":"2025-10-28T14:47:13","modified_gmt":"2025-10-28T14:47:13","slug":"olivier-giroud-est-incertain-pour-le-match-face-a-nice","status":"publish","type":"post","link":"https:\/\/www.europesays.com\/fr\/495610\/","title":{"rendered":"Olivier Giroud est incertain pour le match face \u00e0 Nice"},"content":{"rendered":"<p>\n    D\u00e9j\u00e0 absent face \u00e0 Metz, le buteur du Losc Olivier Giroud, dont la nature de la blessure n\u2019a pas \u00e9t\u00e9 r\u00e9v\u00e9l\u00e9e, va faire le d\u00e9placement \u00e0 Nice sans la garantie de pouvoir jouer.<\/p>\n<p class=\"fig-paragraph\">Absent contre Metz dimanche, le buteur du Losc\u00a0<a href=\"http:\/\/www.lefigaro.fr\/sports\/football\/ligue-1\/ligue-1-lille-sans-olivier-giroud-contre-metz-20251025\" target=\"_blank\" data-fig-type=\"NewsFlash\" rel=\"noopener\" data-gtm-custom-categorie=\"navigation\" data-gtm-custom-action=\"crossclick\" data-gtm-custom-label=\"Contextuel\" data-gtm-event=\"customEventSPE\" data-fig-domain=\"LEFIGARO\">Olivier Giroud<\/a>\u00a0va faire le d\u00e9placement \u00e0\u00a0<a href=\"http:\/\/www.lefigaro.fr\/sports\/football\/ligue-1\/ligue-1-le-deuxieme-but-est-pour-moi-inexplicable-peste-habib-beye-apres-la-defaite-de-rennes-face-a-nice-20251026\" target=\"_blank\" data-fig-type=\"NewsFlash\" rel=\"nofollow noopener\" data-gtm-custom-categorie=\"navigation\" data-gtm-custom-action=\"crossclick\" data-gtm-custom-label=\"Contextuel\" data-gtm-event=\"customEventSPE\" data-fig-domain=\"LEFIGARO\">Nice<\/a>, pour la 10e journ\u00e9e de Ligue 1 mercredi (19h00), mais \u00abune d\u00e9cision\u00bb quant \u00e0 sa participation sera prise le matin m\u00eame, a annonc\u00e9\u00a0<a href=\"http:\/\/www.lefigaro.fr\/sports\/football\/ligue-europa\/ligue-europa-je-m-en-veux-rale-genesio-apres-la-defaite-de-lille-20251024\" target=\"_blank\" data-fig-type=\"NewsFlash\" rel=\"nofollow noopener\" data-gtm-custom-categorie=\"navigation\" data-gtm-custom-action=\"crossclick\" data-gtm-custom-label=\"Contextuel\" data-gtm-event=\"customEventSPE\" data-fig-domain=\"LEFIGARO\">Bruno Genesio<\/a>. L&rsquo;entra\u00eeneur du club nordiste n&rsquo;a pas souhait\u00e9 r\u00e9v\u00e9ler la nature de la blessure du meilleur buteur de l&rsquo;histoire des Bleus (57 buts en 137 s\u00e9lections), \u00e9voquant \u00able secret m\u00e9dical\u00bb.<\/p>\n<p class=\"fig-paragraph\">En revanche, il est certain que les Dogues devront faire sans\u00a0<a href=\"http:\/\/www.lefigaro.fr\/sports\/football\/ligue-1\/lille-psg-la-joie-de-kylian-mbappe-en-tribunes-apres-le-but-de-son-frere-ethan-contre-paris-20251006\" target=\"_blank\" data-fig-type=\"NewsFlash\" rel=\"nofollow noopener\" data-gtm-custom-categorie=\"navigation\" data-gtm-custom-action=\"crossclick\" data-gtm-custom-label=\"Contextuel\" data-gtm-event=\"customEventSPE\" data-fig-domain=\"LEFIGARO\">Ethan Mbapp<\/a>\u00e9, absent pour la deuxi\u00e8me fois cons\u00e9cutive, apr\u00e8s avoir manqu\u00e9 la d\u00e9monstration face \u00e0 Metz (6-1), et Alexsandro, toujours \u00e0 l&rsquo;infirmerie. \u00abJ&rsquo;esp\u00e8re que pour le match contre Angers (dimanche 2 novembre, NDLR), on aura une bonne nouvelle\u00bb, a dit Bruno Genesio au sujet de son d\u00e9fenseur br\u00e9silien.<\/p>\n<p class=\"fig-body-link\">\n            \u00c0 lire aussi<br \/>\n        <a class=\"fig-body-link__link\" href=\"http:\/\/www.lefigaro.fr\/sports\/football\/ligue-1\/cette-performance-illustre-la-maturite-du-projet-le-psg-evoque-une-saison-record-sur-le-plan-economique-20251028\" target=\"_blank\" data-fig-type=\"NewsFlash\" rel=\"nofollow noopener\" data-gtm-custom-categorie=\"navigation\" data-gtm-custom-action=\"crossclick\" data-gtm-custom-label=\"Contextuel\" data-gtm-event=\"customEventSPE\" data-fig-domain=\"LEFIGARO\"><\/p>\n<p>        \u00abCette performance illustre la maturit\u00e9 du projet\u00bb\u00a0: le PSG \u00e9voque \u00abune saison record\u00bb sur le plan \u00e9conomique<br \/>\n    <\/a>\n<\/p>\n<p>                                    <a class=\"fig-a11y-skip a11y-hidden\" href=\"#fig-a11y-skip-main-inarticle\"><br \/>\n        Passer la publicit\u00e9<br \/>\n    <\/a><\/p>\n<p class=\"fig-paragraph\">L&rsquo;ancien entra\u00eeneur de Lyon et Rennes souhaite voir son \u00e9quipe battre Nice pour \u00abfaire une s\u00e9rie\u00bb\u00a0: \u00abon est sur deux victoires cons\u00e9cutives en championnat, il faudrait arriver \u00e0 encha\u00eener (&#8230;) pour rester au contact des \u00e9quipes devant nous qui avancent tr\u00e8s vite\u00bb, a-t-il affirm\u00e9. \u00abDu c\u00f4t\u00e9 de l&rsquo;OGC Nice, ils sont dans le m\u00eame \u00e9tat d&rsquo;esprit que nous, donc je pense que ce sera un match tr\u00e8s \u00e9quilibr\u00e9 comme l&rsquo;ann\u00e9e derni\u00e8re.\u00bb<\/p>\n","protected":false},"excerpt":{"rendered":"D\u00e9j\u00e0 absent face \u00e0 Metz, le buteur du Losc Olivier Giroud, dont la nature de la blessure n\u2019a&hellip;\n","protected":false},"author":2,"featured_media":495611,"comment_status":"","ping_status":"","sticky":false,"template":"","format":"standard","meta":{"footnotes":""},"categories":[2819],"tags":[1111,11,1777,674,1011,27,2267,12,2401,2268,5959,882,25],"class_list":{"0":"post-495610","1":"post","2":"type-post","3":"status-publish","4":"format-standard","5":"has-post-thumbnail","7":"category-nice","8":"tag-actu","9":"tag-actualites","10":"tag-eu","11":"tag-europe","12":"tag-fr","13":"tag-france","14":"tag-losc","15":"tag-news","16":"tag-nice","17":"tag-ogc-nice","18":"tag-olivier-giroud","19":"tag-provence-alpes-cote-dazur","20":"tag-republique-francaise"},"share_on_mastodon":{"url":"https:\/\/pubeurope.com\/@fr\/115452342733819002","error":""},"_links":{"self":[{"href":"https:\/\/www.europesays.com\/fr\/wp-json\/wp\/v2\/posts\/495610","targetHints":{"allow":["GET"]}}],"collection":[{"href":"https:\/\/www.europesays.com\/fr\/wp-json\/wp\/v2\/posts"}],"about":[{"href":"https:\/\/www.europesays.com\/fr\/wp-json\/wp\/v2\/types\/post"}],"author":[{"embeddable":true,"href":"https:\/\/www.europesays.com\/fr\/wp-json\/wp\/v2\/users\/2"}],"replies":[{"embeddable":true,"href":"https:\/\/www.europesays.com\/fr\/wp-json\/wp\/v2\/comments?post=495610"}],"version-history":[{"count":0,"href":"https:\/\/www.europesays.com\/fr\/wp-json\/wp\/v2\/posts\/495610\/revisions"}],"wp:featuredmedia":[{"embeddable":true,"href":"https:\/\/www.europesays.com\/fr\/wp-json\/wp\/v2\/media\/495611"}],"wp:attachment":[{"href":"https:\/\/www.europesays.com\/fr\/wp-json\/wp\/v2\/media?parent=495610"}],"wp:term":[{"taxonomy":"category","embeddable":true,"href":"https:\/\/www.europesays.com\/fr\/wp-json\/wp\/v2\/categories?post=495610"},{"taxonomy":"post_tag","embeddable":true,"href":"https:\/\/www.europesays.com\/fr\/wp-json\/wp\/v2\/tags?post=495610"}],"curies":[{"name":"wp","href":"https:\/\/api.w.org\/{rel}","templated":true}]}}