{"id":495625,"date":"2025-10-28T14:56:21","date_gmt":"2025-10-28T14:56:21","guid":{"rendered":"https:\/\/www.europesays.com\/fr\/495625\/"},"modified":"2025-10-28T14:56:21","modified_gmt":"2025-10-28T14:56:21","slug":"voici-a-quoi-il-va-ressembler","status":"publish","type":"post","link":"https:\/\/www.europesays.com\/fr\/495625\/","title":{"rendered":"voici \u00e0 quoi il va ressembler"},"content":{"rendered":"<p>            Par<br \/>\n        <strong><br \/>\n            <a href=\"https:\/\/actu.fr\/auteur\/fabien-binacchi\" title=\"Consulter tous les articles de Fabien Binacchi\" target=\"_blank\" rel=\"noopener\">Fabien Binacchi<\/a><br \/>\n        <\/strong><\/p>\n<p>        Publi\u00e9 le<\/p>\n<p>            28 oct. 2025 \u00e0 15h45        <\/p>\n<p>Un chantier de longue haleine. Dans le 1er arrondissement de <a href=\"https:\/\/actu.fr\/marseille\/\" target=\"_blank\" rel=\"noopener\">Marseille,<\/a> le quartier de <a href=\"https:\/\/actu.fr\/tag\/noailles\" target=\"_blank\" rel=\"noopener\">Noailles,<\/a> l\u2019un des plus c\u00e9l\u00e8bres de la cit\u00e9 phoc\u00e9enne, est en pleine m\u00e9tamorphose. Les travaux lanc\u00e9s depuis quelques semaines vont se poursuivre <strong>jusqu\u2019\u00e0 fin 2027.<\/strong><\/p>\n<p class=\" wall-content\">Voici \u00e0 quoi les rues r\u00e9nov\u00e9es vont ressembler.<\/p>\n<p>\u00ab\u2009Une requalification compl\u00e8te des espaces publics\u2009\u00bb<\/p>\n<p class=\" wall-content\">Dans le bas de <strong>la rue d\u2019Aubagne,<\/strong> du cours Saint-Louis \u00e0 la rue Vacon, un concert d\u2019engins et de marteaux rythme depuis plusieurs semaines la vie d\u00e9j\u00e0 bien anim\u00e9e du quartier populaire de Noailles. <strong>Les ouvriers sont repartis de z\u00e9ro.<\/strong> Apr\u00e8s des op\u00e9rations de terrassement, ils posent une \u00e0 une les pierres qui forment le nouveau pavage d\u00e9j\u00e0 visible.<\/p>\n<p class=\" wall-content\">Sur <strong>les rues Longue des Capucins et du Mus\u00e9e,<\/strong> les chantiers vont \u00e9galement bon train. La r\u00e9novation de la rue M\u00e9olan et P\u00e8re Blaise, elle, est d\u00e9j\u00e0 termin\u00e9e.<\/p>\n<p>    <img   decoding=\"async\" loading=\"lazy\" src=\"https:\/\/www.europesays.com\/fr\/wp-content\/uploads\/2025\/10\/molean-1-960x640.jpeg\" alt=\"M\u00e9olan marseille travaux \" width=\"960\" height=\"640\"\/><br \/>\n    Des pav\u00e9s doivent recouvrir le sol de toutes les rues, comme sur la rue M\u00e9olan et P\u00e8re Blaise, o\u00f9 la r\u00e9novation est d\u00e9j\u00e0 achev\u00e9e. (\u00a9Fabien Binacchi \/ actu Marseille)<\/p>\n<p class=\" wall-content\">La Soci\u00e9t\u00e9 publique locale d\u2019am\u00e9nagement d\u2019int\u00e9r\u00eat national Aix Marseille Provence (Spla-in AMP), financ\u00e9e par l\u2019\u00c9tat, la M\u00e9tropole et la Ville dans le cadre du Plan \u00ab\u2009Marseille en Grand\u2009\u00bb, est \u00e0 la man\u0153uvre pour \u00ab\u2009une requalification compl\u00e8te des espaces publics\u2009\u00bb.<\/p>\n<p>    <img   decoding=\"async\" loading=\"lazy\" src=\"https:\/\/www.europesays.com\/fr\/wp-content\/uploads\/2025\/10\/spla-in-amp-point-detape-aout-2025-vdef-960x640.jpeg\" alt=\"Voil\u00e0 \u00e0 quoi va ressembler l'angle des rues Rouvi\u00e8re et d'Aubagne.\" width=\"960\" height=\"640\"\/><br \/>\n    Voil\u00e0 \u00e0 quoi va ressembler l\u2019angle des rues Rouvi\u00e8re et d\u2019Aubagne. (\u00a9Passagers des villes)<\/p>\n<p>Votre r\u00e9gion, votre actu !<\/p>\n<p>Recevez chaque jour les infos qui comptent pour vous.<\/p>\n<p>\t<a href=\"https:\/\/actu.fr\/newsletter\" class=\"ac-btn ac-btn--corner ac-btn--medium ac-btn--blue800\" target=\"_blank\" rel=\"noopener\">S&rsquo;incrire<\/a><br \/>\nLa poursuite de la pi\u00e9tonnisation<\/p>\n<p class=\" wall-content\">La premi\u00e8re phase de ce vaste chantier est pr\u00e9vue <strong>jusqu\u2019\u00e0 mi-f\u00e9vrier\u00a02026.<\/strong> Elle se terminera par la rue Jean-Roque. Les travaux red\u00e9marreront ensuite <strong>de mi-2026 \u00e0 fin 2027<\/strong> pour achever le lifting de la rue d\u2019Aubagne et de toutes les autres qui composent le quartier (en bleu sur le plan ci-dessous)\u2009: Vacon, Pollak, Rouvi\u00e8re, de l\u2019Acad\u00e9mie, de la Pallus, de l\u2019Arc, Ch\u00e2teauredon, Moustiers et Jean-Baptiste Estelle.<\/p>\n<p>    <img   decoding=\"async\" loading=\"lazy\" src=\"https:\/\/www.europesays.com\/fr\/wp-content\/uploads\/2025\/10\/plan-travaux-noailles-960x640.jpg\" alt=\"Les rues en vert sont l'objet de la premi\u00e8re phase de travaux et celles en bleu entreront en chantier d\u00e8s mi-2026.\" width=\"960\" height=\"640\"\/><br \/>\n    Les rues en vert sont l\u2019objet de la premi\u00e8re phase de travaux et celles en bleu entreront en chantier d\u00e8s mi-2026. (\u00a9Spla-in AMP)<\/p>\n<p class=\" wall-content\">Sur chacun de ces axes, la Spla-in promet\u2009:<\/p>\n<ul class=\" wall-content\">\n<li>Un \u00e9largissement de la promenade centrale,<\/li>\n<li>\u00c0 terme, la poursuite de la pi\u00e9tonnisation,<\/li>\n<li>Des plantations aux pieds de certains b\u00e2timents,<\/li>\n<li>Des rev\u00eatements de sols en pierre, qualitatifs et durables,<\/li>\n<li>Une organisation des usages et la mat\u00e9rialisation des emplacements commer\u00e7ants.<\/li>\n<\/ul>\n<p class=\" wall-content\">L\u2019installation de <strong>bancs, fontaines, arceaux \u00e0 v\u00e9los et corbeilles de propret\u00e9<\/strong> et la plantation d\u2019une quarantaine d\u2019arbres sont \u00e9galement au programme des am\u00e9nagements.<\/p>\n<p>En parall\u00e8le de la cr\u00e9ation du \u00ab\u2009lieu ressource\u2009\u00bb rue d\u2019Aubagne<\/p>\n<p class=\" wall-content\">Les travaux concerneront \u00e9galement <strong>les places de la Halle Delacroix, Estelle et du 5\u00a0novembre 2018,<\/strong> rue d\u2019Aubagne, \u00e0 deux pas de l\u00e0 o\u00f9, ce jour-l\u00e0, deux immeubles s\u2019effondraient, faisant 8 morts et 2 bless\u00e9s.<\/p>\n<p class=\" wall-content\">\n    <img   decoding=\"async\" loading=\"lazy\" src=\"https:\/\/www.europesays.com\/fr\/wp-content\/uploads\/2025\/10\/place-des-halles-960x640.jpeg\" alt=\"La future place des Halles Delacroix, entre les rues Vacon et Rouvi\u00e8re.\" width=\"960\" height=\"640\"\/><br \/>\n    La future place des Halles Delacroix, entre les rues Vacon et Rouvi\u00e8re. (\u00a9Passagers des villes)<br \/>\n    <img   decoding=\"async\" loading=\"lazy\" src=\"https:\/\/www.europesays.com\/fr\/wp-content\/uploads\/2025\/10\/place-5-novembre-960x640.jpeg\" alt=\"La place du 5 novembre 2018 va \u00e9galement subir un lifting\" width=\"960\" height=\"640\"\/><br \/>\n    La place du 5 novembre 2018 va \u00e9galement subir un lifting. (\u00a9Passagers des villes)<\/p>\n<p class=\" wall-content\">Dans cette \u00ab\u2009dent creuse\u2009\u00bb form\u00e9e par ces n\u00b063, 65 (mais aussi 67, d\u00e9moli juste apr\u00e8s le drame), <strong>symbole du mal-logement et de l\u2019inaction pass\u00e9e,<\/strong> le chantier a \u00e9galement commenc\u00e9 pour <a href=\"https:\/\/actu.fr\/provence-alpes-cote-d-azur\/marseille_13055\/marseille-rue-d-aubagne-les-travaux-demarrent-mais-divisent-un-geste-vide_62506162.html\" target=\"_blank\" rel=\"noopener\">la cr\u00e9ation d\u2019un \u00ab\u2009lieu ressource\u2009\u00bb.<\/a> Il doit \u00eatre livr\u00e9 d\u00e9but 2026.<\/p>\n<p class=\" wall-content\">Personnalisez votre actualit\u00e9 en ajoutant vos villes et m\u00e9dias en favori avec <a href=\"https:\/\/moncompte.actu.fr\" title=\"D\u00e9couvez Mon Actu\" rel=\"nofollow noopener\" data-trk=\"{&quot;cta&quot;:{&quot;action&quot;:&quot;https:\\\/\\\/moncompte.actu.fr&quot;,&quot;category&quot;:&quot;mon compte&quot;,&quot;from&quot;:&quot;article footer&quot;,&quot;name&quot;:&quot;Mon actu&quot;,&quot;type&quot;:&quot;cta&quot;}}\" target=\"_blank\">Mon Actu<\/a>.<\/p>\n","protected":false},"excerpt":{"rendered":"Par Fabien Binacchi Publi\u00e9 le 28 oct. 2025 \u00e0 15h45 Un chantier de longue haleine. Dans le 1er&hellip;\n","protected":false},"author":2,"featured_media":495626,"comment_status":"","ping_status":"","sticky":false,"template":"","format":"standard","meta":{"footnotes":""},"categories":[2814],"tags":[1111,11,1777,674,1011,27,884,6739,12,6425,882,25,104,2086],"class_list":{"0":"post-495625","1":"post","2":"type-post","3":"status-publish","4":"format-standard","5":"has-post-thumbnail","7":"category-marseille","8":"tag-actu","9":"tag-actualites","10":"tag-eu","11":"tag-europe","12":"tag-fr","13":"tag-france","14":"tag-marseille","15":"tag-metropole-aix-marseille","16":"tag-news","17":"tag-noailles","18":"tag-provence-alpes-cote-dazur","19":"tag-republique-francaise","20":"tag-societe","21":"tag-travaux"},"share_on_mastodon":{"url":"https:\/\/pubeurope.com\/@fr\/115452379647517116","error":""},"_links":{"self":[{"href":"https:\/\/www.europesays.com\/fr\/wp-json\/wp\/v2\/posts\/495625","targetHints":{"allow":["GET"]}}],"collection":[{"href":"https:\/\/www.europesays.com\/fr\/wp-json\/wp\/v2\/posts"}],"about":[{"href":"https:\/\/www.europesays.com\/fr\/wp-json\/wp\/v2\/types\/post"}],"author":[{"embeddable":true,"href":"https:\/\/www.europesays.com\/fr\/wp-json\/wp\/v2\/users\/2"}],"replies":[{"embeddable":true,"href":"https:\/\/www.europesays.com\/fr\/wp-json\/wp\/v2\/comments?post=495625"}],"version-history":[{"count":0,"href":"https:\/\/www.europesays.com\/fr\/wp-json\/wp\/v2\/posts\/495625\/revisions"}],"wp:featuredmedia":[{"embeddable":true,"href":"https:\/\/www.europesays.com\/fr\/wp-json\/wp\/v2\/media\/495626"}],"wp:attachment":[{"href":"https:\/\/www.europesays.com\/fr\/wp-json\/wp\/v2\/media?parent=495625"}],"wp:term":[{"taxonomy":"category","embeddable":true,"href":"https:\/\/www.europesays.com\/fr\/wp-json\/wp\/v2\/categories?post=495625"},{"taxonomy":"post_tag","embeddable":true,"href":"https:\/\/www.europesays.com\/fr\/wp-json\/wp\/v2\/tags?post=495625"}],"curies":[{"name":"wp","href":"https:\/\/api.w.org\/{rel}","templated":true}]}}