{"id":495645,"date":"2025-10-28T15:08:18","date_gmt":"2025-10-28T15:08:18","guid":{"rendered":"https:\/\/www.europesays.com\/fr\/495645\/"},"modified":"2025-10-28T15:08:18","modified_gmt":"2025-10-28T15:08:18","slug":"zelensky-demande-le-soutien-de-leurope-pour-deux-ou-trois-ans-de-combat-contre-moscou","status":"publish","type":"post","link":"https:\/\/www.europesays.com\/fr\/495645\/","title":{"rendered":"Zelensky demande le soutien de l&rsquo;Europe pour \u00ab\u00a0deux ou trois ans\u00a0\u00bb de combat contre Moscou"},"content":{"rendered":"<p class=\"article-p mdl\">L&rsquo;Ukraine aura besoin du <strong>soutien financier de l&rsquo;Europe<\/strong> pendant encore \u00ab\u00a0deux ou trois ans\u00a0\u00bb pour contrer l&rsquo;invasion russe. Lors d&rsquo;un briefing, dont les informations ont \u00e9t\u00e9 publi\u00e9es ce mardi 28 octobre 2025, <strong>Volodymyr Zelensky<\/strong> a rappel\u00e9 la n\u00e9cessit\u00e9 du soutien financier des pays europ\u00e9ens envers Kiev.\u00a0<\/p>\n<p class=\"article-p mdl\">Le pr\u00e9sident ukrainien a notamment fait r\u00e9f\u00e9rence \u00e0 une proposition de la Commission europ\u00e9enne visant \u00e0 d\u00e9bloquer progressivement\u00a0<a class=\"link\" href=\"https:\/\/www.rtl.fr\/actu\/international\/guerre-en-ukraine-des-tentatives-titanesques-de-saper-tout-dialogue-entre-la-russie-et-les-etats-unis-denoncees-par-moscou-7900558549\" rel=\"nofollow noopener\" target=\"_blank\">les avoirs russes<\/a>\u00a0gel\u00e9s pour financer l&rsquo;effort de guerre ukrainien. \u00ab\u00a0J&rsquo;ai de nouveau insist\u00e9 sur ce point aupr\u00e8s de tous les dirigeants europ\u00e9ens\u00a0\u00bb, a-t-il d\u00e9clar\u00e9.\u00a0<\/p>\n<p class=\"article-p mdl\">Sur l&rsquo;utilisation de ces avoirs russes,\u00a0<a class=\"link\" href=\"https:\/\/www.rtl.fr\/actu\/international\/guerre-en-ukraine-les-nouvelles-sanctions-americaines-et-europeennes-peuvent-elles-vraiment-freiner-moscou-7900557632\" rel=\"nofollow noopener\" target=\"_blank\">les pays europ\u00e9ens<\/a>\u00a0ont effectu\u00e9 un premier pas timide, jeudi 23 octobre, en demandant \u00e0 la Commission d&rsquo;explorer les moyens de financer l&rsquo;Ukraine sur les deux ann\u00e9es \u00e0 venir, notamment en utilisant ces avoirs. Immobilis\u00e9s du fait de sanctions occidentales, <strong>ils repr\u00e9sentent quelque 210 milliards d&rsquo;euros<\/strong>.<\/p>\n<p>            Zelensky compte sur Trump<\/p>\n<p class=\"article-p mdl\">Cette proposition sera au menu du sommet europ\u00e9en de d\u00e9cembre, repoussant de facto les arbitrages les plus difficiles. Elle est formul\u00e9e en termes vagues en raison des r\u00e9serves de la <strong>Belgique, pays o\u00f9 se trouve l&rsquo;essentiel des fonds<\/strong>.<\/p>\n<p class=\"article-p mdl\">Selon Volodymyr Zelensky, Kiev a besoin d&rsquo;un \u00ab\u00a0<strong>soutien stable<\/strong>\u00a0\u00bb et de long terme car \u00ab\u00a0on ne sait pas si Poutine relancera une agression ou non apr\u00e8s la fin de cette guerre\u00a0\u00bb.<\/p>\n<p class=\"article-p mdl\">Le pr\u00e9sident ukrainien esp\u00e8re \u00e9galement que <strong>Donald Trump fera pression sur Xi Jinping<\/strong> pour que P\u00e9kin diminue son soutien \u00e0 Moscou et ses importations d&rsquo;hydrocarbures russes. \u00ab\u00a0Cela pourrait \u00eatre l&rsquo;un de ses gestes forts (de Trump, NDLR)\u00a0\u00bb, a insist\u00e9 le pr\u00e9sident ukrainien.\u00a0<\/p>\n<p class=\"article-p mdl\">Sur le front,\u00a0<a class=\"link\" href=\"https:\/\/www.rtl.fr\/actu\/international\/guerre-en-ukraine-la-russie-a-lance-sa-plus-grande-attaque-sur-des-sites-gaziers-7900548584\" rel=\"nofollow noopener\" target=\"_blank\">l&rsquo;arm\u00e9e russe<\/a>\u00a0continue de grignoter du terrain dans certains secteurs, en d\u00e9pit de lourdes pertes, et sans r\u00e9ussir pour l&rsquo;heure \u00e0 accomplir de perc\u00e9e majeure.<\/p>\n<p>    La r\u00e9daction vous recommande<\/p>\n<p class=\"s-newsletter__title\">\n                L\u2019actualit\u00e9 par la r\u00e9daction de RTL dans votre bo\u00eete mail.\n            <\/p>\n<p class=\"s-newsletter__subtitle\">\n                Gr\u00e2ce \u00e0 votre compte RTL abonnez-vous \u00e0 la newsletter RTL info pour suivre toute l&rsquo;actualit\u00e9 au quotidien\n            <\/p>\n<p>\n                                    Lire la suite\n                                <\/p>\n","protected":false},"excerpt":{"rendered":"L&rsquo;Ukraine aura besoin du soutien financier de l&rsquo;Europe pendant encore \u00ab\u00a0deux ou trois ans\u00a0\u00bb pour contrer l&rsquo;invasion russe.&hellip;\n","protected":false},"author":2,"featured_media":495646,"comment_status":"","ping_status":"","sticky":false,"template":"","format":"standard","meta":{"footnotes":""},"categories":[1590],"tags":[11,75,1777,674,107,131,12,220,135,134],"class_list":{"0":"post-495645","1":"post","2":"type-post","3":"status-publish","4":"format-standard","5":"has-post-thumbnail","7":"category-ukraine","8":"tag-actualites","9":"tag-donald-trump","10":"tag-eu","11":"tag-europe","12":"tag-fil-info","13":"tag-guerre-en-ukraine","14":"tag-news","15":"tag-ukraine","16":"tag-vladimir-poutine","17":"tag-volodymyr-zelensky"},"share_on_mastodon":{"url":"https:\/\/pubeurope.com\/@fr\/115452425435573651","error":""},"_links":{"self":[{"href":"https:\/\/www.europesays.com\/fr\/wp-json\/wp\/v2\/posts\/495645","targetHints":{"allow":["GET"]}}],"collection":[{"href":"https:\/\/www.europesays.com\/fr\/wp-json\/wp\/v2\/posts"}],"about":[{"href":"https:\/\/www.europesays.com\/fr\/wp-json\/wp\/v2\/types\/post"}],"author":[{"embeddable":true,"href":"https:\/\/www.europesays.com\/fr\/wp-json\/wp\/v2\/users\/2"}],"replies":[{"embeddable":true,"href":"https:\/\/www.europesays.com\/fr\/wp-json\/wp\/v2\/comments?post=495645"}],"version-history":[{"count":0,"href":"https:\/\/www.europesays.com\/fr\/wp-json\/wp\/v2\/posts\/495645\/revisions"}],"wp:featuredmedia":[{"embeddable":true,"href":"https:\/\/www.europesays.com\/fr\/wp-json\/wp\/v2\/media\/495646"}],"wp:attachment":[{"href":"https:\/\/www.europesays.com\/fr\/wp-json\/wp\/v2\/media?parent=495645"}],"wp:term":[{"taxonomy":"category","embeddable":true,"href":"https:\/\/www.europesays.com\/fr\/wp-json\/wp\/v2\/categories?post=495645"},{"taxonomy":"post_tag","embeddable":true,"href":"https:\/\/www.europesays.com\/fr\/wp-json\/wp\/v2\/tags?post=495645"}],"curies":[{"name":"wp","href":"https:\/\/api.w.org\/{rel}","templated":true}]}}